{"id":11844,"date":"2023-01-14T20:00:08","date_gmt":"2023-01-15T01:00:08","guid":{"rendered":"https:\/\/stemeric.com\/?p=11844"},"modified":"2023-01-14T20:03:30","modified_gmt":"2023-01-15T01:03:30","slug":"evkozi-2-vasarnap-2023-januar-15","status":"publish","type":"post","link":"https:\/\/stemeric.com\/hu\/evkozi-2-vasarnap-2023-januar-15\/","title":{"rendered":"\u00c9VK\u00d6ZI 2. VAS\u00c1RNAP \u2013 2023, janu\u00e1r 15."},"content":{"rendered":"<p><strong>V\u00c1L. ZSOLT\u00c1R: \u00cdme, elj\u00f6v\u00f6k, Uram, hogy teljes\u00edtsem azt, amit k\u00edv\u00e1nsz.<\/strong><\/p>\n<p><strong><u>B\u00d3NA ATYA TOLL\u00c1B\u00d3L<\/u><\/strong><strong>:<\/strong> Nemr\u00e9g kaptam egy k\u00e9rd\u00e9st a szentek n\u00e9vsor\u00e1r\u00f3l, amelyet a r\u00f3mai k\u00e1non (m\u00e1s n\u00e9ven els\u0151 eucharisztikus ima) haszn\u00e1latakor hallunk a szentmis\u00e9ken.<\/p>\n<p>A r\u00f3mai k\u00e1nonnak k\u00e9t list\u00e1ja van a szentekr\u0151l, egy a konszekr\u00e1ci\u00f3 el\u0151tt, egy pedig ut\u00e1na. Az els\u0151 lista a Boldogs\u00e1gos Sz\u0171z M\u00e1ri\u00e1val kezd\u0151dik, aki minden Angyalok \u00e9s Szentek Kir\u00e1lyn\u0151jek\u00e9nt kimagaslik minden szent f\u00f6l\u00e9. K\u00f6vetkezik Szent J\u00f3zsef, aki Krisztus nevel\u0151atyjak\u00e9nt szint\u00e9n kiv\u00e9teles helyet foglal el. Ez ut\u00e1n az eredeti 11 apostol szerepel Szent P\u00e1llal egy\u00fctt, hogy a sz\u00e1m 12 legyen, majd 12 korai v\u00e9rtan\u00fa k\u00f6vetkezik. Ez a 24 v\u00e9rtan\u00fa (J\u00e1nos apostol csoda folyt\u00e1n t\u00fal\u00e9lte az \u00f6v\u00e9t) az Apokalipszis 24 v\u00e9n\u00e9t k\u00e9pviseli (4:4). Ezt a 24 v\u00e9nt \u00fagy \u00e9rtelmezik, hogy a mindk\u00e9t Testamentum \u00f6sszes atyj\u00e1t \u00e9s jelesebb szent embereit jelk\u00e9pezi.<\/p>\n<p>A konszekr\u00e1ci\u00f3 ut\u00e1ni lista Keresztel\u0151 Szent J\u00e1nossal kezd\u0151dik, aki egy nagy szent, hiszen \u0151 a legnagyobb a pr\u00f3f\u00e9t\u00e1k k\u00f6z\u00fcl. Ezut\u00e1n ott tal\u00e1lhat\u00f3 7 f\u00e9rfiszent \u00e9s 7 n\u0151i szent neve. Mivel a 7 a t\u00f6k\u00e9letess\u00e9g sz\u00e1ma, ez a k\u00e9t h\u00e9tb\u0151l \u00e1ll\u00f3 csoport az \u00f6sszes f\u00e9rfi \u00e9s n\u0151i szent teljes sz\u00e1m\u00e1t szimboliz\u00e1lja (teh\u00e1t nincs sz\u00fcks\u00e9g m\u00e1s nevet hozz\u00e1tenni a list\u00e1hoz). A j\u00f6v\u0151ben tal\u00e1n k\u00fcl\u00f6n-k\u00fcl\u00f6n is \u00edrok ezekr\u0151l a szentekr\u0151l.<\/p>\n<p>A szentek felsorol\u00e1sa a k\u00e1nonban eml\u00e9keztet benn\u00fcnket (1) a szentek k\u00f6z\u00f6ss\u00e9g\u00e9r\u0151l sz\u00f3l\u00f3 tan\u00edt\u00e1sr\u00f3l: amikor im\u00e1dkozunk, a f\u00f6ld egyes\u00fcl az \u00e9ggel; (2) a rem\u00e9nyr\u0151l, hogy egyszer vel\u00fck lehet\u00fcnk a mennyek orsz\u00e1g\u00e1ban; (3) \u00e9s arr\u00f3l, hogy a szentek k\u00f6zbenj\u00e1r\u00e1sa \u00e9s a szentek k\u00f6z\u00f6ss\u00e9g\u00e9be vetett hit a legkor\u00e1bbi kereszt\u00e9nyek hit\u00e9nek \u00e9s gyakorlat\u00e1nak r\u00e9sze volt.<\/p>\n<p><strong><u>K\u00d6SZ\u00d6NET:<\/u><\/strong> H\u00e1l\u00e1san k\u00f6sz\u00f6n\u00f6m minden \u00f6nk\u00e9ntes seg\u00edts\u00e9g\u00e9t, akik r\u00e9szt vettek a kar\u00e1csonyi \u00fcnnepek k\u00f6r\u00fcli k\u00e9sz\u00fcletekben: \u00e9nek-zenei szolg\u00e1latban, liturgi\u00e1n\u00e1l val\u00f3 assziszt\u00e1l\u00e1sban, templom d\u00edsz\u00edt\u00e9s\u00e9ben, vir\u00e1gok beszerz\u00e9s\u00e9ben, h\u00e1l\u00f3zati t\u00e1j\u00e9koztat\u00e1sban, takar\u00edt\u00e1sban, kinti \u00e9s benti munk\u00e1latokban egyar\u00e1nt! Isten fizesse meg sokszorosan f\u00e1radoz\u00e1sukat!<\/p>\n<p><strong><u>A J\u00daNIUSI CSIRKE PAPRIK\u00c1S EB\u00c9D<\/u><\/strong> bev\u00e9tele eljutott a k\u00e1rp\u00e1taljai magyarokhoz. Az \u00edr\u00e1sos \u00e9s vide\u00f3s besz\u00e1mol\u00f3 a Bocskai R\u00e1di\u00f3 weboldal\u00e1n tal\u00e1lhat\u00f3: <a href=\"https:\/\/www.bocskairadio.org\/elso-megbizatasom-clevelandi-diszpolgarkent-adomany-szulofalumnak-szurtenek\/\">https:\/\/www.bocskairadio.org\/elso-megbizatasom-clevelandi-diszpolgarkent-adomany-szulofalumnak-szurtenek\/<\/a><\/p>\n<p><strong><u>FARSANGI F\u00c1NK<\/u><\/strong><strong>:<\/strong> Az Olt\u00e1r Egylet asszonyai finom f\u00e1nkot k\u00e9sz\u00edtenek rendel\u00e9sre, egy tucat $16. <strong>A rendel\u00e9st h\u00edvj\u00e1k be janu\u00e1r 18-ig<\/strong> a k\u00f6vetkez\u0151 h\u00f6lgy egyik\u00e9n\u00e9l: Zsula Marika 216-676-5863 vagy M\u00e9sz\u00e1ros M\u00e1ria 440-331-0391. A f\u00e1nk rendel\u00e9st fel lehet venni ak\u00e1r vas\u00e1rnap, janu\u00e1r 22-\u00e1n a 11:15 \u00f3r\u00e1s szentmise el\u00f6tt vagy ut\u00e1n, vagy szombaton, janu\u00e1r 21-\u00e9n, d.u. 4 \u00e9s 5 \u00f3ra k\u00f6z\u00f6tt. K\u00f6sz\u00f6nj\u00fck sz\u00e9pen a kedves t\u00e1mogat\u00e1st!<\/p>\n<p><strong><u>FARSANGI DISZN\u00d3TOROS EB\u00c9D<\/u><\/strong>: <strong>2023. febru\u00e1r 5-\u00e9n, <\/strong>vas\u00e1rnap a szentmise ut\u00e1n (12:45 \u00f3rai kezd\u00e9ssel) tartjuk hagyom\u00e1nyos farsangi eb\u00e9d\u00fcnket. Men\u00fc: hagyom\u00e1nyos h\u00fasleves gazdagon, diszn\u00f3toros s\u00fclt hurka \u00e9s kolb\u00e1sz, p\u00e1rolt cs\u00fclk\u00f6s k\u00e1poszta \u00e9s petrezselymes burgonya k\u00f6rettel. Desszert: farsangi h\u00e1jas-t\u00e9szta, k\u00e1v\u00e9. Eb\u00e9djegy \u00e1ra: $25 feln\u0151tteknek, $12 di\u00e1koknak, 6 \u00e9v aluli gyerekeknek ingyenes. Lekv\u00e1rral t\u00f6lt\u00f6tt h\u00e1jas s\u00fctem\u00e9ny elvitelre is rendelhet\u0151: egy tucat $10. Aki szeretne r\u00e9szt venni, vagy elvitelre rendelni, jelentkezzen febru\u00e1r 1-ig a h\u00f6lgyek egyik\u00e9n\u00e9l: Zsula Marika 216-676-5863 vagy M\u00e9sz\u00e1ros M\u00e1ria 440-331-0391. K\u00f6sz\u00f6nj\u00fck a templom t\u00e1mogat\u00e1s\u00e1t!<\/p>\n<p><strong><u>M\u00c1SODIK GY\u0170JT\u00c9S<\/u><\/strong><strong>:<\/strong> J\u00f6v\u0151 vas\u00e1rnap m\u00e1sodik gy\u0171jt\u00e9s lesz a Latin Amerikai El Salvador-i misszi\u00f3 jav\u00e1ra. K\u00e9rj\u00fck nagylelk\u0171 adom\u00e1nyukat!<\/p>\n<p><strong><u>AZ ONLINE SZENTMISEK\u00d6ZVET\u00cdT\u00c9S<\/u><\/strong><strong>: <\/strong>11:15 \u2013 kor a Szent Imre templomb\u00f3l <a href=\"https:\/\/www.facebook.com\/saintemeric\/\"><strong>https:\/\/www.facebook.com\/saintemeric\/<\/strong><\/a> \u00e9s a <a href=\"https:\/\/stemeric.com\/hu\/\">https:\/\/stemeric.com\/hu\/<\/a> honlapon lesz.<\/p>\n<p><strong>AKIK A H\u00c9TEN \u00dcNNEPLIK SZ\u00dcLET\u00c9S VAGY N\u00c9VNAPJUKAT AZOK SZ\u00c1M\u00c1RA ISTEN \u00c1LD\u00c1S\u00c1T K\u00c9RJ\u00dcK! <\/strong><\/p>\n","protected":false},"excerpt":{"rendered":"<p>V\u00c1L. ZSOLT\u00c1R: \u00cdme, elj\u00f6v\u00f6k, Uram, hogy teljes\u00edtsem azt, amit k\u00edv\u00e1nsz. B\u00d3NA ATYA TOLL\u00c1B\u00d3L: Nemr\u00e9g kaptam egy k\u00e9rd\u00e9st a szentek n\u00e9vsor\u00e1r\u00f3l, amelyet a r\u00f3mai k\u00e1non (m\u00e1s n\u00e9ven els\u0151 eucharisztikus ima) haszn\u00e1latakor hallunk a szentmis\u00e9ken. A r\u00f3mai k\u00e1nonnak k\u00e9t list\u00e1ja van a szentekr\u0151l, egy a konszekr\u00e1ci\u00f3 el\u0151tt, egy pedig ut\u00e1na. Az els\u0151 lista a Boldogs\u00e1gos Sz\u0171z M\u00e1ri\u00e1val [&hellip;]<\/p>\n","protected":false},"author":6,"featured_media":11842,"comment_status":"open","ping_status":"open","sticky":false,"template":"","format":"standard","meta":{"jetpack_post_was_ever_published":false,"_jetpack_newsletter_access":"","_jetpack_dont_email_post_to_subs":false,"_jetpack_newsletter_tier_id":0,"_jetpack_memberships_contains_paywalled_content":false,"_jetpack_memberships_contains_paid_content":false,"footnotes":"","jetpack_publicize_message":"","jetpack_publicize_feature_enabled":true,"jetpack_social_post_already_shared":true,"jetpack_social_options":{"image_generator_settings":{"template":"highway","default_image_id":0,"font":"","enabled":false},"version":2}},"categories":[12],"tags":[],"class_list":["post-11844","post","type-post","status-publish","format-standard","has-post-thumbnail","hentry","category-ertesito"],"yoast_head":"<!-- This site is optimized with the Yoast SEO plugin v27.4 - https:\/\/yoast.com\/product\/yoast-seo-wordpress\/ -->\n<title>\u00c9VK\u00d6ZI 2. VAS\u00c1RNAP \u2013 2023, janu\u00e1r 15. - St. Emeric Church<\/title>\n<meta name=\"robots\" content=\"index, follow, max-snippet:-1, max-image-preview:large, max-video-preview:-1\" \/>\n<link rel=\"canonical\" href=\"https:\/\/stemeric.com\/hu\/evkozi-2-vasarnap-2023-januar-15\/\" \/>\n<meta property=\"og:locale\" content=\"hu_HU\" \/>\n<meta property=\"og:type\" content=\"article\" \/>\n<meta property=\"og:title\" content=\"\u00c9VK\u00d6ZI 2. VAS\u00c1RNAP \u2013 2023, janu\u00e1r 15. - St. Emeric Church\" \/>\n<meta property=\"og:description\" content=\"V\u00c1L. ZSOLT\u00c1R: \u00cdme, elj\u00f6v\u00f6k, Uram, hogy teljes\u00edtsem azt, amit k\u00edv\u00e1nsz. B\u00d3NA ATYA TOLL\u00c1B\u00d3L: Nemr\u00e9g kaptam egy k\u00e9rd\u00e9st a szentek n\u00e9vsor\u00e1r\u00f3l, amelyet a r\u00f3mai k\u00e1non (m\u00e1s n\u00e9ven els\u0151 eucharisztikus ima) haszn\u00e1latakor hallunk a szentmis\u00e9ken. A r\u00f3mai k\u00e1nonnak k\u00e9t list\u00e1ja van a szentekr\u0151l, egy a konszekr\u00e1ci\u00f3 el\u0151tt, egy pedig ut\u00e1na. Az els\u0151 lista a Boldogs\u00e1gos Sz\u0171z M\u00e1ri\u00e1val [&hellip;]\" \/>\n<meta property=\"og:url\" content=\"https:\/\/stemeric.com\/hu\/evkozi-2-vasarnap-2023-januar-15\/\" \/>\n<meta property=\"og:site_name\" content=\"St. Emeric Church\" \/>\n<meta property=\"article:publisher\" content=\"https:\/\/www.facebook.com\/saintemeric\" \/>\n<meta property=\"article:published_time\" content=\"2023-01-15T01:00:08+00:00\" \/>\n<meta property=\"article:modified_time\" content=\"2023-01-15T01:03:30+00:00\" \/>\n<meta property=\"og:image\" content=\"https:\/\/stemeric.com\/wp-content\/uploads\/2023\/01\/Carracci-Saint-John-the-Baptist-Lamb-of-God-3b.jpg\" \/>\n\t<meta property=\"og:image:width\" content=\"974\" \/>\n\t<meta property=\"og:image:height\" content=\"1214\" \/>\n\t<meta property=\"og:image:type\" content=\"image\/jpeg\" \/>\n<meta name=\"author\" content=\"Fr. Bona\" \/>\n<meta name=\"twitter:card\" content=\"summary_large_image\" \/>\n<meta name=\"twitter:label1\" content=\"Szerz\u0151:\" \/>\n\t<meta name=\"twitter:data1\" content=\"Fr. Bona\" \/>\n\t<meta name=\"twitter:label2\" content=\"Becs\u00fclt olvas\u00e1si id\u0151\" \/>\n\t<meta name=\"twitter:data2\" content=\"3 perc\" \/>\n<script type=\"application\/ld+json\" class=\"yoast-schema-graph\">{\"@context\":\"https:\\\/\\\/schema.org\",\"@graph\":[{\"@type\":\"Article\",\"@id\":\"https:\\\/\\\/stemeric.com\\\/hu\\\/evkozi-2-vasarnap-2023-januar-15\\\/#article\",\"isPartOf\":{\"@id\":\"https:\\\/\\\/stemeric.com\\\/hu\\\/evkozi-2-vasarnap-2023-januar-15\\\/\"},\"author\":{\"name\":\"Fr. Bona\",\"@id\":\"https:\\\/\\\/stemeric.com\\\/#\\\/schema\\\/person\\\/bf0d9c9cb88a9bc031b1d708c8fd7c0d\"},\"headline\":\"\u00c9VK\u00d6ZI 2. VAS\u00c1RNAP \u2013 2023, janu\u00e1r 15.\",\"datePublished\":\"2023-01-15T01:00:08+00:00\",\"dateModified\":\"2023-01-15T01:03:30+00:00\",\"mainEntityOfPage\":{\"@id\":\"https:\\\/\\\/stemeric.com\\\/hu\\\/evkozi-2-vasarnap-2023-januar-15\\\/\"},\"wordCount\":790,\"commentCount\":0,\"publisher\":{\"@id\":\"https:\\\/\\\/stemeric.com\\\/#organization\"},\"image\":{\"@id\":\"https:\\\/\\\/stemeric.com\\\/hu\\\/evkozi-2-vasarnap-2023-januar-15\\\/#primaryimage\"},\"thumbnailUrl\":\"https:\\\/\\\/i0.wp.com\\\/stemeric.com\\\/wp-content\\\/uploads\\\/2023\\\/01\\\/Carracci-Saint-John-the-Baptist-Lamb-of-God-3b.jpg?fit=974%2C1214&ssl=1\",\"articleSection\":[\"\u00c9rtes\u00edt\u0151\"],\"inLanguage\":\"hu\",\"potentialAction\":[{\"@type\":\"CommentAction\",\"name\":\"Comment\",\"target\":[\"https:\\\/\\\/stemeric.com\\\/hu\\\/evkozi-2-vasarnap-2023-januar-15\\\/#respond\"]}]},{\"@type\":\"WebPage\",\"@id\":\"https:\\\/\\\/stemeric.com\\\/hu\\\/evkozi-2-vasarnap-2023-januar-15\\\/\",\"url\":\"https:\\\/\\\/stemeric.com\\\/hu\\\/evkozi-2-vasarnap-2023-januar-15\\\/\",\"name\":\"\u00c9VK\u00d6ZI 2. VAS\u00c1RNAP \u2013 2023, janu\u00e1r 15. - St. Emeric Church\",\"isPartOf\":{\"@id\":\"https:\\\/\\\/stemeric.com\\\/#website\"},\"primaryImageOfPage\":{\"@id\":\"https:\\\/\\\/stemeric.com\\\/hu\\\/evkozi-2-vasarnap-2023-januar-15\\\/#primaryimage\"},\"image\":{\"@id\":\"https:\\\/\\\/stemeric.com\\\/hu\\\/evkozi-2-vasarnap-2023-januar-15\\\/#primaryimage\"},\"thumbnailUrl\":\"https:\\\/\\\/i0.wp.com\\\/stemeric.com\\\/wp-content\\\/uploads\\\/2023\\\/01\\\/Carracci-Saint-John-the-Baptist-Lamb-of-God-3b.jpg?fit=974%2C1214&ssl=1\",\"datePublished\":\"2023-01-15T01:00:08+00:00\",\"dateModified\":\"2023-01-15T01:03:30+00:00\",\"breadcrumb\":{\"@id\":\"https:\\\/\\\/stemeric.com\\\/hu\\\/evkozi-2-vasarnap-2023-januar-15\\\/#breadcrumb\"},\"inLanguage\":\"hu\",\"potentialAction\":[{\"@type\":\"ReadAction\",\"target\":[\"https:\\\/\\\/stemeric.com\\\/hu\\\/evkozi-2-vasarnap-2023-januar-15\\\/\"]}]},{\"@type\":\"ImageObject\",\"inLanguage\":\"hu\",\"@id\":\"https:\\\/\\\/stemeric.com\\\/hu\\\/evkozi-2-vasarnap-2023-januar-15\\\/#primaryimage\",\"url\":\"https:\\\/\\\/i0.wp.com\\\/stemeric.com\\\/wp-content\\\/uploads\\\/2023\\\/01\\\/Carracci-Saint-John-the-Baptist-Lamb-of-God-3b.jpg?fit=974%2C1214&ssl=1\",\"contentUrl\":\"https:\\\/\\\/i0.wp.com\\\/stemeric.com\\\/wp-content\\\/uploads\\\/2023\\\/01\\\/Carracci-Saint-John-the-Baptist-Lamb-of-God-3b.jpg?fit=974%2C1214&ssl=1\",\"width\":974,\"height\":1214},{\"@type\":\"BreadcrumbList\",\"@id\":\"https:\\\/\\\/stemeric.com\\\/hu\\\/evkozi-2-vasarnap-2023-januar-15\\\/#breadcrumb\",\"itemListElement\":[{\"@type\":\"ListItem\",\"position\":1,\"name\":\"Home\",\"item\":\"https:\\\/\\\/stemeric.com\\\/hu\\\/\"},{\"@type\":\"ListItem\",\"position\":2,\"name\":\"\u00c9VK\u00d6ZI 2. VAS\u00c1RNAP \u2013 2023, janu\u00e1r 15.\"}]},{\"@type\":\"WebSite\",\"@id\":\"https:\\\/\\\/stemeric.com\\\/#website\",\"url\":\"https:\\\/\\\/stemeric.com\\\/\",\"name\":\"St. Emeric Church\",\"description\":\"Szent Imre R\u00f3mai Katolikus Magyar Egyh\u00e1zk\u00f6zs\u00e9g\",\"publisher\":{\"@id\":\"https:\\\/\\\/stemeric.com\\\/#organization\"},\"potentialAction\":[{\"@type\":\"SearchAction\",\"target\":{\"@type\":\"EntryPoint\",\"urlTemplate\":\"https:\\\/\\\/stemeric.com\\\/?s={search_term_string}\"},\"query-input\":{\"@type\":\"PropertyValueSpecification\",\"valueRequired\":true,\"valueName\":\"search_term_string\"}}],\"inLanguage\":\"hu\"},{\"@type\":\"Organization\",\"@id\":\"https:\\\/\\\/stemeric.com\\\/#organization\",\"name\":\"St. Emeric Church\",\"url\":\"https:\\\/\\\/stemeric.com\\\/\",\"logo\":{\"@type\":\"ImageObject\",\"inLanguage\":\"hu\",\"@id\":\"https:\\\/\\\/stemeric.com\\\/#\\\/schema\\\/logo\\\/image\\\/\",\"url\":\"https:\\\/\\\/stemeric.com\\\/wp-content\\\/uploads\\\/2015\\\/11\\\/SzentImre4.png\",\"contentUrl\":\"https:\\\/\\\/stemeric.com\\\/wp-content\\\/uploads\\\/2015\\\/11\\\/SzentImre4.png\",\"width\":800,\"height\":167,\"caption\":\"St. Emeric Church\"},\"image\":{\"@id\":\"https:\\\/\\\/stemeric.com\\\/#\\\/schema\\\/logo\\\/image\\\/\"},\"sameAs\":[\"https:\\\/\\\/www.facebook.com\\\/saintemeric\"]},{\"@type\":\"Person\",\"@id\":\"https:\\\/\\\/stemeric.com\\\/#\\\/schema\\\/person\\\/bf0d9c9cb88a9bc031b1d708c8fd7c0d\",\"name\":\"Fr. Bona\",\"image\":{\"@type\":\"ImageObject\",\"inLanguage\":\"hu\",\"@id\":\"https:\\\/\\\/secure.gravatar.com\\\/avatar\\\/dc8add36be833ddeaab5f45e4259b5e5c62368272ba2e29307768796901b66a4?s=96&d=mm&r=g\",\"url\":\"https:\\\/\\\/secure.gravatar.com\\\/avatar\\\/dc8add36be833ddeaab5f45e4259b5e5c62368272ba2e29307768796901b66a4?s=96&d=mm&r=g\",\"contentUrl\":\"https:\\\/\\\/secure.gravatar.com\\\/avatar\\\/dc8add36be833ddeaab5f45e4259b5e5c62368272ba2e29307768796901b66a4?s=96&d=mm&r=g\",\"caption\":\"Fr. Bona\"},\"url\":\"https:\\\/\\\/stemeric.com\\\/hu\\\/author\\\/bonaatya\\\/\"}]}<\/script>\n<!-- \/ Yoast SEO plugin. -->","yoast_head_json":{"title":"\u00c9VK\u00d6ZI 2. VAS\u00c1RNAP \u2013 2023, janu\u00e1r 15. - St. Emeric Church","robots":{"index":"index","follow":"follow","max-snippet":"max-snippet:-1","max-image-preview":"max-image-preview:large","max-video-preview":"max-video-preview:-1"},"canonical":"https:\/\/stemeric.com\/hu\/evkozi-2-vasarnap-2023-januar-15\/","og_locale":"hu_HU","og_type":"article","og_title":"\u00c9VK\u00d6ZI 2. VAS\u00c1RNAP \u2013 2023, janu\u00e1r 15. - St. Emeric Church","og_description":"V\u00c1L. ZSOLT\u00c1R: \u00cdme, elj\u00f6v\u00f6k, Uram, hogy teljes\u00edtsem azt, amit k\u00edv\u00e1nsz. B\u00d3NA ATYA TOLL\u00c1B\u00d3L: Nemr\u00e9g kaptam egy k\u00e9rd\u00e9st a szentek n\u00e9vsor\u00e1r\u00f3l, amelyet a r\u00f3mai k\u00e1non (m\u00e1s n\u00e9ven els\u0151 eucharisztikus ima) haszn\u00e1latakor hallunk a szentmis\u00e9ken. A r\u00f3mai k\u00e1nonnak k\u00e9t list\u00e1ja van a szentekr\u0151l, egy a konszekr\u00e1ci\u00f3 el\u0151tt, egy pedig ut\u00e1na. Az els\u0151 lista a Boldogs\u00e1gos Sz\u0171z M\u00e1ri\u00e1val [&hellip;]","og_url":"https:\/\/stemeric.com\/hu\/evkozi-2-vasarnap-2023-januar-15\/","og_site_name":"St. Emeric Church","article_publisher":"https:\/\/www.facebook.com\/saintemeric","article_published_time":"2023-01-15T01:00:08+00:00","article_modified_time":"2023-01-15T01:03:30+00:00","og_image":[{"width":974,"height":1214,"url":"https:\/\/stemeric.com\/wp-content\/uploads\/2023\/01\/Carracci-Saint-John-the-Baptist-Lamb-of-God-3b.jpg","type":"image\/jpeg"}],"author":"Fr. Bona","twitter_card":"summary_large_image","twitter_misc":{"Szerz\u0151:":"Fr. Bona","Becs\u00fclt olvas\u00e1si id\u0151":"3 perc"},"schema":{"@context":"https:\/\/schema.org","@graph":[{"@type":"Article","@id":"https:\/\/stemeric.com\/hu\/evkozi-2-vasarnap-2023-januar-15\/#article","isPartOf":{"@id":"https:\/\/stemeric.com\/hu\/evkozi-2-vasarnap-2023-januar-15\/"},"author":{"name":"Fr. Bona","@id":"https:\/\/stemeric.com\/#\/schema\/person\/bf0d9c9cb88a9bc031b1d708c8fd7c0d"},"headline":"\u00c9VK\u00d6ZI 2. VAS\u00c1RNAP \u2013 2023, janu\u00e1r 15.","datePublished":"2023-01-15T01:00:08+00:00","dateModified":"2023-01-15T01:03:30+00:00","mainEntityOfPage":{"@id":"https:\/\/stemeric.com\/hu\/evkozi-2-vasarnap-2023-januar-15\/"},"wordCount":790,"commentCount":0,"publisher":{"@id":"https:\/\/stemeric.com\/#organization"},"image":{"@id":"https:\/\/stemeric.com\/hu\/evkozi-2-vasarnap-2023-januar-15\/#primaryimage"},"thumbnailUrl":"https:\/\/i0.wp.com\/stemeric.com\/wp-content\/uploads\/2023\/01\/Carracci-Saint-John-the-Baptist-Lamb-of-God-3b.jpg?fit=974%2C1214&ssl=1","articleSection":["\u00c9rtes\u00edt\u0151"],"inLanguage":"hu","potentialAction":[{"@type":"CommentAction","name":"Comment","target":["https:\/\/stemeric.com\/hu\/evkozi-2-vasarnap-2023-januar-15\/#respond"]}]},{"@type":"WebPage","@id":"https:\/\/stemeric.com\/hu\/evkozi-2-vasarnap-2023-januar-15\/","url":"https:\/\/stemeric.com\/hu\/evkozi-2-vasarnap-2023-januar-15\/","name":"\u00c9VK\u00d6ZI 2. VAS\u00c1RNAP \u2013 2023, janu\u00e1r 15. - St. Emeric Church","isPartOf":{"@id":"https:\/\/stemeric.com\/#website"},"primaryImageOfPage":{"@id":"https:\/\/stemeric.com\/hu\/evkozi-2-vasarnap-2023-januar-15\/#primaryimage"},"image":{"@id":"https:\/\/stemeric.com\/hu\/evkozi-2-vasarnap-2023-januar-15\/#primaryimage"},"thumbnailUrl":"https:\/\/i0.wp.com\/stemeric.com\/wp-content\/uploads\/2023\/01\/Carracci-Saint-John-the-Baptist-Lamb-of-God-3b.jpg?fit=974%2C1214&ssl=1","datePublished":"2023-01-15T01:00:08+00:00","dateModified":"2023-01-15T01:03:30+00:00","breadcrumb":{"@id":"https:\/\/stemeric.com\/hu\/evkozi-2-vasarnap-2023-januar-15\/#breadcrumb"},"inLanguage":"hu","potentialAction":[{"@type":"ReadAction","target":["https:\/\/stemeric.com\/hu\/evkozi-2-vasarnap-2023-januar-15\/"]}]},{"@type":"ImageObject","inLanguage":"hu","@id":"https:\/\/stemeric.com\/hu\/evkozi-2-vasarnap-2023-januar-15\/#primaryimage","url":"https:\/\/i0.wp.com\/stemeric.com\/wp-content\/uploads\/2023\/01\/Carracci-Saint-John-the-Baptist-Lamb-of-God-3b.jpg?fit=974%2C1214&ssl=1","contentUrl":"https:\/\/i0.wp.com\/stemeric.com\/wp-content\/uploads\/2023\/01\/Carracci-Saint-John-the-Baptist-Lamb-of-God-3b.jpg?fit=974%2C1214&ssl=1","width":974,"height":1214},{"@type":"BreadcrumbList","@id":"https:\/\/stemeric.com\/hu\/evkozi-2-vasarnap-2023-januar-15\/#breadcrumb","itemListElement":[{"@type":"ListItem","position":1,"name":"Home","item":"https:\/\/stemeric.com\/hu\/"},{"@type":"ListItem","position":2,"name":"\u00c9VK\u00d6ZI 2. VAS\u00c1RNAP \u2013 2023, janu\u00e1r 15."}]},{"@type":"WebSite","@id":"https:\/\/stemeric.com\/#website","url":"https:\/\/stemeric.com\/","name":"St. Emeric Church","description":"Szent Imre R\u00f3mai Katolikus Magyar Egyh\u00e1zk\u00f6zs\u00e9g","publisher":{"@id":"https:\/\/stemeric.com\/#organization"},"potentialAction":[{"@type":"SearchAction","target":{"@type":"EntryPoint","urlTemplate":"https:\/\/stemeric.com\/?s={search_term_string}"},"query-input":{"@type":"PropertyValueSpecification","valueRequired":true,"valueName":"search_term_string"}}],"inLanguage":"hu"},{"@type":"Organization","@id":"https:\/\/stemeric.com\/#organization","name":"St. Emeric Church","url":"https:\/\/stemeric.com\/","logo":{"@type":"ImageObject","inLanguage":"hu","@id":"https:\/\/stemeric.com\/#\/schema\/logo\/image\/","url":"https:\/\/stemeric.com\/wp-content\/uploads\/2015\/11\/SzentImre4.png","contentUrl":"https:\/\/stemeric.com\/wp-content\/uploads\/2015\/11\/SzentImre4.png","width":800,"height":167,"caption":"St. Emeric Church"},"image":{"@id":"https:\/\/stemeric.com\/#\/schema\/logo\/image\/"},"sameAs":["https:\/\/www.facebook.com\/saintemeric"]},{"@type":"Person","@id":"https:\/\/stemeric.com\/#\/schema\/person\/bf0d9c9cb88a9bc031b1d708c8fd7c0d","name":"Fr. Bona","image":{"@type":"ImageObject","inLanguage":"hu","@id":"https:\/\/secure.gravatar.com\/avatar\/dc8add36be833ddeaab5f45e4259b5e5c62368272ba2e29307768796901b66a4?s=96&d=mm&r=g","url":"https:\/\/secure.gravatar.com\/avatar\/dc8add36be833ddeaab5f45e4259b5e5c62368272ba2e29307768796901b66a4?s=96&d=mm&r=g","contentUrl":"https:\/\/secure.gravatar.com\/avatar\/dc8add36be833ddeaab5f45e4259b5e5c62368272ba2e29307768796901b66a4?s=96&d=mm&r=g","caption":"Fr. Bona"},"url":"https:\/\/stemeric.com\/hu\/author\/bonaatya\/"}]}},"jetpack_publicize_connections":[],"jetpack_featured_media_url":"https:\/\/i0.wp.com\/stemeric.com\/wp-content\/uploads\/2023\/01\/Carracci-Saint-John-the-Baptist-Lamb-of-God-3b.jpg?fit=974%2C1214&ssl=1","jetpack_sharing_enabled":true,"jetpack_shortlink":"https:\/\/wp.me\/pffxLh-352","_links":{"self":[{"href":"https:\/\/stemeric.com\/hu\/wp-json\/wp\/v2\/posts\/11844","targetHints":{"allow":["GET"]}}],"collection":[{"href":"https:\/\/stemeric.com\/hu\/wp-json\/wp\/v2\/posts"}],"about":[{"href":"https:\/\/stemeric.com\/hu\/wp-json\/wp\/v2\/types\/post"}],"author":[{"embeddable":true,"href":"https:\/\/stemeric.com\/hu\/wp-json\/wp\/v2\/users\/6"}],"replies":[{"embeddable":true,"href":"https:\/\/stemeric.com\/hu\/wp-json\/wp\/v2\/comments?post=11844"}],"version-history":[{"count":1,"href":"https:\/\/stemeric.com\/hu\/wp-json\/wp\/v2\/posts\/11844\/revisions"}],"predecessor-version":[{"id":11845,"href":"https:\/\/stemeric.com\/hu\/wp-json\/wp\/v2\/posts\/11844\/revisions\/11845"}],"wp:featuredmedia":[{"embeddable":true,"href":"https:\/\/stemeric.com\/hu\/wp-json\/wp\/v2\/media\/11842"}],"wp:attachment":[{"href":"https:\/\/stemeric.com\/hu\/wp-json\/wp\/v2\/media?parent=11844"}],"wp:term":[{"taxonomy":"category","embeddable":true,"href":"https:\/\/stemeric.com\/hu\/wp-json\/wp\/v2\/categories?post=11844"},{"taxonomy":"post_tag","embeddable":true,"href":"https:\/\/stemeric.com\/hu\/wp-json\/wp\/v2\/tags?post=11844"}],"curies":[{"name":"wp","href":"https:\/\/api.w.org\/{rel}","templated":true}]}}