{"id":1562,"date":"2016-06-02T00:16:48","date_gmt":"2016-06-02T04:16:48","guid":{"rendered":"https:\/\/stemeric.com\/hu\/?p=1562"},"modified":"2016-06-06T09:16:35","modified_gmt":"2016-06-06T13:16:35","slug":"csiksomlyoi-zarandoklat-elmenyei-2016-majus-11-19","status":"publish","type":"post","link":"https:\/\/stemeric.com\/hu\/csiksomlyoi-zarandoklat-elmenyei-2016-majus-11-19\/","title":{"rendered":"Cs\u00edksomly\u00f3i zar\u00e1ndoklat \u00e9lm\u00e9nyei &#8211; 2016. m\u00e1jus 11-19."},"content":{"rendered":"<p><a href=\"https:\/\/i0.wp.com\/stemeric.com\/wp-content\/uploads\/2016\/05\/IMGP2812.jpg?ssl=1\" rel=\"attachment wp-att-1441\"><img data-recalc-dims=\"1\" decoding=\"async\" class=\"aligncenter wp-image-1441 size-large lazyload\" data-src=\"https:\/\/i0.wp.com\/stemeric.com\/wp-content\/uploads\/2016\/05\/IMGP2812.jpg?resize=800%2C533&#038;ssl=1\" alt=\"IMGP2812\" width=\"800\" height=\"533\" data-srcset=\"https:\/\/i0.wp.com\/stemeric.com\/wp-content\/uploads\/2016\/05\/IMGP2812.jpg?w=800&amp;ssl=1 800w, https:\/\/i0.wp.com\/stemeric.com\/wp-content\/uploads\/2016\/05\/IMGP2812.jpg?resize=300%2C200&amp;ssl=1 300w, https:\/\/i0.wp.com\/stemeric.com\/wp-content\/uploads\/2016\/05\/IMGP2812.jpg?resize=768%2C512&amp;ssl=1 768w, https:\/\/i0.wp.com\/stemeric.com\/wp-content\/uploads\/2016\/05\/IMGP2812.jpg?resize=272%2C182&amp;ssl=1 272w\" data-sizes=\"(max-width: 800px) 100vw, 800px\" src=\"data:image\/svg+xml;base64,PHN2ZyB3aWR0aD0iMSIgaGVpZ2h0PSIxIiB4bWxucz0iaHR0cDovL3d3dy53My5vcmcvMjAwMC9zdmciPjwvc3ZnPg==\" style=\"--smush-placeholder-width: 800px; --smush-placeholder-aspect-ratio: 800\/533;\" \/><\/a><\/p>\n<p style=\"text-align: justify;\">Milyen szerencs\u00e9sek voltunk, akik resztvehett\u00fcnk ezen a j\u00f3l megszervezett kir\u00e1ndul\u00e1son, egy utaz\u00e1si iroda sem tudott volna gazdagabb \u00e9s \u00e9rt\u00e9kesebb programmal el\u0151\u00e1llni.<\/p>\n<p style=\"text-align: justify;\">Gyerekkori \u00e1lmom val\u00f3sult meg, elutazhattam a csod\u00e1latos Erd\u00e9lybe \u00e9s a mesebeli Sz\u00e9kelyf\u00f6ldre. Milyen t\u00e1volinak t\u0171nt ez az &#8220;orsz\u00e1g&#8221;, pedig a &#8220;szomsz\u00e9dban&#8221; van\u00a0\u00e9s a &#8220;csal\u00e1dunk&#8221; lakik ott. Mit tan\u00edtottak nek\u00fcnk a hazug t\u00f6rt\u00e9nelem k\u00f6nyvek, mi\u00e9rt engedj\u00fck tov\u00e1bbra is, hogy az igazs\u00e1gszolg\u00e1ltat\u00e1s elmaradjon.?<br \/>\nNem is pr\u00f3b\u00e1lok\u00a0most \u00e9n erre v\u00e1laszt keresni, de azt szeretn\u00e9m, ha mindenki megtapasztalhatn\u00e1 azt, amit mi \u00e1terezt\u00fcnk s\u00edrva, nevetve.<br \/>\nRobogtunk a csod\u00e1latos t\u00f6rtenelmi v\u00e1rosok k\u00f6z\u00f6tt, minden a mi magyar t\u00f6rt\u00e9lm\u00fcnkre\u00a0eml\u00e9keztetett. A v\u00e1rosokban csod\u00e1latos\u00a0 \u00e9p\u00fcletek, terek, utc\u00e1k, kapualjak, szobrok.<br \/>\nGy\u00f6ny\u00f6r\u0171 templomok, ahol m\u00e9g magyarul im\u00e1dkozhatunk, elk\u00f6telezett papok, akik nagy szeretettel fogadt\u00e1k csoportunkat. B\u00e1r a magyars\u00e1g sz\u00e1ma rohamosan cs\u00f6kken,\u00a0\u00e9l m\u00e9g ott magyar.<\/p>\n<p style=\"text-align: justify;\">K\u00f6zben l\u00e9legzetel\u00e1ll\u00edt\u00f3\u00a0 t\u00e1jak bomb\u00e1zz\u00e1k \u00e9rz\u00e9kszerveinket. Csod\u00e1ljuk a z\u00f6ld aranyat, a felh\u0151k puhas\u00e1g\u00e1t, amikor a hegyoldal\u00e1t megerintik, szikl\u00e1k hat\u00e1rozotts\u00e1g\u00e1t, ahogy a magasba t\u00f6rnek.<br \/>\nAz \u00e1llatok k\u00e9nyelmes mindennapjait, ahogy a term\u00e9szetbe simulnak.<br \/>\nA Sz\u00e9kelyf\u00f6ld b\u00e1styak\u00e9nt szolg\u00e1l\u00f3 hegyei \u00e9s a magasbat\u00f6r\u0151,\u00a0 egyenes, hat\u00e1rozott, kitart\u00f3 feny\u0151i, ahogy a sz\u00e9kely embert is jellemezhetn\u00e9nk, bizony\u00edtja, hogy nek\u00fcnk csak p\u00e9lda lehet az itteni ember \u00e9s az itteni \u00e9let. \u00dagy \u00e9rezhett\u00fck, hogy haza ment\u00fcnk.<\/p>\n<p style=\"text-align: justify;\"><a href=\"https:\/\/i0.wp.com\/stemeric.com\/wp-content\/uploads\/2016\/05\/20160517_151358.jpg?ssl=1\" rel=\"attachment wp-att-1318\"><img data-recalc-dims=\"1\" decoding=\"async\" class=\"aligncenter wp-image-1318 size-large lazyload\" data-src=\"https:\/\/i0.wp.com\/stemeric.com\/wp-content\/uploads\/2016\/05\/20160517_151358.jpg?resize=800%2C450&#038;ssl=1\" alt=\"20160517_151358\" width=\"800\" height=\"450\" data-srcset=\"https:\/\/i0.wp.com\/stemeric.com\/wp-content\/uploads\/2016\/05\/20160517_151358.jpg?w=800&amp;ssl=1 800w, https:\/\/i0.wp.com\/stemeric.com\/wp-content\/uploads\/2016\/05\/20160517_151358.jpg?resize=300%2C169&amp;ssl=1 300w, https:\/\/i0.wp.com\/stemeric.com\/wp-content\/uploads\/2016\/05\/20160517_151358.jpg?resize=768%2C432&amp;ssl=1 768w\" data-sizes=\"(max-width: 800px) 100vw, 800px\" src=\"data:image\/svg+xml;base64,PHN2ZyB3aWR0aD0iMSIgaGVpZ2h0PSIxIiB4bWxucz0iaHR0cDovL3d3dy53My5vcmcvMjAwMC9zdmciPjwvc3ZnPg==\" style=\"--smush-placeholder-width: 800px; --smush-placeholder-aspect-ratio: 800\/450;\" \/><\/a><\/p>\n<p style=\"text-align: justify;\">A vend\u00e9gszeretet hat\u00e1rtalan, szerencs\u00e9m volt r\u00e9szes\u00fclni egy csal\u00e1d zavarbaejt\u0151 figyelmess\u00e9g\u00e9t\u0151l is! Megosztott\u00e1k otthonukat az els\u0151 pillanatt\u00f3l \u00e9s kedvess\u00e9g\u00fcket sz\u00edvembe z\u00e1rtam, z\u00e1rtuk. K\u00f6sz\u00f6nj\u00fck ez\u00faton is Ildik\u00f3, Istv\u00e1n, Krisztina \u00e9s Be\u00e1ta, rem\u00e9lj\u00fck, meg sokszor tal\u00e1lkozhatunk!<\/p>\n<p style=\"text-align: justify;\"><a href=\"https:\/\/i0.wp.com\/stemeric.com\/wp-content\/uploads\/2016\/06\/IMG_3097.jpg?ssl=1\" rel=\"attachment wp-att-1563\"><img data-recalc-dims=\"1\" decoding=\"async\" class=\"aligncenter wp-image-1563 size-full lazyload\" data-src=\"https:\/\/i0.wp.com\/stemeric.com\/wp-content\/uploads\/2016\/06\/IMG_3097.jpg?resize=640%2C480&#038;ssl=1\" alt=\"IMG_3097\" width=\"640\" height=\"480\" data-srcset=\"https:\/\/i0.wp.com\/stemeric.com\/wp-content\/uploads\/2016\/06\/IMG_3097.jpg?w=640&amp;ssl=1 640w, https:\/\/i0.wp.com\/stemeric.com\/wp-content\/uploads\/2016\/06\/IMG_3097.jpg?resize=300%2C225&amp;ssl=1 300w\" data-sizes=\"(max-width: 640px) 100vw, 640px\" src=\"data:image\/svg+xml;base64,PHN2ZyB3aWR0aD0iMSIgaGVpZ2h0PSIxIiB4bWxucz0iaHR0cDovL3d3dy53My5vcmcvMjAwMC9zdmciPjwvc3ZnPg==\" style=\"--smush-placeholder-width: 640px; --smush-placeholder-aspect-ratio: 640\/480;\" \/><\/a><\/p>\n<p style=\"text-align: justify;\">A ditr\u00f3i k\u00f6z\u00f6ss\u00e9g megvend\u00e9gelt benn\u00fcnket igazi sz\u00edvhez sz\u00f3l\u00f3 zen\u00e9vel, \u00e9nekkel t\u00e1nccal, verssel, eb\u00e9ddel, zen\u00e9s esttel, \u00edzletes \u00e9tellel, sz\u00edv\u00fck meleg\u00e9vel. K\u00f6sz\u00f6nj\u00fck sz\u00e9pen, kedves ditr\u00f3i emberek!<\/p>\n<p style=\"text-align: justify;\"><a href=\"https:\/\/i0.wp.com\/stemeric.com\/wp-content\/uploads\/2016\/05\/20160515_102204-e1464670064907.jpg?ssl=1\" rel=\"attachment wp-att-1280\"><img data-recalc-dims=\"1\" decoding=\"async\" class=\"aligncenter wp-image-1280 size-large lazyload\" data-src=\"https:\/\/i0.wp.com\/stemeric.com\/wp-content\/uploads\/2016\/05\/20160515_102204-e1464670064907-450x800.jpg?resize=450%2C800&#038;ssl=1\" alt=\"20160515_102204\" width=\"450\" height=\"800\" data-srcset=\"https:\/\/i0.wp.com\/stemeric.com\/wp-content\/uploads\/2016\/05\/20160515_102204-e1464670064907.jpg?w=450&amp;ssl=1 450w, https:\/\/i0.wp.com\/stemeric.com\/wp-content\/uploads\/2016\/05\/20160515_102204-e1464670064907.jpg?resize=169%2C300&amp;ssl=1 169w, https:\/\/i0.wp.com\/stemeric.com\/wp-content\/uploads\/2016\/05\/20160515_102204-e1464670064907.jpg?resize=768%2C1365&amp;ssl=1 768w\" data-sizes=\"(max-width: 450px) 100vw, 450px\" src=\"data:image\/svg+xml;base64,PHN2ZyB3aWR0aD0iMSIgaGVpZ2h0PSIxIiB4bWxucz0iaHR0cDovL3d3dy53My5vcmcvMjAwMC9zdmciPjwvc3ZnPg==\" style=\"--smush-placeholder-width: 450px; --smush-placeholder-aspect-ratio: 450\/800;\" \/><\/a><a href=\"https:\/\/i0.wp.com\/stemeric.com\/wp-content\/uploads\/2016\/05\/IMGP2660.jpg?ssl=1\" rel=\"attachment wp-att-1436\"><img data-recalc-dims=\"1\" decoding=\"async\" class=\"aligncenter wp-image-1436 size-large lazyload\" data-src=\"https:\/\/i0.wp.com\/stemeric.com\/wp-content\/uploads\/2016\/05\/IMGP2660.jpg?resize=800%2C533&#038;ssl=1\" alt=\"IMGP2660\" width=\"800\" height=\"533\" data-srcset=\"https:\/\/i0.wp.com\/stemeric.com\/wp-content\/uploads\/2016\/05\/IMGP2660.jpg?w=800&amp;ssl=1 800w, https:\/\/i0.wp.com\/stemeric.com\/wp-content\/uploads\/2016\/05\/IMGP2660.jpg?resize=300%2C200&amp;ssl=1 300w, https:\/\/i0.wp.com\/stemeric.com\/wp-content\/uploads\/2016\/05\/IMGP2660.jpg?resize=768%2C512&amp;ssl=1 768w, https:\/\/i0.wp.com\/stemeric.com\/wp-content\/uploads\/2016\/05\/IMGP2660.jpg?resize=272%2C182&amp;ssl=1 272w\" data-sizes=\"(max-width: 800px) 100vw, 800px\" src=\"data:image\/svg+xml;base64,PHN2ZyB3aWR0aD0iMSIgaGVpZ2h0PSIxIiB4bWxucz0iaHR0cDovL3d3dy53My5vcmcvMjAwMC9zdmciPjwvc3ZnPg==\" style=\"--smush-placeholder-width: 800px; --smush-placeholder-aspect-ratio: 800\/533;\" \/><\/a><\/p>\n<p style=\"text-align: justify;\">Nem magyarkodnak, \u0150k magyarok, akkor is ha sokszor az a nehezebb \u00fat&#8230;<\/p>\n<p style=\"text-align: justify;\">\u00datunk f\u00e9nypontja (egyik) a szombati Cs\u00edksomly\u00f3i B\u00facs\u00fa!<\/p>\n<p><a href=\"https:\/\/i0.wp.com\/stemeric.com\/wp-content\/uploads\/2016\/05\/IMGP2570.jpg?ssl=1\" rel=\"attachment wp-att-1433\"><img data-recalc-dims=\"1\" decoding=\"async\" class=\"aligncenter wp-image-1433 size-large lazyload\" data-src=\"https:\/\/i0.wp.com\/stemeric.com\/wp-content\/uploads\/2016\/05\/IMGP2570.jpg?resize=800%2C533&#038;ssl=1\" alt=\"IMGP2570\" width=\"800\" height=\"533\" data-srcset=\"https:\/\/i0.wp.com\/stemeric.com\/wp-content\/uploads\/2016\/05\/IMGP2570.jpg?w=800&amp;ssl=1 800w, https:\/\/i0.wp.com\/stemeric.com\/wp-content\/uploads\/2016\/05\/IMGP2570.jpg?resize=300%2C200&amp;ssl=1 300w, https:\/\/i0.wp.com\/stemeric.com\/wp-content\/uploads\/2016\/05\/IMGP2570.jpg?resize=768%2C512&amp;ssl=1 768w, https:\/\/i0.wp.com\/stemeric.com\/wp-content\/uploads\/2016\/05\/IMGP2570.jpg?resize=272%2C182&amp;ssl=1 272w\" data-sizes=\"(max-width: 800px) 100vw, 800px\" src=\"data:image\/svg+xml;base64,PHN2ZyB3aWR0aD0iMSIgaGVpZ2h0PSIxIiB4bWxucz0iaHR0cDovL3d3dy53My5vcmcvMjAwMC9zdmciPjwvc3ZnPg==\" style=\"--smush-placeholder-width: 800px; --smush-placeholder-aspect-ratio: 800\/533;\" \/><\/a><\/p>\n<p style=\"text-align: justify;\">Micsoda felt\u0151lt\u0151d\u00e9s k\u00f6z\u00f6ss\u00e9g\u00fcnknek \u00e9s szem\u00e9lyes sorsunknak. Megb\u00fajtunk k\u00f6r\u00fclbel\u00fcl\u00a0 500. 000-en a Kissomly\u00f3-hegy \u00e9s a Nagysomly\u00f3-hegy k\u00f6z\u00f6tti nyeregben. Itt, ahol 1990-t\u0151l az \u00f6sszmagyars\u00e1g tal\u00e1n legjelent\u0151sebb esem\u00e9nye megism\u00e9tl\u0151dik minden \u00e9v P\u00fcnk\u00f6sdj\u00e9n (k\u00f6vetve a sz\u00e9kelyek hit\u00fck megv\u00e9d\u00e9s\u00e9\u00e9rt h\u00e1l\u00e1t ad\u00f3 fogadalmi zar\u00e1ndoklat\u00e1t m\u00e9g a 16. sz\u00e1zadb\u00f3l) hit\u00fcnk\u00e9rt, k\u00e9rj\u00fck a J\u00f3isten \u00e1ld\u00e1s\u00e1t \u00e9s a Sz\u0171zanya k\u00f6zbenj\u00e1r\u00e1s\u00e1t, leborulunk n\u00e9p\u00fcnkkel, hogy azt\u00e1n er\u0151t mer\u00edthess\u00fcnk. Szem\u00e9lyes megv\u00e1lt\u00e1s\u00e9rt esedez\u00fcnk, csal\u00e1dunk\u00e9rt, bar\u00e1taink\u00e9rt, de nemzet\u00fcnk\u00e9rt is. Micsoda var\u00e1zsa van a helynek, felemel, megtiszt\u00edt l\u00e9lekben. Engesztel\u0151dj\u00fcnk ki Istennel, embert\u00e1rsainkkal&#8230; &#8211; 2016 az Irgalmass\u00e1g \u00e9ve! Mindezt megtehetj\u00fck \u00e9des magyar anyanyelv\u00fcnk\u00f6n, \u0151rizz\u00fck ezt a kincset, ne vesz\u00edts\u00fck el mi magyarok a hit\u00fcnket, ne hagyjuk eln\u00e9ptelenedni sz\u00fcl\u0151f\u00f6ld\u00fcnket, halljuk az olt\u00e1rr\u00f3l \u00e9s \u00e9rzz\u00fck sz\u00edv\u00fcnkben. Micsoda er\u0151, micsoda \u00e9rz\u00e9s hallani \u00e9s l\u00e1tni a t\u00f6meget, akikkel \u00f6sszetartozunk. Sz\u00f3ltak-e valaha szebben az \u00e9nekeink, himnuszaink? \u00c9rzem, hogy ide egyszer nem el\u00e9g elj\u00f6nni.<\/p>\n<p style=\"text-align: justify;\">A vas\u00e1rnap P\u00fcnk\u00f6sdi \u00fcnnepben pomp\u00e1zott, a ditr\u00f3i templom dupl\u00e1n \u00fcnnepelt, Andr\u00e1s atya haza j\u00f6tt. Milyen gy\u00f6ny\u00f6r\u0171 \u00e9s hatalmas templom. Andr\u00e1s atya megmutatta \u00e9s megosztotta otthon\u00e1t, csal\u00e1dj\u00e1t, k\u00f6z\u00f6ss\u00e9g\u00e9t-, sz\u00e9p, meghat\u00f3 pillanatok!<\/p>\n<p style=\"text-align: justify;\">A lelki felt\u0151lt\u0151d\u00e9s folytat\u00f3dott \u00e9s \u00fajabb v\u00e1rosok, t\u00e1jak, n\u00e9pm\u0171v\u00e9szet ejtett minket hatalm\u00e1ba. A Mis\u00e9k a szebbn\u00e9l szebb templomokban felemel\u0151ek. H\u0151seink, mindennapi honfit\u00e1rsaink itt \u00e9ltek, harcoltak, alkottak, soha ne feledj\u00fck \u0151ket, \u0151rizz\u00fck eml\u00e9k\u00fcket, mi is fejethajtottunk \u00e9s eml\u00e9kezt\u00fcnk.<\/p>\n<p style=\"text-align: justify;\">A mes\u00e9sk\u00f6nyv gyorsan p\u00f6rg\u0151 lapjai bez\u00e1rultak, csak egy gyors pillant\u00e1s jutott erre a mesebeli vil\u00e1gra-, igazi \u00edzel\u00edt\u0151, hogy ism\u00e9t elinduljunk, \u00e9s vissza t\u00e9rj\u00fcnk.<\/p>\n<p style=\"text-align: justify;\">Ez\u00faton is k\u00f6sz\u00f6nj\u00fck a sof\u0151r\u00f6knek, Pistinek \u00e9s Tam\u00e1snak a biztons\u00e1gos vezet\u00e9st, a t\u00e1j\u00e9kozotts\u00e1got, seg\u00edt\u0151k\u00e9szs\u00e9get \u00e9s a humoros, kedves pillanatokat!<\/p>\n<p style=\"text-align: justify;\"><a href=\"https:\/\/i0.wp.com\/stemeric.com\/wp-content\/uploads\/2016\/06\/IMG_3100-e1464840744545.jpg?ssl=1\" rel=\"attachment wp-att-1565\"><img data-recalc-dims=\"1\" decoding=\"async\" class=\"aligncenter wp-image-1565 size-full lazyload\" data-src=\"https:\/\/i0.wp.com\/stemeric.com\/wp-content\/uploads\/2016\/06\/IMG_3100-e1464840744545.jpg?resize=480%2C640&#038;ssl=1\" alt=\"IMG_3100\" width=\"480\" height=\"640\" data-srcset=\"https:\/\/i0.wp.com\/stemeric.com\/wp-content\/uploads\/2016\/06\/IMG_3100-e1464840744545.jpg?w=480&amp;ssl=1 480w, https:\/\/i0.wp.com\/stemeric.com\/wp-content\/uploads\/2016\/06\/IMG_3100-e1464840744545.jpg?resize=225%2C300&amp;ssl=1 225w\" data-sizes=\"(max-width: 480px) 100vw, 480px\" src=\"data:image\/svg+xml;base64,PHN2ZyB3aWR0aD0iMSIgaGVpZ2h0PSIxIiB4bWxucz0iaHR0cDovL3d3dy53My5vcmcvMjAwMC9zdmciPjwvc3ZnPg==\" style=\"--smush-placeholder-width: 480px; --smush-placeholder-aspect-ratio: 480\/640;\" \/><\/a><\/p>\n<p style=\"text-align: justify;\">K\u00f6sz\u00f6nj\u00fck a Mezei Csal\u00e1d vend\u00e9gszeretet\u00e9t, kedvess\u00e9g\u00e9t,\u00a0amivel megaj\u00e1nd\u00e9kozta a Szent Imre csoportunkat!<\/p>\n<p style=\"text-align: justify;\">Term\u00e9szetesen k\u00f6sz\u00f6nj\u00fck Andr\u00e1s aty\u00e1nak\u00a0 a szervez\u00e9st, a hossz\u00fa h\u00f3napok munk\u00e1j\u00e1t, a mindenre kit\u00e9r\u0151 figyelm\u00e9t, a sok \u00e9rdekes meglepet\u00e9st \u00e9s a t\u00fcrelm\u00e9t!<\/p>\n<p style=\"text-align: justify;\">K\u00f6z\u00f6ss\u00e9g\u00fcnk gazdagabb lett, k\u00f6zelebb ker\u00fclt\u00fcnk egym\u00e1shoz, gy\u00f6ny\u00f6r\u0171 \u00e9lm\u00e9nyekkel tarsolyukban, amit egy\u00fctt siker\u00fclt \u00e1t\u00e9ln\u00fcnk, megtapasztalnunk!\u00a0 Igaz\u00e1n k\u00f6sz\u00f6nj\u00fck!<\/p>\n<p style=\"text-align: justify;\">Gondolataimat, \u00e9rz\u00e9seimet tov\u00e1bb\u00edtottam di\u00f3h\u00e9jban. R\u00e9szletesebb \u00e9lm\u00e9nybesz\u00e1mol\u00f3ra tal\u00e1n hamarosan sor ker\u00fcl templomunkban, ahol nevekkel, k\u00e9pekkel, r\u00e9szletekkel, \u00fati besz\u00e1mol\u00f3 lesz.<\/p>\n<p style=\"text-align: justify;\">O&#8217;Reilly Krisztina<\/p>\n","protected":false},"excerpt":{"rendered":"<p>Milyen szerencs\u00e9sek voltunk, akik resztvehett\u00fcnk ezen a j\u00f3l megszervezett kir\u00e1ndul\u00e1son, egy utaz\u00e1si iroda sem tudott volna gazdagabb \u00e9s \u00e9rt\u00e9kesebb programmal el\u0151\u00e1llni. Gyerekkori \u00e1lmom val\u00f3sult meg, elutazhattam a csod\u00e1latos Erd\u00e9lybe \u00e9s a mesebeli Sz\u00e9kelyf\u00f6ldre. Milyen t\u00e1volinak t\u0171nt ez az &#8220;orsz\u00e1g&#8221;, pedig a &#8220;szomsz\u00e9dban&#8221; van\u00a0\u00e9s a &#8220;csal\u00e1dunk&#8221; lakik ott. Mit tan\u00edtottak nek\u00fcnk a hazug t\u00f6rt\u00e9nelem k\u00f6nyvek, mi\u00e9rt [&hellip;]<\/p>\n","protected":false},"author":3,"featured_media":1437,"comment_status":"open","ping_status":"open","sticky":false,"template":"","format":"standard","meta":{"jetpack_post_was_ever_published":false,"_jetpack_newsletter_access":"","_jetpack_dont_email_post_to_subs":false,"_jetpack_newsletter_tier_id":0,"_jetpack_memberships_contains_paywalled_content":false,"_jetpack_memberships_contains_paid_content":false,"footnotes":"","jetpack_publicize_message":"","jetpack_publicize_feature_enabled":true,"jetpack_social_post_already_shared":true,"jetpack_social_options":{"image_generator_settings":{"template":"highway","default_image_id":0,"font":"","enabled":false},"version":2}},"categories":[13],"tags":[],"class_list":["post-1562","post","type-post","status-publish","format-standard","has-post-thumbnail","hentry","category-hirek"],"yoast_head":"<!-- This site is optimized with the Yoast SEO plugin v27.5 - https:\/\/yoast.com\/product\/yoast-seo-wordpress\/ -->\n<title>Cs\u00edksomly\u00f3i zar\u00e1ndoklat \u00e9lm\u00e9nyei - 2016. m\u00e1jus 11-19. - St. Emeric Church<\/title>\n<meta name=\"robots\" content=\"index, follow, max-snippet:-1, max-image-preview:large, max-video-preview:-1\" \/>\n<link rel=\"canonical\" href=\"https:\/\/stemeric.com\/hu\/csiksomlyoi-zarandoklat-elmenyei-2016-majus-11-19\/\" \/>\n<meta property=\"og:locale\" content=\"hu_HU\" \/>\n<meta property=\"og:type\" content=\"article\" \/>\n<meta property=\"og:title\" content=\"Cs\u00edksomly\u00f3i zar\u00e1ndoklat \u00e9lm\u00e9nyei - 2016. m\u00e1jus 11-19. - St. Emeric Church\" \/>\n<meta property=\"og:description\" content=\"Milyen szerencs\u00e9sek voltunk, akik resztvehett\u00fcnk ezen a j\u00f3l megszervezett kir\u00e1ndul\u00e1son, egy utaz\u00e1si iroda sem tudott volna gazdagabb \u00e9s \u00e9rt\u00e9kesebb programmal el\u0151\u00e1llni. Gyerekkori \u00e1lmom val\u00f3sult meg, elutazhattam a csod\u00e1latos Erd\u00e9lybe \u00e9s a mesebeli Sz\u00e9kelyf\u00f6ldre. Milyen t\u00e1volinak t\u0171nt ez az &#8220;orsz\u00e1g&#8221;, pedig a &#8220;szomsz\u00e9dban&#8221; van\u00a0\u00e9s a &#8220;csal\u00e1dunk&#8221; lakik ott. Mit tan\u00edtottak nek\u00fcnk a hazug t\u00f6rt\u00e9nelem k\u00f6nyvek, mi\u00e9rt [&hellip;]\" \/>\n<meta property=\"og:url\" content=\"https:\/\/stemeric.com\/hu\/csiksomlyoi-zarandoklat-elmenyei-2016-majus-11-19\/\" \/>\n<meta property=\"og:site_name\" content=\"St. Emeric Church\" \/>\n<meta property=\"article:publisher\" content=\"https:\/\/www.facebook.com\/saintemeric\" \/>\n<meta property=\"article:published_time\" content=\"2016-06-02T04:16:48+00:00\" \/>\n<meta property=\"article:modified_time\" content=\"2016-06-06T13:16:35+00:00\" \/>\n<meta name=\"author\" content=\"Fr. Andras Mezei\" \/>\n<meta name=\"twitter:card\" content=\"summary_large_image\" \/>\n<meta name=\"twitter:image\" content=\"https:\/\/i0.wp.com\/stemeric.com\/wp-content\/uploads\/2016\/05\/IMGP2768.jpg?fit=800%2C533&ssl=1\" \/>\n<meta name=\"twitter:label1\" content=\"Szerz\u0151:\" \/>\n\t<meta name=\"twitter:data1\" content=\"Fr. Andras Mezei\" \/>\n\t<meta name=\"twitter:label2\" content=\"Becs\u00fclt olvas\u00e1si id\u0151\" \/>\n\t<meta name=\"twitter:data2\" content=\"5 perc\" \/>\n<script type=\"application\/ld+json\" class=\"yoast-schema-graph\">{\"@context\":\"https:\\\/\\\/schema.org\",\"@graph\":[{\"@type\":\"Article\",\"@id\":\"https:\\\/\\\/stemeric.com\\\/hu\\\/csiksomlyoi-zarandoklat-elmenyei-2016-majus-11-19\\\/#article\",\"isPartOf\":{\"@id\":\"https:\\\/\\\/stemeric.com\\\/hu\\\/csiksomlyoi-zarandoklat-elmenyei-2016-majus-11-19\\\/\"},\"author\":{\"name\":\"Fr. Andras Mezei\",\"@id\":\"https:\\\/\\\/stemeric.com\\\/#\\\/schema\\\/person\\\/a9129aeb3a3d72fc6b7a387c4252eeb7\"},\"headline\":\"Cs\u00edksomly\u00f3i zar\u00e1ndoklat \u00e9lm\u00e9nyei &#8211; 2016. m\u00e1jus 11-19.\",\"datePublished\":\"2016-06-02T04:16:48+00:00\",\"dateModified\":\"2016-06-06T13:16:35+00:00\",\"mainEntityOfPage\":{\"@id\":\"https:\\\/\\\/stemeric.com\\\/hu\\\/csiksomlyoi-zarandoklat-elmenyei-2016-majus-11-19\\\/\"},\"wordCount\":952,\"commentCount\":1,\"publisher\":{\"@id\":\"https:\\\/\\\/stemeric.com\\\/#organization\"},\"image\":{\"@id\":\"https:\\\/\\\/stemeric.com\\\/hu\\\/csiksomlyoi-zarandoklat-elmenyei-2016-majus-11-19\\\/#primaryimage\"},\"thumbnailUrl\":\"https:\\\/\\\/i0.wp.com\\\/stemeric.com\\\/wp-content\\\/uploads\\\/2016\\\/05\\\/IMGP2768.jpg?fit=800%2C533&ssl=1\",\"articleSection\":[\"H\u00edrek\"],\"inLanguage\":\"hu\",\"potentialAction\":[{\"@type\":\"CommentAction\",\"name\":\"Comment\",\"target\":[\"https:\\\/\\\/stemeric.com\\\/hu\\\/csiksomlyoi-zarandoklat-elmenyei-2016-majus-11-19\\\/#respond\"]}]},{\"@type\":\"WebPage\",\"@id\":\"https:\\\/\\\/stemeric.com\\\/hu\\\/csiksomlyoi-zarandoklat-elmenyei-2016-majus-11-19\\\/\",\"url\":\"https:\\\/\\\/stemeric.com\\\/hu\\\/csiksomlyoi-zarandoklat-elmenyei-2016-majus-11-19\\\/\",\"name\":\"Cs\u00edksomly\u00f3i zar\u00e1ndoklat \u00e9lm\u00e9nyei - 2016. m\u00e1jus 11-19. - St. Emeric Church\",\"isPartOf\":{\"@id\":\"https:\\\/\\\/stemeric.com\\\/#website\"},\"primaryImageOfPage\":{\"@id\":\"https:\\\/\\\/stemeric.com\\\/hu\\\/csiksomlyoi-zarandoklat-elmenyei-2016-majus-11-19\\\/#primaryimage\"},\"image\":{\"@id\":\"https:\\\/\\\/stemeric.com\\\/hu\\\/csiksomlyoi-zarandoklat-elmenyei-2016-majus-11-19\\\/#primaryimage\"},\"thumbnailUrl\":\"https:\\\/\\\/i0.wp.com\\\/stemeric.com\\\/wp-content\\\/uploads\\\/2016\\\/05\\\/IMGP2768.jpg?fit=800%2C533&ssl=1\",\"datePublished\":\"2016-06-02T04:16:48+00:00\",\"dateModified\":\"2016-06-06T13:16:35+00:00\",\"breadcrumb\":{\"@id\":\"https:\\\/\\\/stemeric.com\\\/hu\\\/csiksomlyoi-zarandoklat-elmenyei-2016-majus-11-19\\\/#breadcrumb\"},\"inLanguage\":\"hu\",\"potentialAction\":[{\"@type\":\"ReadAction\",\"target\":[\"https:\\\/\\\/stemeric.com\\\/hu\\\/csiksomlyoi-zarandoklat-elmenyei-2016-majus-11-19\\\/\"]}]},{\"@type\":\"ImageObject\",\"inLanguage\":\"hu\",\"@id\":\"https:\\\/\\\/stemeric.com\\\/hu\\\/csiksomlyoi-zarandoklat-elmenyei-2016-majus-11-19\\\/#primaryimage\",\"url\":\"https:\\\/\\\/i0.wp.com\\\/stemeric.com\\\/wp-content\\\/uploads\\\/2016\\\/05\\\/IMGP2768.jpg?fit=800%2C533&ssl=1\",\"contentUrl\":\"https:\\\/\\\/i0.wp.com\\\/stemeric.com\\\/wp-content\\\/uploads\\\/2016\\\/05\\\/IMGP2768.jpg?fit=800%2C533&ssl=1\",\"width\":800,\"height\":533},{\"@type\":\"BreadcrumbList\",\"@id\":\"https:\\\/\\\/stemeric.com\\\/hu\\\/csiksomlyoi-zarandoklat-elmenyei-2016-majus-11-19\\\/#breadcrumb\",\"itemListElement\":[{\"@type\":\"ListItem\",\"position\":1,\"name\":\"Home\",\"item\":\"https:\\\/\\\/stemeric.com\\\/hu\\\/\"},{\"@type\":\"ListItem\",\"position\":2,\"name\":\"Cs\u00edksomly\u00f3i zar\u00e1ndoklat \u00e9lm\u00e9nyei &#8211; 2016. m\u00e1jus 11-19.\"}]},{\"@type\":\"WebSite\",\"@id\":\"https:\\\/\\\/stemeric.com\\\/#website\",\"url\":\"https:\\\/\\\/stemeric.com\\\/\",\"name\":\"St. Emeric Church\",\"description\":\"Szent Imre R\u00f3mai Katolikus Magyar Egyh\u00e1zk\u00f6zs\u00e9g\",\"publisher\":{\"@id\":\"https:\\\/\\\/stemeric.com\\\/#organization\"},\"potentialAction\":[{\"@type\":\"SearchAction\",\"target\":{\"@type\":\"EntryPoint\",\"urlTemplate\":\"https:\\\/\\\/stemeric.com\\\/?s={search_term_string}\"},\"query-input\":{\"@type\":\"PropertyValueSpecification\",\"valueRequired\":true,\"valueName\":\"search_term_string\"}}],\"inLanguage\":\"hu\"},{\"@type\":\"Organization\",\"@id\":\"https:\\\/\\\/stemeric.com\\\/#organization\",\"name\":\"St. Emeric Church\",\"url\":\"https:\\\/\\\/stemeric.com\\\/\",\"logo\":{\"@type\":\"ImageObject\",\"inLanguage\":\"hu\",\"@id\":\"https:\\\/\\\/stemeric.com\\\/#\\\/schema\\\/logo\\\/image\\\/\",\"url\":\"https:\\\/\\\/stemeric.com\\\/wp-content\\\/uploads\\\/2015\\\/11\\\/SzentImre4.png\",\"contentUrl\":\"https:\\\/\\\/stemeric.com\\\/wp-content\\\/uploads\\\/2015\\\/11\\\/SzentImre4.png\",\"width\":800,\"height\":167,\"caption\":\"St. Emeric Church\"},\"image\":{\"@id\":\"https:\\\/\\\/stemeric.com\\\/#\\\/schema\\\/logo\\\/image\\\/\"},\"sameAs\":[\"https:\\\/\\\/www.facebook.com\\\/saintemeric\"]},{\"@type\":\"Person\",\"@id\":\"https:\\\/\\\/stemeric.com\\\/#\\\/schema\\\/person\\\/a9129aeb3a3d72fc6b7a387c4252eeb7\",\"name\":\"Fr. Andras Mezei\",\"image\":{\"@type\":\"ImageObject\",\"inLanguage\":\"hu\",\"@id\":\"https:\\\/\\\/secure.gravatar.com\\\/avatar\\\/f2d48dce47b76c650bfce345a02e13ea58588c82f63ca35fd6d53776005ab90a?s=96&d=mm&r=g\",\"url\":\"https:\\\/\\\/secure.gravatar.com\\\/avatar\\\/f2d48dce47b76c650bfce345a02e13ea58588c82f63ca35fd6d53776005ab90a?s=96&d=mm&r=g\",\"contentUrl\":\"https:\\\/\\\/secure.gravatar.com\\\/avatar\\\/f2d48dce47b76c650bfce345a02e13ea58588c82f63ca35fd6d53776005ab90a?s=96&d=mm&r=g\",\"caption\":\"Fr. Andras Mezei\"},\"url\":\"https:\\\/\\\/stemeric.com\\\/hu\\\/author\\\/mezeiandras\\\/\"}]}<\/script>\n<!-- \/ Yoast SEO plugin. -->","yoast_head_json":{"title":"Cs\u00edksomly\u00f3i zar\u00e1ndoklat \u00e9lm\u00e9nyei - 2016. m\u00e1jus 11-19. - St. Emeric Church","robots":{"index":"index","follow":"follow","max-snippet":"max-snippet:-1","max-image-preview":"max-image-preview:large","max-video-preview":"max-video-preview:-1"},"canonical":"https:\/\/stemeric.com\/hu\/csiksomlyoi-zarandoklat-elmenyei-2016-majus-11-19\/","og_locale":"hu_HU","og_type":"article","og_title":"Cs\u00edksomly\u00f3i zar\u00e1ndoklat \u00e9lm\u00e9nyei - 2016. m\u00e1jus 11-19. - St. Emeric Church","og_description":"Milyen szerencs\u00e9sek voltunk, akik resztvehett\u00fcnk ezen a j\u00f3l megszervezett kir\u00e1ndul\u00e1son, egy utaz\u00e1si iroda sem tudott volna gazdagabb \u00e9s \u00e9rt\u00e9kesebb programmal el\u0151\u00e1llni. Gyerekkori \u00e1lmom val\u00f3sult meg, elutazhattam a csod\u00e1latos Erd\u00e9lybe \u00e9s a mesebeli Sz\u00e9kelyf\u00f6ldre. Milyen t\u00e1volinak t\u0171nt ez az &#8220;orsz\u00e1g&#8221;, pedig a &#8220;szomsz\u00e9dban&#8221; van\u00a0\u00e9s a &#8220;csal\u00e1dunk&#8221; lakik ott. Mit tan\u00edtottak nek\u00fcnk a hazug t\u00f6rt\u00e9nelem k\u00f6nyvek, mi\u00e9rt [&hellip;]","og_url":"https:\/\/stemeric.com\/hu\/csiksomlyoi-zarandoklat-elmenyei-2016-majus-11-19\/","og_site_name":"St. Emeric Church","article_publisher":"https:\/\/www.facebook.com\/saintemeric","article_published_time":"2016-06-02T04:16:48+00:00","article_modified_time":"2016-06-06T13:16:35+00:00","author":"Fr. Andras Mezei","twitter_card":"summary_large_image","twitter_image":"https:\/\/i0.wp.com\/stemeric.com\/wp-content\/uploads\/2016\/05\/IMGP2768.jpg?fit=800%2C533&ssl=1","twitter_misc":{"Szerz\u0151:":"Fr. Andras Mezei","Becs\u00fclt olvas\u00e1si id\u0151":"5 perc"},"schema":{"@context":"https:\/\/schema.org","@graph":[{"@type":"Article","@id":"https:\/\/stemeric.com\/hu\/csiksomlyoi-zarandoklat-elmenyei-2016-majus-11-19\/#article","isPartOf":{"@id":"https:\/\/stemeric.com\/hu\/csiksomlyoi-zarandoklat-elmenyei-2016-majus-11-19\/"},"author":{"name":"Fr. Andras Mezei","@id":"https:\/\/stemeric.com\/#\/schema\/person\/a9129aeb3a3d72fc6b7a387c4252eeb7"},"headline":"Cs\u00edksomly\u00f3i zar\u00e1ndoklat \u00e9lm\u00e9nyei &#8211; 2016. m\u00e1jus 11-19.","datePublished":"2016-06-02T04:16:48+00:00","dateModified":"2016-06-06T13:16:35+00:00","mainEntityOfPage":{"@id":"https:\/\/stemeric.com\/hu\/csiksomlyoi-zarandoklat-elmenyei-2016-majus-11-19\/"},"wordCount":952,"commentCount":1,"publisher":{"@id":"https:\/\/stemeric.com\/#organization"},"image":{"@id":"https:\/\/stemeric.com\/hu\/csiksomlyoi-zarandoklat-elmenyei-2016-majus-11-19\/#primaryimage"},"thumbnailUrl":"https:\/\/i0.wp.com\/stemeric.com\/wp-content\/uploads\/2016\/05\/IMGP2768.jpg?fit=800%2C533&ssl=1","articleSection":["H\u00edrek"],"inLanguage":"hu","potentialAction":[{"@type":"CommentAction","name":"Comment","target":["https:\/\/stemeric.com\/hu\/csiksomlyoi-zarandoklat-elmenyei-2016-majus-11-19\/#respond"]}]},{"@type":"WebPage","@id":"https:\/\/stemeric.com\/hu\/csiksomlyoi-zarandoklat-elmenyei-2016-majus-11-19\/","url":"https:\/\/stemeric.com\/hu\/csiksomlyoi-zarandoklat-elmenyei-2016-majus-11-19\/","name":"Cs\u00edksomly\u00f3i zar\u00e1ndoklat \u00e9lm\u00e9nyei - 2016. m\u00e1jus 11-19. - St. Emeric Church","isPartOf":{"@id":"https:\/\/stemeric.com\/#website"},"primaryImageOfPage":{"@id":"https:\/\/stemeric.com\/hu\/csiksomlyoi-zarandoklat-elmenyei-2016-majus-11-19\/#primaryimage"},"image":{"@id":"https:\/\/stemeric.com\/hu\/csiksomlyoi-zarandoklat-elmenyei-2016-majus-11-19\/#primaryimage"},"thumbnailUrl":"https:\/\/i0.wp.com\/stemeric.com\/wp-content\/uploads\/2016\/05\/IMGP2768.jpg?fit=800%2C533&ssl=1","datePublished":"2016-06-02T04:16:48+00:00","dateModified":"2016-06-06T13:16:35+00:00","breadcrumb":{"@id":"https:\/\/stemeric.com\/hu\/csiksomlyoi-zarandoklat-elmenyei-2016-majus-11-19\/#breadcrumb"},"inLanguage":"hu","potentialAction":[{"@type":"ReadAction","target":["https:\/\/stemeric.com\/hu\/csiksomlyoi-zarandoklat-elmenyei-2016-majus-11-19\/"]}]},{"@type":"ImageObject","inLanguage":"hu","@id":"https:\/\/stemeric.com\/hu\/csiksomlyoi-zarandoklat-elmenyei-2016-majus-11-19\/#primaryimage","url":"https:\/\/i0.wp.com\/stemeric.com\/wp-content\/uploads\/2016\/05\/IMGP2768.jpg?fit=800%2C533&ssl=1","contentUrl":"https:\/\/i0.wp.com\/stemeric.com\/wp-content\/uploads\/2016\/05\/IMGP2768.jpg?fit=800%2C533&ssl=1","width":800,"height":533},{"@type":"BreadcrumbList","@id":"https:\/\/stemeric.com\/hu\/csiksomlyoi-zarandoklat-elmenyei-2016-majus-11-19\/#breadcrumb","itemListElement":[{"@type":"ListItem","position":1,"name":"Home","item":"https:\/\/stemeric.com\/hu\/"},{"@type":"ListItem","position":2,"name":"Cs\u00edksomly\u00f3i zar\u00e1ndoklat \u00e9lm\u00e9nyei &#8211; 2016. m\u00e1jus 11-19."}]},{"@type":"WebSite","@id":"https:\/\/stemeric.com\/#website","url":"https:\/\/stemeric.com\/","name":"St. Emeric Church","description":"Szent Imre R\u00f3mai Katolikus Magyar Egyh\u00e1zk\u00f6zs\u00e9g","publisher":{"@id":"https:\/\/stemeric.com\/#organization"},"potentialAction":[{"@type":"SearchAction","target":{"@type":"EntryPoint","urlTemplate":"https:\/\/stemeric.com\/?s={search_term_string}"},"query-input":{"@type":"PropertyValueSpecification","valueRequired":true,"valueName":"search_term_string"}}],"inLanguage":"hu"},{"@type":"Organization","@id":"https:\/\/stemeric.com\/#organization","name":"St. Emeric Church","url":"https:\/\/stemeric.com\/","logo":{"@type":"ImageObject","inLanguage":"hu","@id":"https:\/\/stemeric.com\/#\/schema\/logo\/image\/","url":"https:\/\/stemeric.com\/wp-content\/uploads\/2015\/11\/SzentImre4.png","contentUrl":"https:\/\/stemeric.com\/wp-content\/uploads\/2015\/11\/SzentImre4.png","width":800,"height":167,"caption":"St. Emeric Church"},"image":{"@id":"https:\/\/stemeric.com\/#\/schema\/logo\/image\/"},"sameAs":["https:\/\/www.facebook.com\/saintemeric"]},{"@type":"Person","@id":"https:\/\/stemeric.com\/#\/schema\/person\/a9129aeb3a3d72fc6b7a387c4252eeb7","name":"Fr. Andras Mezei","image":{"@type":"ImageObject","inLanguage":"hu","@id":"https:\/\/secure.gravatar.com\/avatar\/f2d48dce47b76c650bfce345a02e13ea58588c82f63ca35fd6d53776005ab90a?s=96&d=mm&r=g","url":"https:\/\/secure.gravatar.com\/avatar\/f2d48dce47b76c650bfce345a02e13ea58588c82f63ca35fd6d53776005ab90a?s=96&d=mm&r=g","contentUrl":"https:\/\/secure.gravatar.com\/avatar\/f2d48dce47b76c650bfce345a02e13ea58588c82f63ca35fd6d53776005ab90a?s=96&d=mm&r=g","caption":"Fr. Andras Mezei"},"url":"https:\/\/stemeric.com\/hu\/author\/mezeiandras\/"}]}},"jetpack_publicize_connections":[],"jetpack_featured_media_url":"https:\/\/i0.wp.com\/stemeric.com\/wp-content\/uploads\/2016\/05\/IMGP2768.jpg?fit=800%2C533&ssl=1","jetpack_sharing_enabled":true,"jetpack_shortlink":"https:\/\/wp.me\/pffxLh-pc","_links":{"self":[{"href":"https:\/\/stemeric.com\/hu\/wp-json\/wp\/v2\/posts\/1562","targetHints":{"allow":["GET"]}}],"collection":[{"href":"https:\/\/stemeric.com\/hu\/wp-json\/wp\/v2\/posts"}],"about":[{"href":"https:\/\/stemeric.com\/hu\/wp-json\/wp\/v2\/types\/post"}],"author":[{"embeddable":true,"href":"https:\/\/stemeric.com\/hu\/wp-json\/wp\/v2\/users\/3"}],"replies":[{"embeddable":true,"href":"https:\/\/stemeric.com\/hu\/wp-json\/wp\/v2\/comments?post=1562"}],"version-history":[{"count":0,"href":"https:\/\/stemeric.com\/hu\/wp-json\/wp\/v2\/posts\/1562\/revisions"}],"wp:featuredmedia":[{"embeddable":true,"href":"https:\/\/stemeric.com\/hu\/wp-json\/wp\/v2\/media\/1437"}],"wp:attachment":[{"href":"https:\/\/stemeric.com\/hu\/wp-json\/wp\/v2\/media?parent=1562"}],"wp:term":[{"taxonomy":"category","embeddable":true,"href":"https:\/\/stemeric.com\/hu\/wp-json\/wp\/v2\/categories?post=1562"},{"taxonomy":"post_tag","embeddable":true,"href":"https:\/\/stemeric.com\/hu\/wp-json\/wp\/v2\/tags?post=1562"}],"curies":[{"name":"wp","href":"https:\/\/api.w.org\/{rel}","templated":true}]}}