{"id":16226,"date":"2025-08-24T07:45:53","date_gmt":"2025-08-24T11:45:53","guid":{"rendered":"https:\/\/stemeric.com\/?p=16226"},"modified":"2025-08-24T07:49:38","modified_gmt":"2025-08-24T11:49:38","slug":"evkozi-21-vasarnap-2025-augusztus-24","status":"publish","type":"post","link":"https:\/\/stemeric.com\/hu\/evkozi-21-vasarnap-2025-augusztus-24\/","title":{"rendered":"\u00c9VK\u00d6ZI 21. VAS\u00c1RNAP \u2013 2025, augusztus 24."},"content":{"rendered":"<p><em>K\u00e9rj\u00fck, tekints\u00e9k meg az angol nyelv\u0171 r\u00e9szt is (link az alj\u00e1n), mert az tartalmazza a szentmis\u00e9k sz\u00e1nd\u00e9kait \u00e9s m\u00e1s fontos t\u00e1j\u00e9koztat\u00e1st.<\/em><\/p>\n<p><strong>V\u00c1LASZOS ZSOLT\u00c1R: Menjetek el az eg\u00e9sz vil\u00e1gra, \u00e9s hirdess\u00e9tek az evang\u00e9liumot!<\/strong><\/p>\n<p><strong><u>B\u00d3NA ATYA TOLL\u00c1B\u00d3L<\/u><\/strong><strong>:<\/strong> A m\u00falt h\u00e9ten megtartottuk a Szent Istv\u00e1n-napi pikniket. Kiss\u00e9 meleg volt az id\u0151, de a kinti szell\u0151vel el\u00e9g kellemes volt. Az es\u0151 is elker\u00fclt minket, \u00edgy a teremben \u00e9s kint a p\u00e1zsiton is tudtuk vend\u00e9g\u00fcl l\u00e1tni vend\u00e9geinket (\u00e9s \u00e9lvezni egym\u00e1s t\u00e1rsas\u00e1g\u00e1t). Az \u00e9telek finomak voltak, \u00e9s a zene a teremben (\u00e9s kint) kellemes volt. K\u00f6sz\u00f6nt\u00f6tt\u00fck Bakondi B\u00e1lint urat a chicag\u00f3i magyar konzul\u00e1tusr\u00f3l, \u00e9s megtekinthett\u00fck a cserk\u00e9sz n\u00e9pt\u00e1ncegy\u00fcttes, a Reg\u0151s fell\u00e9p\u00e9s\u00e9t. Nagyon-nagyon k\u00f6sz\u00f6n\u00f6m mindenkinek, aki b\u00e1rmilyen m\u00f3don seg\u00edtett a nap esem\u00e9ny\u00e9ben, a piknik szervez\u00e9s\u00e9ben \u00e9s lebonyol\u00edt\u00e1s\u00e1ban. Az egyh\u00e1z sz\u00e1m\u00e1ra a nyeres\u00e9g 7100 doll\u00e1r volt &#8211; nagy siker! A tombola nyertese (367 doll\u00e1r) Tom Rooney volt, aki a nyerem\u00e9nyt nagylelk\u0171en visszaadta a templomnak. Ism\u00e9t nagyra \u00e9rt\u00e9kelem mindenkinek az egyh\u00e1zk\u00f6zs\u00e9g\u00fcnk ir\u00e1nti elk\u00f6telezetts\u00e9g\u00e9t.<\/p>\n<p><strong><u>IDEIGLENES MISE ID\u0150PONT V\u00c1LTOZ\u00c1SOK<\/u><\/strong><strong>:<\/strong> <strong>(1)<\/strong> Ezen a h\u00e9ten <strong>szerd\u00e1n a h\u00e9tk\u00f6znapi szentmise 8:30-kor lesz, cs\u00fct\u00f6rt\u00f6k\u00f6n pedig nem lesz h\u00e9tk\u00f6znapi szentmise<\/strong>. <strong>(2)<\/strong> Az elm\u00falt \u00e9vek tapasztalatai alapj\u00e1n, miszerint nagyon kevesen j\u00f6ttek el ide Szent Imr\u00e9be, amikor a cserk\u00e9sznapon is volt szentmise a N\u00e9met Centr\u00e1l Parkban, <strong>augusztus 31-\u00e9n, vas\u00e1rnap nem lesz 11 \u00f3rai szentmise itt a templomban.<\/strong> A 9 \u00f3rai szentmise v\u00e1ltozatlanul (angol nyelven) meg lesz tartva. <strong>(3)<\/strong> Id\u00e9n szeptember 6-\u00e1n lesz pontosan 100 \u00e9ve, hogy a Szent Imre pl\u00e9b\u00e1nia jelenlegi templom\u00e1t felszentelt\u00e9k. B\u00e1r erre az \u00e9vfordul\u00f3ra ink\u00e1bb a novemberi v\u00e9d\u0151szent\u00fcnk \u00fcnnep\u00e9n fogunk eml\u00e9kezni, szeretn\u00e9m, ha ezen a napon egy k\u00fcl\u00f6nleges szentmis\u00e9re gy\u0171ln\u00e9nk \u00f6ssze. Ez\u00e9rt szeptember 6-\u00e1n, <strong>szombaton, 5 \u00f3rakor d\u00e9lut\u00e1n magyar nyelv\u0171 szentmis\u00e9t tartunk<\/strong> (nem angolul, ahogy szok\u00e1s), amely ut\u00e1n tort\u00e1t k\u00ednalunk fel term\u00fcnkben. <strong>(4)<\/strong> Szeptember 7-\u00e9n tervezz\u00fck, hogy a Szent Erzs\u00e9bet kegyhelyen \u00fajra megszentelj\u00fck a McKeesporti Szent Istv\u00e1n templomb\u00f3l val\u00f3 fel\u00faj\u00edtott sarokk\u00f6vet. <strong>Ez\u00e9rt aznap nem lesz 11 \u00f3rakor szentmise itt a Szent Imr\u00e9ben, hanem 11:30-kor a Szent Erzs\u00e9bet kegyhelyen tartunk szentmis\u00e9t,<\/strong> amelyet r\u00f6vid szertart\u00e1s \u00e9s kis fogad\u00e1s k\u00f6vet.<\/p>\n<p><strong><u>BAZ\u00c1R AKCI\u00d3 (CSAK EZEN A H\u00c9TV\u00c9G\u00c9N)<\/u><\/strong><strong>:<\/strong> A lesz\u00e1ll\u00edtott dolgok szob\u00e1j\u00e1ban (az aj\u00e1nd\u00e9kboltunkt\u00f3l jobbra \u2013 a k\u00e1v\u00e9z\u00f3), 5 doll\u00e1r\u00e9rt b\u00e1rmi az \u00f6n\u00e9 lehet, ami belef\u00e9r a rendelkez\u00e9sre bocs\u00e1tott t\u00e1sk\u00e1ba! Ha m\u00e1r ott van, n\u00e9zze meg a szok\u00e1sos aj\u00e1nd\u00e9kboltos cikkeinket is. A baz\u00e1rt az Olt\u00e1r egylet m\u0171k\u00f6dteti, \u00e9s a bev\u00e9telb\u0151l az egylet seg\u00edti az egyh\u00e1zk\u00f6zs\u00e9g er\u0151fesz\u00edt\u00e9seit, k\u00fcl\u00f6n\u00f6sen a templomunk sz\u00e9p\u00edt\u00e9s\u00e9t (k\u00edv\u00fcl \u00e9s bel\u00fcl).<\/p>\n<p><strong><u>ELM\u00c9LKED\u00c9S<\/u><\/strong><strong>:<\/strong> A szeretet nem cs\u00fcgged a balsorsban, mert t\u00fcrelmes; nem \u00e1ll bossz\u00fat az ellens\u00e9gen, mert nagylelk\u0171: nem irigykedik a m\u00e1sikra, mert j\u00f3akarat\u00fa; nem gy\u00f6tri a rossz lelkiismeret, mert mindig a j\u00f3ra t\u00f6rekszik.<\/p>\n<p><strong><u>\u00c1LTAL\u00c1NOS EML\u00c9KEZTET\u00c9S A PARKOL\u00c1SR\u00d3L<\/u><\/strong><strong>:<\/strong> A hamarosan befejez\u0151d\u0151, szemk\u00f6zti \u00e9p\u00fclet miatt a zs\u00e1kutca ism\u00e9t nyitva \u00e1ll a forgalom sz\u00e1m\u00e1ra. A templomel\u0151tti k\u00f6rt\u00e9rben nem szabad parkolni, mivel az a v\u00e9szhelyzeti j\u00e1rm\u0171vek, k\u00fcl\u00f6n\u00f6sen a t\u0171zolt\u00f3aut\u00f3k sz\u00e1m\u00e1ra kijel\u00f6lt fordul\u00f3hely. Mint ismeretes, lehet\u0151s\u00e9g\u00fcnk van ingyenesen parkolni a West Side Market parkol\u00f3j\u00e1ban. Ahhoz, hogy ezt a parkol\u00e1si lehet\u0151s\u00e9get biztos\u00edtsuk, egy \u0171rlap kit\u00f6lt\u00e9s\u00e9vel regisztr\u00e1lnunk kell az aut\u00f3inkat (Az \u0171rlap a templom ajtaj\u00e1n\u00e1l tal\u00e1lhat\u00f3). Nagyon aj\u00e1nlom ezt azoknak, akik m\u00e9g nem tett\u00e9k meg, mivel a parkol\u00e1s n\u00e1lunk csak nagyj\u00e1b\u00f3l 30 aut\u00f3ra korl\u00e1toz\u00f3dik. A kit\u00f6lt\u00f6tt \u0171rlapot (jel\u00f6lje be az Opt Out opci\u00f3t, de a bejelentkez\u00e9si r\u00e9szt ne t\u00f6ltse ki) be kell szkennelni \u00e9s elk\u00fcldeni az \u0171rlap tetej\u00e9n l\u00e9v\u0151 c\u00edmre. A kit\u00f6lt\u00f6tt \u0171rlapok biztos\u00edt\u00e1sa mellett seg\u00edthet\u00fcnk beszkennelni \u00e9s e-mailben elk\u00fcldeni \u0151ket, ha sz\u00fcks\u00e9g lenne r\u00e1.<\/p>\n<p><strong><u>AZ ONLINE SZENTMISEK\u00d6ZVET\u00cdT\u00c9S<\/u><\/strong><strong> \u2013<\/strong> d.e. 11:00 \u2013 kor Szent Imre templomb\u00f3l <a href=\"https:\/\/www.facebook.com\/saintemeric\/\">https:\/\/www.facebook.com\/saintemeric\/<\/a> \u00e9s a <a href=\"https:\/\/stemeric.com\/hu\/\">https:\/\/stemeric.com\/hu\/<\/a> honlapokon lesz.<\/p>\n<p style=\"text-align: center;\"><strong>IM\u00c1DKOZZUNK MINDEN NAP H\u00c1ROM \u00dcDV\u00d6ZL\u00c9GYET PL\u00c9B\u00c1NI\u00c1NK\u00c9RT!<\/strong><\/p>\n","protected":false},"excerpt":{"rendered":"<p>K\u00e9rj\u00fck, tekints\u00e9k meg az angol nyelv\u0171 r\u00e9szt is (link az alj\u00e1n), mert az tartalmazza a szentmis\u00e9k sz\u00e1nd\u00e9kait \u00e9s m\u00e1s fontos t\u00e1j\u00e9koztat\u00e1st. V\u00c1LASZOS ZSOLT\u00c1R: Menjetek el az eg\u00e9sz vil\u00e1gra, \u00e9s hirdess\u00e9tek az evang\u00e9liumot! B\u00d3NA ATYA TOLL\u00c1B\u00d3L: A m\u00falt h\u00e9ten megtartottuk a Szent Istv\u00e1n-napi pikniket. Kiss\u00e9 meleg volt az id\u0151, de a kinti szell\u0151vel el\u00e9g kellemes volt. [&hellip;]<\/p>\n","protected":false},"author":6,"featured_media":16224,"comment_status":"open","ping_status":"open","sticky":false,"template":"","format":"standard","meta":{"jetpack_post_was_ever_published":false,"_jetpack_newsletter_access":"","_jetpack_dont_email_post_to_subs":false,"_jetpack_newsletter_tier_id":0,"_jetpack_memberships_contains_paywalled_content":false,"_jetpack_memberships_contains_paid_content":false,"footnotes":"","jetpack_publicize_message":"","jetpack_publicize_feature_enabled":true,"jetpack_social_post_already_shared":true,"jetpack_social_options":{"image_generator_settings":{"template":"highway","default_image_id":0,"font":"","enabled":false},"version":2}},"categories":[12],"tags":[],"class_list":["post-16226","post","type-post","status-publish","format-standard","has-post-thumbnail","hentry","category-ertesito"],"yoast_head":"<!-- This site is optimized with the Yoast SEO plugin v27.5 - https:\/\/yoast.com\/product\/yoast-seo-wordpress\/ -->\n<title>\u00c9VK\u00d6ZI 21. VAS\u00c1RNAP \u2013 2025, augusztus 24. - St. Emeric Church<\/title>\n<meta name=\"robots\" content=\"index, follow, max-snippet:-1, max-image-preview:large, max-video-preview:-1\" \/>\n<link rel=\"canonical\" href=\"https:\/\/stemeric.com\/hu\/evkozi-21-vasarnap-2025-augusztus-24\/\" \/>\n<meta property=\"og:locale\" content=\"hu_HU\" \/>\n<meta property=\"og:type\" content=\"article\" \/>\n<meta property=\"og:title\" content=\"\u00c9VK\u00d6ZI 21. VAS\u00c1RNAP \u2013 2025, augusztus 24. - St. Emeric Church\" \/>\n<meta property=\"og:description\" content=\"K\u00e9rj\u00fck, tekints\u00e9k meg az angol nyelv\u0171 r\u00e9szt is (link az alj\u00e1n), mert az tartalmazza a szentmis\u00e9k sz\u00e1nd\u00e9kait \u00e9s m\u00e1s fontos t\u00e1j\u00e9koztat\u00e1st. V\u00c1LASZOS ZSOLT\u00c1R: Menjetek el az eg\u00e9sz vil\u00e1gra, \u00e9s hirdess\u00e9tek az evang\u00e9liumot! B\u00d3NA ATYA TOLL\u00c1B\u00d3L: A m\u00falt h\u00e9ten megtartottuk a Szent Istv\u00e1n-napi pikniket. Kiss\u00e9 meleg volt az id\u0151, de a kinti szell\u0151vel el\u00e9g kellemes volt. [&hellip;]\" \/>\n<meta property=\"og:url\" content=\"https:\/\/stemeric.com\/hu\/evkozi-21-vasarnap-2025-augusztus-24\/\" \/>\n<meta property=\"og:site_name\" content=\"St. Emeric Church\" \/>\n<meta property=\"article:publisher\" content=\"https:\/\/www.facebook.com\/saintemeric\" \/>\n<meta property=\"article:published_time\" content=\"2025-08-24T11:45:53+00:00\" \/>\n<meta property=\"article:modified_time\" content=\"2025-08-24T11:49:38+00:00\" \/>\n<meta property=\"og:image\" content=\"https:\/\/stemeric.com\/wp-content\/uploads\/2025\/08\/The-Narrow-Path-and-the-Wide-Path.jpg\" \/>\n\t<meta property=\"og:image:width\" content=\"813\" \/>\n\t<meta property=\"og:image:height\" content=\"1023\" \/>\n\t<meta property=\"og:image:type\" content=\"image\/jpeg\" \/>\n<meta name=\"author\" content=\"Fr. Bona\" \/>\n<meta name=\"twitter:card\" content=\"summary_large_image\" \/>\n<meta name=\"twitter:label1\" content=\"Szerz\u0151:\" \/>\n\t<meta name=\"twitter:data1\" content=\"Fr. Bona\" \/>\n\t<meta name=\"twitter:label2\" content=\"Becs\u00fclt olvas\u00e1si id\u0151\" \/>\n\t<meta name=\"twitter:data2\" content=\"3 perc\" \/>\n<script type=\"application\/ld+json\" class=\"yoast-schema-graph\">{\"@context\":\"https:\\\/\\\/schema.org\",\"@graph\":[{\"@type\":\"Article\",\"@id\":\"https:\\\/\\\/stemeric.com\\\/hu\\\/evkozi-21-vasarnap-2025-augusztus-24\\\/#article\",\"isPartOf\":{\"@id\":\"https:\\\/\\\/stemeric.com\\\/hu\\\/evkozi-21-vasarnap-2025-augusztus-24\\\/\"},\"author\":{\"name\":\"Fr. Bona\",\"@id\":\"https:\\\/\\\/stemeric.com\\\/#\\\/schema\\\/person\\\/bf0d9c9cb88a9bc031b1d708c8fd7c0d\"},\"headline\":\"\u00c9VK\u00d6ZI 21. VAS\u00c1RNAP \u2013 2025, augusztus 24.\",\"datePublished\":\"2025-08-24T11:45:53+00:00\",\"dateModified\":\"2025-08-24T11:49:38+00:00\",\"mainEntityOfPage\":{\"@id\":\"https:\\\/\\\/stemeric.com\\\/hu\\\/evkozi-21-vasarnap-2025-augusztus-24\\\/\"},\"wordCount\":860,\"commentCount\":0,\"publisher\":{\"@id\":\"https:\\\/\\\/stemeric.com\\\/#organization\"},\"image\":{\"@id\":\"https:\\\/\\\/stemeric.com\\\/hu\\\/evkozi-21-vasarnap-2025-augusztus-24\\\/#primaryimage\"},\"thumbnailUrl\":\"https:\\\/\\\/i0.wp.com\\\/stemeric.com\\\/wp-content\\\/uploads\\\/2025\\\/08\\\/The-Narrow-Path-and-the-Wide-Path.jpg?fit=813%2C1023&ssl=1\",\"articleSection\":[\"\u00c9rtes\u00edt\u0151\"],\"inLanguage\":\"hu\",\"potentialAction\":[{\"@type\":\"CommentAction\",\"name\":\"Comment\",\"target\":[\"https:\\\/\\\/stemeric.com\\\/hu\\\/evkozi-21-vasarnap-2025-augusztus-24\\\/#respond\"]}]},{\"@type\":\"WebPage\",\"@id\":\"https:\\\/\\\/stemeric.com\\\/hu\\\/evkozi-21-vasarnap-2025-augusztus-24\\\/\",\"url\":\"https:\\\/\\\/stemeric.com\\\/hu\\\/evkozi-21-vasarnap-2025-augusztus-24\\\/\",\"name\":\"\u00c9VK\u00d6ZI 21. VAS\u00c1RNAP \u2013 2025, augusztus 24. - St. Emeric Church\",\"isPartOf\":{\"@id\":\"https:\\\/\\\/stemeric.com\\\/#website\"},\"primaryImageOfPage\":{\"@id\":\"https:\\\/\\\/stemeric.com\\\/hu\\\/evkozi-21-vasarnap-2025-augusztus-24\\\/#primaryimage\"},\"image\":{\"@id\":\"https:\\\/\\\/stemeric.com\\\/hu\\\/evkozi-21-vasarnap-2025-augusztus-24\\\/#primaryimage\"},\"thumbnailUrl\":\"https:\\\/\\\/i0.wp.com\\\/stemeric.com\\\/wp-content\\\/uploads\\\/2025\\\/08\\\/The-Narrow-Path-and-the-Wide-Path.jpg?fit=813%2C1023&ssl=1\",\"datePublished\":\"2025-08-24T11:45:53+00:00\",\"dateModified\":\"2025-08-24T11:49:38+00:00\",\"breadcrumb\":{\"@id\":\"https:\\\/\\\/stemeric.com\\\/hu\\\/evkozi-21-vasarnap-2025-augusztus-24\\\/#breadcrumb\"},\"inLanguage\":\"hu\",\"potentialAction\":[{\"@type\":\"ReadAction\",\"target\":[\"https:\\\/\\\/stemeric.com\\\/hu\\\/evkozi-21-vasarnap-2025-augusztus-24\\\/\"]}]},{\"@type\":\"ImageObject\",\"inLanguage\":\"hu\",\"@id\":\"https:\\\/\\\/stemeric.com\\\/hu\\\/evkozi-21-vasarnap-2025-augusztus-24\\\/#primaryimage\",\"url\":\"https:\\\/\\\/i0.wp.com\\\/stemeric.com\\\/wp-content\\\/uploads\\\/2025\\\/08\\\/The-Narrow-Path-and-the-Wide-Path.jpg?fit=813%2C1023&ssl=1\",\"contentUrl\":\"https:\\\/\\\/i0.wp.com\\\/stemeric.com\\\/wp-content\\\/uploads\\\/2025\\\/08\\\/The-Narrow-Path-and-the-Wide-Path.jpg?fit=813%2C1023&ssl=1\",\"width\":813,\"height\":1023},{\"@type\":\"BreadcrumbList\",\"@id\":\"https:\\\/\\\/stemeric.com\\\/hu\\\/evkozi-21-vasarnap-2025-augusztus-24\\\/#breadcrumb\",\"itemListElement\":[{\"@type\":\"ListItem\",\"position\":1,\"name\":\"Home\",\"item\":\"https:\\\/\\\/stemeric.com\\\/hu\\\/\"},{\"@type\":\"ListItem\",\"position\":2,\"name\":\"\u00c9VK\u00d6ZI 21. VAS\u00c1RNAP \u2013 2025, augusztus 24.\"}]},{\"@type\":\"WebSite\",\"@id\":\"https:\\\/\\\/stemeric.com\\\/#website\",\"url\":\"https:\\\/\\\/stemeric.com\\\/\",\"name\":\"St. Emeric Church\",\"description\":\"Szent Imre R\u00f3mai Katolikus Magyar Egyh\u00e1zk\u00f6zs\u00e9g\",\"publisher\":{\"@id\":\"https:\\\/\\\/stemeric.com\\\/#organization\"},\"potentialAction\":[{\"@type\":\"SearchAction\",\"target\":{\"@type\":\"EntryPoint\",\"urlTemplate\":\"https:\\\/\\\/stemeric.com\\\/?s={search_term_string}\"},\"query-input\":{\"@type\":\"PropertyValueSpecification\",\"valueRequired\":true,\"valueName\":\"search_term_string\"}}],\"inLanguage\":\"hu\"},{\"@type\":\"Organization\",\"@id\":\"https:\\\/\\\/stemeric.com\\\/#organization\",\"name\":\"St. Emeric Church\",\"url\":\"https:\\\/\\\/stemeric.com\\\/\",\"logo\":{\"@type\":\"ImageObject\",\"inLanguage\":\"hu\",\"@id\":\"https:\\\/\\\/stemeric.com\\\/#\\\/schema\\\/logo\\\/image\\\/\",\"url\":\"https:\\\/\\\/stemeric.com\\\/wp-content\\\/uploads\\\/2015\\\/11\\\/SzentImre4.png\",\"contentUrl\":\"https:\\\/\\\/stemeric.com\\\/wp-content\\\/uploads\\\/2015\\\/11\\\/SzentImre4.png\",\"width\":800,\"height\":167,\"caption\":\"St. Emeric Church\"},\"image\":{\"@id\":\"https:\\\/\\\/stemeric.com\\\/#\\\/schema\\\/logo\\\/image\\\/\"},\"sameAs\":[\"https:\\\/\\\/www.facebook.com\\\/saintemeric\"]},{\"@type\":\"Person\",\"@id\":\"https:\\\/\\\/stemeric.com\\\/#\\\/schema\\\/person\\\/bf0d9c9cb88a9bc031b1d708c8fd7c0d\",\"name\":\"Fr. Bona\",\"image\":{\"@type\":\"ImageObject\",\"inLanguage\":\"hu\",\"@id\":\"https:\\\/\\\/secure.gravatar.com\\\/avatar\\\/dc8add36be833ddeaab5f45e4259b5e5c62368272ba2e29307768796901b66a4?s=96&d=mm&r=g\",\"url\":\"https:\\\/\\\/secure.gravatar.com\\\/avatar\\\/dc8add36be833ddeaab5f45e4259b5e5c62368272ba2e29307768796901b66a4?s=96&d=mm&r=g\",\"contentUrl\":\"https:\\\/\\\/secure.gravatar.com\\\/avatar\\\/dc8add36be833ddeaab5f45e4259b5e5c62368272ba2e29307768796901b66a4?s=96&d=mm&r=g\",\"caption\":\"Fr. Bona\"},\"url\":\"https:\\\/\\\/stemeric.com\\\/hu\\\/author\\\/bonaatya\\\/\"}]}<\/script>\n<!-- \/ Yoast SEO plugin. -->","yoast_head_json":{"title":"\u00c9VK\u00d6ZI 21. VAS\u00c1RNAP \u2013 2025, augusztus 24. - St. Emeric Church","robots":{"index":"index","follow":"follow","max-snippet":"max-snippet:-1","max-image-preview":"max-image-preview:large","max-video-preview":"max-video-preview:-1"},"canonical":"https:\/\/stemeric.com\/hu\/evkozi-21-vasarnap-2025-augusztus-24\/","og_locale":"hu_HU","og_type":"article","og_title":"\u00c9VK\u00d6ZI 21. VAS\u00c1RNAP \u2013 2025, augusztus 24. - St. Emeric Church","og_description":"K\u00e9rj\u00fck, tekints\u00e9k meg az angol nyelv\u0171 r\u00e9szt is (link az alj\u00e1n), mert az tartalmazza a szentmis\u00e9k sz\u00e1nd\u00e9kait \u00e9s m\u00e1s fontos t\u00e1j\u00e9koztat\u00e1st. V\u00c1LASZOS ZSOLT\u00c1R: Menjetek el az eg\u00e9sz vil\u00e1gra, \u00e9s hirdess\u00e9tek az evang\u00e9liumot! B\u00d3NA ATYA TOLL\u00c1B\u00d3L: A m\u00falt h\u00e9ten megtartottuk a Szent Istv\u00e1n-napi pikniket. Kiss\u00e9 meleg volt az id\u0151, de a kinti szell\u0151vel el\u00e9g kellemes volt. [&hellip;]","og_url":"https:\/\/stemeric.com\/hu\/evkozi-21-vasarnap-2025-augusztus-24\/","og_site_name":"St. Emeric Church","article_publisher":"https:\/\/www.facebook.com\/saintemeric","article_published_time":"2025-08-24T11:45:53+00:00","article_modified_time":"2025-08-24T11:49:38+00:00","og_image":[{"width":813,"height":1023,"url":"https:\/\/stemeric.com\/wp-content\/uploads\/2025\/08\/The-Narrow-Path-and-the-Wide-Path.jpg","type":"image\/jpeg"}],"author":"Fr. Bona","twitter_card":"summary_large_image","twitter_misc":{"Szerz\u0151:":"Fr. Bona","Becs\u00fclt olvas\u00e1si id\u0151":"3 perc"},"schema":{"@context":"https:\/\/schema.org","@graph":[{"@type":"Article","@id":"https:\/\/stemeric.com\/hu\/evkozi-21-vasarnap-2025-augusztus-24\/#article","isPartOf":{"@id":"https:\/\/stemeric.com\/hu\/evkozi-21-vasarnap-2025-augusztus-24\/"},"author":{"name":"Fr. Bona","@id":"https:\/\/stemeric.com\/#\/schema\/person\/bf0d9c9cb88a9bc031b1d708c8fd7c0d"},"headline":"\u00c9VK\u00d6ZI 21. VAS\u00c1RNAP \u2013 2025, augusztus 24.","datePublished":"2025-08-24T11:45:53+00:00","dateModified":"2025-08-24T11:49:38+00:00","mainEntityOfPage":{"@id":"https:\/\/stemeric.com\/hu\/evkozi-21-vasarnap-2025-augusztus-24\/"},"wordCount":860,"commentCount":0,"publisher":{"@id":"https:\/\/stemeric.com\/#organization"},"image":{"@id":"https:\/\/stemeric.com\/hu\/evkozi-21-vasarnap-2025-augusztus-24\/#primaryimage"},"thumbnailUrl":"https:\/\/i0.wp.com\/stemeric.com\/wp-content\/uploads\/2025\/08\/The-Narrow-Path-and-the-Wide-Path.jpg?fit=813%2C1023&ssl=1","articleSection":["\u00c9rtes\u00edt\u0151"],"inLanguage":"hu","potentialAction":[{"@type":"CommentAction","name":"Comment","target":["https:\/\/stemeric.com\/hu\/evkozi-21-vasarnap-2025-augusztus-24\/#respond"]}]},{"@type":"WebPage","@id":"https:\/\/stemeric.com\/hu\/evkozi-21-vasarnap-2025-augusztus-24\/","url":"https:\/\/stemeric.com\/hu\/evkozi-21-vasarnap-2025-augusztus-24\/","name":"\u00c9VK\u00d6ZI 21. VAS\u00c1RNAP \u2013 2025, augusztus 24. - St. Emeric Church","isPartOf":{"@id":"https:\/\/stemeric.com\/#website"},"primaryImageOfPage":{"@id":"https:\/\/stemeric.com\/hu\/evkozi-21-vasarnap-2025-augusztus-24\/#primaryimage"},"image":{"@id":"https:\/\/stemeric.com\/hu\/evkozi-21-vasarnap-2025-augusztus-24\/#primaryimage"},"thumbnailUrl":"https:\/\/i0.wp.com\/stemeric.com\/wp-content\/uploads\/2025\/08\/The-Narrow-Path-and-the-Wide-Path.jpg?fit=813%2C1023&ssl=1","datePublished":"2025-08-24T11:45:53+00:00","dateModified":"2025-08-24T11:49:38+00:00","breadcrumb":{"@id":"https:\/\/stemeric.com\/hu\/evkozi-21-vasarnap-2025-augusztus-24\/#breadcrumb"},"inLanguage":"hu","potentialAction":[{"@type":"ReadAction","target":["https:\/\/stemeric.com\/hu\/evkozi-21-vasarnap-2025-augusztus-24\/"]}]},{"@type":"ImageObject","inLanguage":"hu","@id":"https:\/\/stemeric.com\/hu\/evkozi-21-vasarnap-2025-augusztus-24\/#primaryimage","url":"https:\/\/i0.wp.com\/stemeric.com\/wp-content\/uploads\/2025\/08\/The-Narrow-Path-and-the-Wide-Path.jpg?fit=813%2C1023&ssl=1","contentUrl":"https:\/\/i0.wp.com\/stemeric.com\/wp-content\/uploads\/2025\/08\/The-Narrow-Path-and-the-Wide-Path.jpg?fit=813%2C1023&ssl=1","width":813,"height":1023},{"@type":"BreadcrumbList","@id":"https:\/\/stemeric.com\/hu\/evkozi-21-vasarnap-2025-augusztus-24\/#breadcrumb","itemListElement":[{"@type":"ListItem","position":1,"name":"Home","item":"https:\/\/stemeric.com\/hu\/"},{"@type":"ListItem","position":2,"name":"\u00c9VK\u00d6ZI 21. VAS\u00c1RNAP \u2013 2025, augusztus 24."}]},{"@type":"WebSite","@id":"https:\/\/stemeric.com\/#website","url":"https:\/\/stemeric.com\/","name":"St. Emeric Church","description":"Szent Imre R\u00f3mai Katolikus Magyar Egyh\u00e1zk\u00f6zs\u00e9g","publisher":{"@id":"https:\/\/stemeric.com\/#organization"},"potentialAction":[{"@type":"SearchAction","target":{"@type":"EntryPoint","urlTemplate":"https:\/\/stemeric.com\/?s={search_term_string}"},"query-input":{"@type":"PropertyValueSpecification","valueRequired":true,"valueName":"search_term_string"}}],"inLanguage":"hu"},{"@type":"Organization","@id":"https:\/\/stemeric.com\/#organization","name":"St. Emeric Church","url":"https:\/\/stemeric.com\/","logo":{"@type":"ImageObject","inLanguage":"hu","@id":"https:\/\/stemeric.com\/#\/schema\/logo\/image\/","url":"https:\/\/stemeric.com\/wp-content\/uploads\/2015\/11\/SzentImre4.png","contentUrl":"https:\/\/stemeric.com\/wp-content\/uploads\/2015\/11\/SzentImre4.png","width":800,"height":167,"caption":"St. Emeric Church"},"image":{"@id":"https:\/\/stemeric.com\/#\/schema\/logo\/image\/"},"sameAs":["https:\/\/www.facebook.com\/saintemeric"]},{"@type":"Person","@id":"https:\/\/stemeric.com\/#\/schema\/person\/bf0d9c9cb88a9bc031b1d708c8fd7c0d","name":"Fr. Bona","image":{"@type":"ImageObject","inLanguage":"hu","@id":"https:\/\/secure.gravatar.com\/avatar\/dc8add36be833ddeaab5f45e4259b5e5c62368272ba2e29307768796901b66a4?s=96&d=mm&r=g","url":"https:\/\/secure.gravatar.com\/avatar\/dc8add36be833ddeaab5f45e4259b5e5c62368272ba2e29307768796901b66a4?s=96&d=mm&r=g","contentUrl":"https:\/\/secure.gravatar.com\/avatar\/dc8add36be833ddeaab5f45e4259b5e5c62368272ba2e29307768796901b66a4?s=96&d=mm&r=g","caption":"Fr. Bona"},"url":"https:\/\/stemeric.com\/hu\/author\/bonaatya\/"}]}},"jetpack_publicize_connections":[],"jetpack_featured_media_url":"https:\/\/i0.wp.com\/stemeric.com\/wp-content\/uploads\/2025\/08\/The-Narrow-Path-and-the-Wide-Path.jpg?fit=813%2C1023&ssl=1","jetpack_sharing_enabled":true,"jetpack_shortlink":"https:\/\/wp.me\/pffxLh-4dI","_links":{"self":[{"href":"https:\/\/stemeric.com\/hu\/wp-json\/wp\/v2\/posts\/16226","targetHints":{"allow":["GET"]}}],"collection":[{"href":"https:\/\/stemeric.com\/hu\/wp-json\/wp\/v2\/posts"}],"about":[{"href":"https:\/\/stemeric.com\/hu\/wp-json\/wp\/v2\/types\/post"}],"author":[{"embeddable":true,"href":"https:\/\/stemeric.com\/hu\/wp-json\/wp\/v2\/users\/6"}],"replies":[{"embeddable":true,"href":"https:\/\/stemeric.com\/hu\/wp-json\/wp\/v2\/comments?post=16226"}],"version-history":[{"count":1,"href":"https:\/\/stemeric.com\/hu\/wp-json\/wp\/v2\/posts\/16226\/revisions"}],"predecessor-version":[{"id":16227,"href":"https:\/\/stemeric.com\/hu\/wp-json\/wp\/v2\/posts\/16226\/revisions\/16227"}],"wp:featuredmedia":[{"embeddable":true,"href":"https:\/\/stemeric.com\/hu\/wp-json\/wp\/v2\/media\/16224"}],"wp:attachment":[{"href":"https:\/\/stemeric.com\/hu\/wp-json\/wp\/v2\/media?parent=16226"}],"wp:term":[{"taxonomy":"category","embeddable":true,"href":"https:\/\/stemeric.com\/hu\/wp-json\/wp\/v2\/categories?post=16226"},{"taxonomy":"post_tag","embeddable":true,"href":"https:\/\/stemeric.com\/hu\/wp-json\/wp\/v2\/tags?post=16226"}],"curies":[{"name":"wp","href":"https:\/\/api.w.org\/{rel}","templated":true}]}}