{"id":1632,"date":"2016-07-23T22:31:22","date_gmt":"2016-07-24T02:31:22","guid":{"rendered":"https:\/\/stemeric.com\/hu\/?p=1632"},"modified":"2016-07-23T22:34:01","modified_gmt":"2016-07-24T02:34:01","slug":"evkozi-17-vasarnap-2016-julius-24","status":"publish","type":"post","link":"https:\/\/stemeric.com\/hu\/evkozi-17-vasarnap-2016-julius-24\/","title":{"rendered":"\u00c9vk\u00f6zi 17. vas\u00e1rnap &#8211; 2016. j\u00falius 24."},"content":{"rendered":"<div id=\"attachment_1631\" style=\"width: 810px\" class=\"wp-caption alignnone\"><a href=\"https:\/\/stemeric.com\/17th-sunday-ordinary-time-july-24-2016\/sunset-man-of-prayer\/\" rel=\"attachment wp-att-1631\"><img data-recalc-dims=\"1\" decoding=\"async\" aria-describedby=\"caption-attachment-1631\" class=\"size-large wp-image-1631 lazyload\" data-src=\"https:\/\/i0.wp.com\/stemeric.com\/wp-content\/uploads\/2016\/07\/praying-cross.jpg?resize=800%2C511&#038;ssl=1\" alt=\"Beautiful sunset as man bows down to pray God before a cross.\" width=\"800\" height=\"511\" data-srcset=\"https:\/\/i0.wp.com\/stemeric.com\/wp-content\/uploads\/2016\/07\/praying-cross.jpg?w=800&amp;ssl=1 800w, https:\/\/i0.wp.com\/stemeric.com\/wp-content\/uploads\/2016\/07\/praying-cross.jpg?resize=300%2C192&amp;ssl=1 300w, https:\/\/i0.wp.com\/stemeric.com\/wp-content\/uploads\/2016\/07\/praying-cross.jpg?resize=768%2C491&amp;ssl=1 768w\" data-sizes=\"(max-width: 800px) 100vw, 800px\" src=\"data:image\/svg+xml;base64,PHN2ZyB3aWR0aD0iMSIgaGVpZ2h0PSIxIiB4bWxucz0iaHR0cDovL3d3dy53My5vcmcvMjAwMC9zdmciPjwvc3ZnPg==\" style=\"--smush-placeholder-width: 800px; --smush-placeholder-aspect-ratio: 800\/511;\" \/><\/a><p id=\"caption-attachment-1631\" class=\"wp-caption-text\">Beautiful sunset as man bows down to pray God before a cross.<\/p><\/div>\n<h5>17<sup>th<\/sup> Sunday in Ordinary Time\u00a0\u00a0\u00a0\u00a0\u00a0\u00a0\u00a0\u00a0\u00a0\u00a0\u00a0\u00a0\u00a0\u00a0 July 24, 2016\u00a0\u00a0\u00a0\u00a0\u00a0\u00a0 \u00a0\u00a0\u00a0\u00a0\u00a0\u00a0\u00a0\u00a0\u00a0\u00a0\u00a0\u00a0\u00a0\u00a0\u00a0\u00a0\u00a0\u00a0\u00c9vk\u00f6zi 17. vas\u00e1rnap<\/h5>\n<h5>V\u00c1LASZOS ZSOLT\u00c1R:\u00a0 Amely napon hozz\u00e1d ki\u00e1ltok,* hallgas meg engem, Istenem.<\/h5>\n<h5>TODAY\u2019S MASS \u00a0&#8212; For Magdolna Vasadi, by V\u00e1mos Family<\/h5>\n<h4><u>MASS INTENTIONS FOR THE COMING WEEK:<\/u><\/h4>\n<table>\n<tbody>\n<tr>\n<td width=\"62\">July<\/td>\n<td width=\"36\">25<\/td>\n<td width=\"84\">Monday<\/td>\n<td width=\"84\">9:00 AM<\/td>\n<td width=\"396\">For intention of celebrant<\/td>\n<\/tr>\n<tr>\n<td width=\"62\">July<\/td>\n<td width=\"36\">\u00a027<\/td>\n<td width=\"84\">Wednesday<\/td>\n<td width=\"84\">9:00 AM<\/td>\n<td width=\"396\">For grandparents<\/td>\n<\/tr>\n<tr>\n<td width=\"62\">July<\/td>\n<td width=\"36\">29<\/td>\n<td width=\"84\">Friday<\/td>\n<td width=\"84\">\u00a09:00 AM<\/td>\n<td width=\"396\">For Kriszta Hordges, \u253c13, by Hunyadi Family<\/td>\n<\/tr>\n<tr>\n<td width=\"62\">July<\/td>\n<td width=\"36\">30<\/td>\n<td width=\"84\">Saturday<\/td>\n<td width=\"84\">5:00 PM<\/td>\n<td width=\"396\">For Fr. S\u00e1ndor Sikl\u00f3di<\/td>\n<\/tr>\n<tr>\n<td width=\"62\">July<\/td>\n<td width=\"36\">31<\/td>\n<td width=\"84\">Sunday<\/td>\n<td width=\"84\">11:00 AM<\/td>\n<td width=\"396\">For Kamill Kiss, by Family<\/td>\n<\/tr>\n<\/tbody>\n<\/table>\n<p style=\"text-align: justify;\"><strong><u>A \u00a0SZENT IMRE R\u00d3MAI KATOLIKUS MAGYAR EGYH\u00c1ZK\u00d6ZS\u00c9G \u00c9RTES\u00cdT\u0150JE<\/u><\/strong><\/p>\n<p style=\"text-align: justify;\"><strong><u>NAGYSZ<\/u><\/strong><strong><u>\u00dcL\u0150K NAPJA<\/u><\/strong><strong>: <\/strong>Szeretettel h\u00edvom a nagysz\u00fcl\u0151ket \u00e9s minden jelenl\u00e9v\u0151 testv\u00e9r\u00fcnket egy szer\u00e9ny agap\u00e9ra a nagyterm\u00fcnkbe, ahol k\u00f6sz\u00f6ntj\u00fck a nagysz\u00fcl\u0151ket \u00e9s j\u00falius h\u00f3nap sz\u00fcl\u00f6tteit! A nagysz\u00f6l\u0151ket k\u00fcl\u00f6n \u00e1ld\u00e1sban fogom r\u00e9szes\u00edteni a szentmise v\u00e9g\u00e9n!<\/p>\n<p style=\"text-align: justify;\"><strong><u>SZENTGY\u00d3N\u00c1S<\/u><\/strong><strong>: <\/strong>A szentmis\u00e9k el\u0151tt, illetve megbesz\u00e9l\u00e9s szerint lehet szentgy\u00f3n\u00e1st v\u00e9gezni.<\/p>\n<p style=\"text-align: justify;\"><strong><u>ITT-OTT TAL\u00c1LKOZ\u00d3:<\/u><\/strong> Augusztus 13-20. rendezik a Magyar Bar\u00e1ti K\u00f6z\u00f6ss\u00e9g 40. Lake Hope-i Itt-Ott Tal\u00e1lkoz\u00f3j\u00e1t. H\u00e9tf\u0151n d\u00e9lel\u0151tt 11 \u00f3rakor tart el\u0151ad\u00e1st B\u00f6jte Csaba ferences szerzetes a Szent Ferenc Alap\u00edtv\u00e1ny 23 \u00e9ves t\u00f6rt\u00e9net\u00e9r\u0151l. Amennyiben t\u00f6bben szeretn\u00e9nek r\u00e9szt venni, az esetben aut\u00f3buszt b\u00e9relhet\u00fcnk e napra. Aki \u00e9rdekl\u0151dik az egynapos program ir\u00e1nt, k\u00e9rem jellezze r\u00e9szv\u00e9teli sz\u00e1nd\u00e9k\u00e9t Zsula Marik\u00e1n\u00e1l \u00a0(216-676-5863), vagy a pl\u00e9b\u00e1ni\u00e1n!<\/p>\n<p style=\"text-align: justify;\"><strong><u>K\u00c9R\u00c9S A MAGYAR KORM\u00c1NY R\u00c9SZ\u00c9R\u0150L:<\/u><\/strong> Az \u201956-os Forradalom 60. \u00e9vfordul\u00f3ja alkalm\u00e1b\u00f3l a magyar korm\u00e1ny list\u00e1t szeretne \u00f6ssze\u00e1ll\u00edtani a kiv\u00e1ndoroltakr\u00f3l illetve a szponzorokr\u00f3l. A kij\u00e1ratn\u00e1l tal\u00e1lhat\u00f3k a formanyomtatv\u00e1nyok, amelyek kit\u00f6lthet\u0151k! A kit\u00f6lt\u00f6tt \u00edveket egy bor\u00edt\u00e9kban hozz\u00e1k vissza a templomba \u00e9s adj\u00e1k \u00e1t Peller Ildik\u00f3nak, aki tovbb\u00edtja az illet\u00e9kes helyre! K\u00e9rj\u00fck sz\u00edves k\u00f6zrem\u0171k\u00f6d\u00e9s\u00fcket!<\/p>\n<p style=\"text-align: justify;\"><strong><u>REGISZTR\u00c1CI\u00d3 SZENT IMRE TEMPLOM K\u00d6Z\u00d6SS\u00c9G\u00c9BE:<\/u><\/strong> K\u00e9rem, hogy a formanyomtatv\u00e1nyokat tess\u00e9k kit\u00f6lteni, \u00e9s visszahozni a templomba, vagy szem\u00e9lyesen keressenek meg! N\u00e9h\u00e1nyan jelezt\u00e9k, hogy szeretn\u00e9k rendezni, tags\u00e1gukat, ez\u00e9rt is b\u00e1tor\u00edtom a kedves testv\u00e9reimet, hogy rendendezz\u00e9k el.<\/p>\n<p style=\"text-align: justify;\"><strong><u>SZ\u00c9KELY PICNIC, AUGUST 14, Hiramban.\u00a0 R\u00e9szletek a h\u00edrdet\u0151t\u00e1bl\u00e1nkon olvashat\u00f3k. <\/u><\/strong><\/p>\n<p style=\"text-align: justify;\"><strong><u>KATOLIKUS SZERETETSZOLG\u00c1LAT<\/u><\/strong>: K\u00e9rem a kedves testv\u00e9reimet, hogy a Clevelandi Egyh\u00e1zmegye j\u00f3t\u00e9konys\u00e1gi akci\u00f3j\u00e1r\u00f3l ne feledkezzenek el! Catholic Charity bor\u00edt\u00e9kai megtal\u00e1lhat\u00f3k a padokban, illetve a kij\u00e1ratn\u00e1l.<\/p>\n<p style=\"text-align: justify;\"><strong><u>LEGYEN KELLEMES, SZ\u00c9P NYARUK<\/u><\/strong><strong>, <\/strong>de ne feledkezz\u00fcnk el a vas\u00e1rnapi szentmise k\u00f6telezetts\u00e9g\u00fcnkr\u0151l.<\/p>\n<p style=\"text-align: justify;\"><strong>AKIK A H\u00c9TEN \u00dcNNEPLIK SZ\u00dcLET\u00c9S VAGY N\u00c9VNAPJUKAT, AZOK SZ\u00c1M\u00c1RA ISTEN \u00c1LD\u00c1S\u00c1T K\u00c9RJ\u00dcK<\/strong><\/p>\n<p style=\"text-align: justify;\">\n","protected":false},"excerpt":{"rendered":"<p>17th Sunday in Ordinary Time\u00a0\u00a0\u00a0\u00a0\u00a0\u00a0\u00a0\u00a0\u00a0\u00a0\u00a0\u00a0\u00a0\u00a0 July 24, 2016\u00a0\u00a0\u00a0\u00a0\u00a0\u00a0 \u00a0\u00a0\u00a0\u00a0\u00a0\u00a0\u00a0\u00a0\u00a0\u00a0\u00a0\u00a0\u00a0\u00a0\u00a0\u00a0\u00a0\u00a0\u00c9vk\u00f6zi 17. vas\u00e1rnap V\u00c1LASZOS ZSOLT\u00c1R:\u00a0 Amely napon hozz\u00e1d ki\u00e1ltok,* hallgas meg engem, Istenem. TODAY\u2019S MASS \u00a0&#8212; For Magdolna Vasadi, by V\u00e1mos Family MASS INTENTIONS FOR THE COMING WEEK: July 25 Monday 9:00 AM For intention of celebrant July \u00a027 Wednesday 9:00 AM For grandparents July 29 Friday [&hellip;]<\/p>\n","protected":false},"author":3,"featured_media":1631,"comment_status":"open","ping_status":"open","sticky":false,"template":"","format":"standard","meta":{"jetpack_post_was_ever_published":false,"_jetpack_newsletter_access":"","_jetpack_dont_email_post_to_subs":false,"_jetpack_newsletter_tier_id":0,"_jetpack_memberships_contains_paywalled_content":false,"_jetpack_memberships_contains_paid_content":false,"footnotes":"","jetpack_publicize_message":"","jetpack_publicize_feature_enabled":true,"jetpack_social_post_already_shared":true,"jetpack_social_options":{"image_generator_settings":{"template":"highway","default_image_id":0,"font":"","enabled":false},"version":2}},"categories":[12],"tags":[],"class_list":["post-1632","post","type-post","status-publish","format-standard","has-post-thumbnail","hentry","category-ertesito"],"yoast_head":"<!-- This site is optimized with the Yoast SEO plugin v27.5 - https:\/\/yoast.com\/product\/yoast-seo-wordpress\/ -->\n<title>\u00c9vk\u00f6zi 17. vas\u00e1rnap - 2016. j\u00falius 24. - St. Emeric Church<\/title>\n<meta name=\"robots\" content=\"index, follow, max-snippet:-1, max-image-preview:large, max-video-preview:-1\" \/>\n<link rel=\"canonical\" href=\"https:\/\/stemeric.com\/17th-sunday-ordinary-time-july-24-2016\/\" \/>\n<meta property=\"og:locale\" content=\"hu_HU\" \/>\n<meta property=\"og:type\" content=\"article\" \/>\n<meta property=\"og:title\" content=\"\u00c9vk\u00f6zi 17. vas\u00e1rnap - 2016. j\u00falius 24. - St. Emeric Church\" \/>\n<meta property=\"og:description\" content=\"17th Sunday in Ordinary Time\u00a0\u00a0\u00a0\u00a0\u00a0\u00a0\u00a0\u00a0\u00a0\u00a0\u00a0\u00a0\u00a0\u00a0 July 24, 2016\u00a0\u00a0\u00a0\u00a0\u00a0\u00a0 \u00a0\u00a0\u00a0\u00a0\u00a0\u00a0\u00a0\u00a0\u00a0\u00a0\u00a0\u00a0\u00a0\u00a0\u00a0\u00a0\u00a0\u00a0\u00c9vk\u00f6zi 17. vas\u00e1rnap V\u00c1LASZOS ZSOLT\u00c1R:\u00a0 Amely napon hozz\u00e1d ki\u00e1ltok,* hallgas meg engem, Istenem. TODAY\u2019S MASS \u00a0&#8212; For Magdolna Vasadi, by V\u00e1mos Family MASS INTENTIONS FOR THE COMING WEEK: July 25 Monday 9:00 AM For intention of celebrant July \u00a027 Wednesday 9:00 AM For grandparents July 29 Friday [&hellip;]\" \/>\n<meta property=\"og:url\" content=\"https:\/\/stemeric.com\/17th-sunday-ordinary-time-july-24-2016\/\" \/>\n<meta property=\"og:site_name\" content=\"St. Emeric Church\" \/>\n<meta property=\"article:publisher\" content=\"https:\/\/www.facebook.com\/saintemeric\" \/>\n<meta property=\"article:published_time\" content=\"2016-07-24T02:31:22+00:00\" \/>\n<meta property=\"article:modified_time\" content=\"2016-07-24T02:34:01+00:00\" \/>\n<meta property=\"og:image\" content=\"https:\/\/stemeric.com\/wp-content\/uploads\/2016\/07\/praying-cross.jpg\" \/>\n\t<meta property=\"og:image:width\" content=\"800\" \/>\n\t<meta property=\"og:image:height\" content=\"511\" \/>\n\t<meta property=\"og:image:type\" content=\"image\/jpeg\" \/>\n<meta name=\"author\" content=\"Fr. Andras Mezei\" \/>\n<meta name=\"twitter:card\" content=\"summary_large_image\" \/>\n<meta name=\"twitter:label1\" content=\"Szerz\u0151:\" \/>\n\t<meta name=\"twitter:data1\" content=\"Fr. Andras Mezei\" \/>\n\t<meta name=\"twitter:label2\" content=\"Becs\u00fclt olvas\u00e1si id\u0151\" \/>\n\t<meta name=\"twitter:data2\" content=\"3 perc\" \/>\n<script type=\"application\/ld+json\" class=\"yoast-schema-graph\">{\"@context\":\"https:\\\/\\\/schema.org\",\"@graph\":[{\"@type\":\"Article\",\"@id\":\"https:\\\/\\\/stemeric.com\\\/17th-sunday-ordinary-time-july-24-2016\\\/#article\",\"isPartOf\":{\"@id\":\"https:\\\/\\\/stemeric.com\\\/17th-sunday-ordinary-time-july-24-2016\\\/\"},\"author\":{\"name\":\"Fr. Andras Mezei\",\"@id\":\"https:\\\/\\\/stemeric.com\\\/#\\\/schema\\\/person\\\/a9129aeb3a3d72fc6b7a387c4252eeb7\"},\"headline\":\"\u00c9vk\u00f6zi 17. vas\u00e1rnap &#8211; 2016. j\u00falius 24.\",\"datePublished\":\"2016-07-24T02:31:22+00:00\",\"dateModified\":\"2016-07-24T02:34:01+00:00\",\"mainEntityOfPage\":{\"@id\":\"https:\\\/\\\/stemeric.com\\\/17th-sunday-ordinary-time-july-24-2016\\\/\"},\"wordCount\":535,\"commentCount\":0,\"publisher\":{\"@id\":\"https:\\\/\\\/stemeric.com\\\/#organization\"},\"image\":{\"@id\":\"https:\\\/\\\/stemeric.com\\\/17th-sunday-ordinary-time-july-24-2016\\\/#primaryimage\"},\"thumbnailUrl\":\"https:\\\/\\\/i0.wp.com\\\/stemeric.com\\\/wp-content\\\/uploads\\\/2016\\\/07\\\/praying-cross.jpg?fit=800%2C511&ssl=1\",\"articleSection\":[\"\u00c9rtes\u00edt\u0151\"],\"inLanguage\":\"hu\",\"potentialAction\":[{\"@type\":\"CommentAction\",\"name\":\"Comment\",\"target\":[\"https:\\\/\\\/stemeric.com\\\/17th-sunday-ordinary-time-july-24-2016\\\/#respond\"]}]},{\"@type\":\"WebPage\",\"@id\":\"https:\\\/\\\/stemeric.com\\\/17th-sunday-ordinary-time-july-24-2016\\\/\",\"url\":\"https:\\\/\\\/stemeric.com\\\/17th-sunday-ordinary-time-july-24-2016\\\/\",\"name\":\"\u00c9vk\u00f6zi 17. vas\u00e1rnap - 2016. j\u00falius 24. - St. Emeric Church\",\"isPartOf\":{\"@id\":\"https:\\\/\\\/stemeric.com\\\/#website\"},\"primaryImageOfPage\":{\"@id\":\"https:\\\/\\\/stemeric.com\\\/17th-sunday-ordinary-time-july-24-2016\\\/#primaryimage\"},\"image\":{\"@id\":\"https:\\\/\\\/stemeric.com\\\/17th-sunday-ordinary-time-july-24-2016\\\/#primaryimage\"},\"thumbnailUrl\":\"https:\\\/\\\/i0.wp.com\\\/stemeric.com\\\/wp-content\\\/uploads\\\/2016\\\/07\\\/praying-cross.jpg?fit=800%2C511&ssl=1\",\"datePublished\":\"2016-07-24T02:31:22+00:00\",\"dateModified\":\"2016-07-24T02:34:01+00:00\",\"breadcrumb\":{\"@id\":\"https:\\\/\\\/stemeric.com\\\/17th-sunday-ordinary-time-july-24-2016\\\/#breadcrumb\"},\"inLanguage\":\"hu\",\"potentialAction\":[{\"@type\":\"ReadAction\",\"target\":[\"https:\\\/\\\/stemeric.com\\\/17th-sunday-ordinary-time-july-24-2016\\\/\"]}]},{\"@type\":\"ImageObject\",\"inLanguage\":\"hu\",\"@id\":\"https:\\\/\\\/stemeric.com\\\/17th-sunday-ordinary-time-july-24-2016\\\/#primaryimage\",\"url\":\"https:\\\/\\\/i0.wp.com\\\/stemeric.com\\\/wp-content\\\/uploads\\\/2016\\\/07\\\/praying-cross.jpg?fit=800%2C511&ssl=1\",\"contentUrl\":\"https:\\\/\\\/i0.wp.com\\\/stemeric.com\\\/wp-content\\\/uploads\\\/2016\\\/07\\\/praying-cross.jpg?fit=800%2C511&ssl=1\",\"width\":800,\"height\":511,\"caption\":\"Beautiful sunset as man bows down to pray God before a cross.\"},{\"@type\":\"BreadcrumbList\",\"@id\":\"https:\\\/\\\/stemeric.com\\\/17th-sunday-ordinary-time-july-24-2016\\\/#breadcrumb\",\"itemListElement\":[{\"@type\":\"ListItem\",\"position\":1,\"name\":\"Home\",\"item\":\"https:\\\/\\\/stemeric.com\\\/hu\\\/\"},{\"@type\":\"ListItem\",\"position\":2,\"name\":\"\u00c9vk\u00f6zi 17. vas\u00e1rnap &#8211; 2016. j\u00falius 24.\"}]},{\"@type\":\"WebSite\",\"@id\":\"https:\\\/\\\/stemeric.com\\\/#website\",\"url\":\"https:\\\/\\\/stemeric.com\\\/\",\"name\":\"St. Emeric Church\",\"description\":\"Szent Imre R\u00f3mai Katolikus Magyar Egyh\u00e1zk\u00f6zs\u00e9g\",\"publisher\":{\"@id\":\"https:\\\/\\\/stemeric.com\\\/#organization\"},\"potentialAction\":[{\"@type\":\"SearchAction\",\"target\":{\"@type\":\"EntryPoint\",\"urlTemplate\":\"https:\\\/\\\/stemeric.com\\\/?s={search_term_string}\"},\"query-input\":{\"@type\":\"PropertyValueSpecification\",\"valueRequired\":true,\"valueName\":\"search_term_string\"}}],\"inLanguage\":\"hu\"},{\"@type\":\"Organization\",\"@id\":\"https:\\\/\\\/stemeric.com\\\/#organization\",\"name\":\"St. Emeric Church\",\"url\":\"https:\\\/\\\/stemeric.com\\\/\",\"logo\":{\"@type\":\"ImageObject\",\"inLanguage\":\"hu\",\"@id\":\"https:\\\/\\\/stemeric.com\\\/#\\\/schema\\\/logo\\\/image\\\/\",\"url\":\"https:\\\/\\\/stemeric.com\\\/wp-content\\\/uploads\\\/2015\\\/11\\\/SzentImre4.png\",\"contentUrl\":\"https:\\\/\\\/stemeric.com\\\/wp-content\\\/uploads\\\/2015\\\/11\\\/SzentImre4.png\",\"width\":800,\"height\":167,\"caption\":\"St. Emeric Church\"},\"image\":{\"@id\":\"https:\\\/\\\/stemeric.com\\\/#\\\/schema\\\/logo\\\/image\\\/\"},\"sameAs\":[\"https:\\\/\\\/www.facebook.com\\\/saintemeric\"]},{\"@type\":\"Person\",\"@id\":\"https:\\\/\\\/stemeric.com\\\/#\\\/schema\\\/person\\\/a9129aeb3a3d72fc6b7a387c4252eeb7\",\"name\":\"Fr. Andras Mezei\",\"image\":{\"@type\":\"ImageObject\",\"inLanguage\":\"hu\",\"@id\":\"https:\\\/\\\/secure.gravatar.com\\\/avatar\\\/f2d48dce47b76c650bfce345a02e13ea58588c82f63ca35fd6d53776005ab90a?s=96&d=mm&r=g\",\"url\":\"https:\\\/\\\/secure.gravatar.com\\\/avatar\\\/f2d48dce47b76c650bfce345a02e13ea58588c82f63ca35fd6d53776005ab90a?s=96&d=mm&r=g\",\"contentUrl\":\"https:\\\/\\\/secure.gravatar.com\\\/avatar\\\/f2d48dce47b76c650bfce345a02e13ea58588c82f63ca35fd6d53776005ab90a?s=96&d=mm&r=g\",\"caption\":\"Fr. Andras Mezei\"},\"url\":\"https:\\\/\\\/stemeric.com\\\/hu\\\/author\\\/mezeiandras\\\/\"}]}<\/script>\n<!-- \/ Yoast SEO plugin. -->","yoast_head_json":{"title":"\u00c9vk\u00f6zi 17. vas\u00e1rnap - 2016. j\u00falius 24. - St. Emeric Church","robots":{"index":"index","follow":"follow","max-snippet":"max-snippet:-1","max-image-preview":"max-image-preview:large","max-video-preview":"max-video-preview:-1"},"canonical":"https:\/\/stemeric.com\/17th-sunday-ordinary-time-july-24-2016\/","og_locale":"hu_HU","og_type":"article","og_title":"\u00c9vk\u00f6zi 17. vas\u00e1rnap - 2016. j\u00falius 24. - St. Emeric Church","og_description":"17th Sunday in Ordinary Time\u00a0\u00a0\u00a0\u00a0\u00a0\u00a0\u00a0\u00a0\u00a0\u00a0\u00a0\u00a0\u00a0\u00a0 July 24, 2016\u00a0\u00a0\u00a0\u00a0\u00a0\u00a0 \u00a0\u00a0\u00a0\u00a0\u00a0\u00a0\u00a0\u00a0\u00a0\u00a0\u00a0\u00a0\u00a0\u00a0\u00a0\u00a0\u00a0\u00a0\u00c9vk\u00f6zi 17. vas\u00e1rnap V\u00c1LASZOS ZSOLT\u00c1R:\u00a0 Amely napon hozz\u00e1d ki\u00e1ltok,* hallgas meg engem, Istenem. TODAY\u2019S MASS \u00a0&#8212; For Magdolna Vasadi, by V\u00e1mos Family MASS INTENTIONS FOR THE COMING WEEK: July 25 Monday 9:00 AM For intention of celebrant July \u00a027 Wednesday 9:00 AM For grandparents July 29 Friday [&hellip;]","og_url":"https:\/\/stemeric.com\/17th-sunday-ordinary-time-july-24-2016\/","og_site_name":"St. Emeric Church","article_publisher":"https:\/\/www.facebook.com\/saintemeric","article_published_time":"2016-07-24T02:31:22+00:00","article_modified_time":"2016-07-24T02:34:01+00:00","og_image":[{"width":800,"height":511,"url":"https:\/\/stemeric.com\/wp-content\/uploads\/2016\/07\/praying-cross.jpg","type":"image\/jpeg"}],"author":"Fr. Andras Mezei","twitter_card":"summary_large_image","twitter_misc":{"Szerz\u0151:":"Fr. Andras Mezei","Becs\u00fclt olvas\u00e1si id\u0151":"3 perc"},"schema":{"@context":"https:\/\/schema.org","@graph":[{"@type":"Article","@id":"https:\/\/stemeric.com\/17th-sunday-ordinary-time-july-24-2016\/#article","isPartOf":{"@id":"https:\/\/stemeric.com\/17th-sunday-ordinary-time-july-24-2016\/"},"author":{"name":"Fr. Andras Mezei","@id":"https:\/\/stemeric.com\/#\/schema\/person\/a9129aeb3a3d72fc6b7a387c4252eeb7"},"headline":"\u00c9vk\u00f6zi 17. vas\u00e1rnap &#8211; 2016. j\u00falius 24.","datePublished":"2016-07-24T02:31:22+00:00","dateModified":"2016-07-24T02:34:01+00:00","mainEntityOfPage":{"@id":"https:\/\/stemeric.com\/17th-sunday-ordinary-time-july-24-2016\/"},"wordCount":535,"commentCount":0,"publisher":{"@id":"https:\/\/stemeric.com\/#organization"},"image":{"@id":"https:\/\/stemeric.com\/17th-sunday-ordinary-time-july-24-2016\/#primaryimage"},"thumbnailUrl":"https:\/\/i0.wp.com\/stemeric.com\/wp-content\/uploads\/2016\/07\/praying-cross.jpg?fit=800%2C511&ssl=1","articleSection":["\u00c9rtes\u00edt\u0151"],"inLanguage":"hu","potentialAction":[{"@type":"CommentAction","name":"Comment","target":["https:\/\/stemeric.com\/17th-sunday-ordinary-time-july-24-2016\/#respond"]}]},{"@type":"WebPage","@id":"https:\/\/stemeric.com\/17th-sunday-ordinary-time-july-24-2016\/","url":"https:\/\/stemeric.com\/17th-sunday-ordinary-time-july-24-2016\/","name":"\u00c9vk\u00f6zi 17. vas\u00e1rnap - 2016. j\u00falius 24. - St. Emeric Church","isPartOf":{"@id":"https:\/\/stemeric.com\/#website"},"primaryImageOfPage":{"@id":"https:\/\/stemeric.com\/17th-sunday-ordinary-time-july-24-2016\/#primaryimage"},"image":{"@id":"https:\/\/stemeric.com\/17th-sunday-ordinary-time-july-24-2016\/#primaryimage"},"thumbnailUrl":"https:\/\/i0.wp.com\/stemeric.com\/wp-content\/uploads\/2016\/07\/praying-cross.jpg?fit=800%2C511&ssl=1","datePublished":"2016-07-24T02:31:22+00:00","dateModified":"2016-07-24T02:34:01+00:00","breadcrumb":{"@id":"https:\/\/stemeric.com\/17th-sunday-ordinary-time-july-24-2016\/#breadcrumb"},"inLanguage":"hu","potentialAction":[{"@type":"ReadAction","target":["https:\/\/stemeric.com\/17th-sunday-ordinary-time-july-24-2016\/"]}]},{"@type":"ImageObject","inLanguage":"hu","@id":"https:\/\/stemeric.com\/17th-sunday-ordinary-time-july-24-2016\/#primaryimage","url":"https:\/\/i0.wp.com\/stemeric.com\/wp-content\/uploads\/2016\/07\/praying-cross.jpg?fit=800%2C511&ssl=1","contentUrl":"https:\/\/i0.wp.com\/stemeric.com\/wp-content\/uploads\/2016\/07\/praying-cross.jpg?fit=800%2C511&ssl=1","width":800,"height":511,"caption":"Beautiful sunset as man bows down to pray God before a cross."},{"@type":"BreadcrumbList","@id":"https:\/\/stemeric.com\/17th-sunday-ordinary-time-july-24-2016\/#breadcrumb","itemListElement":[{"@type":"ListItem","position":1,"name":"Home","item":"https:\/\/stemeric.com\/hu\/"},{"@type":"ListItem","position":2,"name":"\u00c9vk\u00f6zi 17. vas\u00e1rnap &#8211; 2016. j\u00falius 24."}]},{"@type":"WebSite","@id":"https:\/\/stemeric.com\/#website","url":"https:\/\/stemeric.com\/","name":"St. Emeric Church","description":"Szent Imre R\u00f3mai Katolikus Magyar Egyh\u00e1zk\u00f6zs\u00e9g","publisher":{"@id":"https:\/\/stemeric.com\/#organization"},"potentialAction":[{"@type":"SearchAction","target":{"@type":"EntryPoint","urlTemplate":"https:\/\/stemeric.com\/?s={search_term_string}"},"query-input":{"@type":"PropertyValueSpecification","valueRequired":true,"valueName":"search_term_string"}}],"inLanguage":"hu"},{"@type":"Organization","@id":"https:\/\/stemeric.com\/#organization","name":"St. Emeric Church","url":"https:\/\/stemeric.com\/","logo":{"@type":"ImageObject","inLanguage":"hu","@id":"https:\/\/stemeric.com\/#\/schema\/logo\/image\/","url":"https:\/\/stemeric.com\/wp-content\/uploads\/2015\/11\/SzentImre4.png","contentUrl":"https:\/\/stemeric.com\/wp-content\/uploads\/2015\/11\/SzentImre4.png","width":800,"height":167,"caption":"St. Emeric Church"},"image":{"@id":"https:\/\/stemeric.com\/#\/schema\/logo\/image\/"},"sameAs":["https:\/\/www.facebook.com\/saintemeric"]},{"@type":"Person","@id":"https:\/\/stemeric.com\/#\/schema\/person\/a9129aeb3a3d72fc6b7a387c4252eeb7","name":"Fr. Andras Mezei","image":{"@type":"ImageObject","inLanguage":"hu","@id":"https:\/\/secure.gravatar.com\/avatar\/f2d48dce47b76c650bfce345a02e13ea58588c82f63ca35fd6d53776005ab90a?s=96&d=mm&r=g","url":"https:\/\/secure.gravatar.com\/avatar\/f2d48dce47b76c650bfce345a02e13ea58588c82f63ca35fd6d53776005ab90a?s=96&d=mm&r=g","contentUrl":"https:\/\/secure.gravatar.com\/avatar\/f2d48dce47b76c650bfce345a02e13ea58588c82f63ca35fd6d53776005ab90a?s=96&d=mm&r=g","caption":"Fr. Andras Mezei"},"url":"https:\/\/stemeric.com\/hu\/author\/mezeiandras\/"}]}},"jetpack_publicize_connections":[],"jetpack_featured_media_url":"https:\/\/i0.wp.com\/stemeric.com\/wp-content\/uploads\/2016\/07\/praying-cross.jpg?fit=800%2C511&ssl=1","jetpack_sharing_enabled":true,"jetpack_shortlink":"https:\/\/wp.me\/pffxLh-qk","_links":{"self":[{"href":"https:\/\/stemeric.com\/hu\/wp-json\/wp\/v2\/posts\/1632","targetHints":{"allow":["GET"]}}],"collection":[{"href":"https:\/\/stemeric.com\/hu\/wp-json\/wp\/v2\/posts"}],"about":[{"href":"https:\/\/stemeric.com\/hu\/wp-json\/wp\/v2\/types\/post"}],"author":[{"embeddable":true,"href":"https:\/\/stemeric.com\/hu\/wp-json\/wp\/v2\/users\/3"}],"replies":[{"embeddable":true,"href":"https:\/\/stemeric.com\/hu\/wp-json\/wp\/v2\/comments?post=1632"}],"version-history":[{"count":0,"href":"https:\/\/stemeric.com\/hu\/wp-json\/wp\/v2\/posts\/1632\/revisions"}],"wp:featuredmedia":[{"embeddable":true,"href":"https:\/\/stemeric.com\/hu\/wp-json\/wp\/v2\/media\/1631"}],"wp:attachment":[{"href":"https:\/\/stemeric.com\/hu\/wp-json\/wp\/v2\/media?parent=1632"}],"wp:term":[{"taxonomy":"category","embeddable":true,"href":"https:\/\/stemeric.com\/hu\/wp-json\/wp\/v2\/categories?post=1632"},{"taxonomy":"post_tag","embeddable":true,"href":"https:\/\/stemeric.com\/hu\/wp-json\/wp\/v2\/tags?post=1632"}],"curies":[{"name":"wp","href":"https:\/\/api.w.org\/{rel}","templated":true}]}}