{"id":16617,"date":"2025-10-18T23:07:23","date_gmt":"2025-10-19T03:07:23","guid":{"rendered":"https:\/\/stemeric.com\/?p=16617"},"modified":"2025-10-18T23:09:37","modified_gmt":"2025-10-19T03:09:37","slug":"evkozi-26-vasarnap-2025-szeptember-28","status":"publish","type":"post","link":"https:\/\/stemeric.com\/hu\/evkozi-26-vasarnap-2025-szeptember-28\/","title":{"rendered":"\u00c9VK\u00d6ZI 26. VAS\u00c1RNAP \u2013 2025, szeptember 28."},"content":{"rendered":"<p><em>K\u00e9rj\u00fck, tekints\u00e9k meg az angol nyelv\u0171 r\u00e9szt is (link az alj\u00e1n), mert az tartalmazza a szentmis\u00e9k sz\u00e1nd\u00e9kait \u00e9s m\u00e1s fontos t\u00e1j\u00e9koztat\u00e1st.<\/em><\/p>\n<p><strong>V\u00c1LASZOS ZSOLT\u00c1R: \u00c1ldjad lelkem az Urat, dics\u0151\u00edtsed az Istent.<\/strong><\/p>\n<p><strong><u>B\u00d3NA ATYA TOLL\u00c1B\u00d3L<\/u><\/strong><strong>:<\/strong> <strong>(1)<\/strong> Ezen a h\u00e9ten a liturgia \u00fcnnepei kihangs\u00falyozz\u00e1k sz\u00e1munkra az angyalokat. El\u0151sz\u00f6r is, szeptember 29 -\u00e9n a f\u0151angyalok \u00fcnnep\u00e9t (Szent Mih\u00e1ly, Szent G\u00e1briel \u00e9s Szent Rafael) \u00fclj\u00fck meg. Az 1970-es reformok el\u0151tt a h\u00e1rom arkangyalnak saj\u00e1t \u00fcnnepe volt: Szent Mih\u00e1ly szeptember 29-\u00e9n, Szent G\u00e1briel m\u00e1rcius 24-\u00e9n \u00e9s Szent Rafael okt\u00f3ber 24-\u00e9n. A zsinat ut\u00e1ni liturgiai reformok k\u00f6vetkezt\u00e9ben, szeptember 29-hez csatolt\u00e1k Szent G\u00e1briel \u00e9s Szent Rafael arkangyalokat, \u00e9s az \u00f6n\u00e1ll\u00f3 \u00fcnnepeiket megsz\u00fcntett\u00e9k. M\u00e1sodszor, okt\u00f3ber 2 -\u00e1n a Szent \u0150rz\u0151angyalok eml\u00e9knapj\u00e1t \u00fcnnepelj\u00fck.<\/p>\n<p><strong>(2)<\/strong> K\u00f6sz\u00f6n\u00f6m mindazoknak, akik t\u00e1voll\u00e9temben seg\u00edtenek a Mindszenty J\u00f3zsef b\u00edboros \u00e9let\u00e9r\u0151l \u00e9s \u00f6r\u00f6ks\u00e9g\u00e9r\u0151l sz\u00f3l\u00f3 el\u0151ad\u00e1s el\u0151k\u00e9sz\u00edt\u00e9s\u00e9ben (most vas\u00e1rnap, szeptember 28, 12:30-kor). Ha tehetik, k\u00e9rj\u00fck, maradjanak a mis\u00e9t k\u00f6vet\u0151en az el\u0151ad\u00e1sra (l\u00e1sd al\u00e1bb).<\/p>\n<p><strong><u>R\u00d3ZSAF\u00dcZ\u00c9R<\/u><\/strong><strong>:<\/strong>\u00a0Okt\u00f3ber h\u00f3napj\u00e1ban, amely a Boldogs\u00e1gos Sz\u0171z M\u00e1ria r\u00f3zsaf\u00fcz\u00e9r\u00e9nek van szentelve, szeretn\u00e9m, ha okt\u00f3ber vas\u00e1rnapjain a 11-\u00f3rai szentmise el\u0151tt k\u00f6z\u00f6sen im\u00e1dkozn\u00e1nk a r\u00f3zsaf\u00fcz\u00e9rt. Reggel 10:25-kor kezden\u00e9nk \u00e9s nagyj\u00e1b\u00f3l 25 perc alatt fejezn\u00e9nk be, ami m\u00e9g mindig adna 10 perc csendet a szentmise el\u0151tt. Ha 10:25 ut\u00e1n j\u00f6nnek, k\u00e9rem, nyugodtan csatlakozzanak hozz\u00e1nk ebben az im\u00e1ds\u00e1gban. M\u00e9g a r\u00f3zsaf\u00fcz\u00e9r n\u00e9h\u00e1ny tized\u00e9t is \u00e9rdemes im\u00e1dkozni. Tov\u00e1bb\u00e1, ha valaki szeretne jelentkezni \u00f6nk\u00e9ntesnek a r\u00f3zsaf\u00fcz\u00e9r vagy annak egyes r\u00e9szeinek vezet\u00e9s\u00e9re, k\u00e9rem, jelezze nekem.<\/p>\n<p><strong><u>H\u0170S\u00c9GES A HAL\u00c1LIG<\/u><\/strong><strong>: Eml\u00e9kez\u00e9s Isten Tiszteletrem\u00e9lt\u00f3 Szolg\u00e1ja Mindszenty b\u00edboros elk\u00f6telezetts\u00e9g\u00e9re, 50 \u00e9vvel k\u00e9s\u0151bb<\/strong>: <strong><em>2025. szeptember 28-\u00e1n, vas\u00e1rnap, 12:30-kor<\/em><\/strong>, itt, a Szent Imre templomban, \u00c9rszegi M\u00e1rk el\u0151ad\u00e1st tart (angol nyelven) Mindszenty J\u00f3zsef magyar b\u00edboros \u00e9let\u00e9r\u0151l \u00e9s \u00f6r\u00f6ks\u00e9g\u00e9r\u0151l. Az el\u0151ad\u00f3 a magyar k\u00fcl\u00fcgyminiszt\u00e9rium \u00fcld\u00f6z\u00f6tt kereszt\u00e9nyek\u00e9rt felel\u0151s \u00e1llamtitk\u00e1r\u00e1nak vall\u00e1si tan\u00e1csad\u00f3ja.<\/p>\n<p><strong><u>FONTOS KARBANTART\u00c1SI KIH\u00cdV\u00c1S<\/u><\/strong><strong>:<\/strong> Sajnos, az el\u00f6regedett f\u0171t\u0151kaz\u00e1nunk hamarosan t\u00f6nkremegy. Egy ideje m\u00e1r sziv\u00e1rgott a kaz\u00e1n, \u00e9s k\u00e9miai megold\u00e1sokkal pr\u00f3b\u00e1ltuk megjav\u00edtani, de ez csak egy ideig m\u0171k\u00f6d\u00f6tt, \u00e9s m\u00e1r nem jelent megold\u00e1st. Az egyetlen jav\u00edt\u00e1si lehet\u0151s\u00e9g a kaz\u00e1n teljes sz\u00e9tszerel\u00e9se \u00e9s a sziv\u00e1rg\u00f3 h\u0151cser\u00e9l\u0151k (egy vagy kett\u0151) kicser\u00e9l\u00e9se. Ez munkaig\u00e9nyes \u00e9s gyakorlatilag megfizethetetlen feladat (majdnem egy \u00faj kaz\u00e1n \u00e1r\u00e1nak 40%-a). R\u00e1ad\u00e1sul ez nem akad\u00e1lyozn\u00e1 meg, hogy a j\u00f6v\u0151ben a t\u00f6bbi h\u0151cser\u00e9l\u0151ben is sziv\u00e1rg\u00e1s jelentkezzen. Kaz\u00e1nunk 1994-ben k\u00e9sz\u00fclt \u00e9s k\u00f6r\u00fclbel\u00fcl akkoriban szerelt\u00e9k be. Minden tan\u00e1cs, amit kaptam, azt javasolta, hogy szerezz\u00fcnk be egy \u00faj kaz\u00e1nt, mivel jelent\u0151s \u00f6sszeget fektetni egy 30 \u00e9ves kaz\u00e1nba nem okos beruh\u00e1z\u00e1s. Jelenleg k\u00fcl\u00f6nb\u00f6z\u0151 c\u00e9gekt\u0151l gy\u0171jt\u00f6k \u00e1raj\u00e1nlatokat. Eddig egy hat sz\u00e1mjegy\u0171 aj\u00e1nlatot kaptam. Nagyon rem\u00e9lem, hogy jobb aj\u00e1nlatokat kapunk, de az igazs\u00e1g az, hogy ez jelent\u0151s kiad\u00e1s lesz sz\u00e1munkra. Amint megvan a pontos \u00f6sszeg, \u00e9rtes\u00edtem \u00d6n\u00f6ket. Az id\u0151 is fogy, mert k\u00f6zeledik az \u0151sz, amikor f\u0171t\u00e9sre lesz sz\u00fcks\u00e9g. Ha tudn\u00e1nak seg\u00edts\u00e9get ny\u00fajtani a k\u00f6lts\u00e9gek fedez\u00e9s\u00e9ben, azt nagyra \u00e9rt\u00e9keln\u00e9nk. Adom\u00e1nyukat jel\u00f6lj\u00e9k meg \u201e\u00faj kaz\u00e1n\u201d felirattal. K\u00f6sz\u00f6n\u00f6m mindenkinek.<\/p>\n<p><strong><u>MA NINCS ONLINE SZENTMISEK\u00d6ZVET\u00cdT\u00c9S<\/u><\/strong><strong>.<\/strong><\/p>\n<p style=\"text-align: center;\"><strong>IM\u00c1DKOZZUNK MINDEN NAP H\u00c1ROM \u00dcDV\u00d6ZL\u00c9GYET PL\u00c9B\u00c1NI\u00c1NK\u00c9RT! <\/strong><\/p>\n","protected":false},"excerpt":{"rendered":"<p>K\u00e9rj\u00fck, tekints\u00e9k meg az angol nyelv\u0171 r\u00e9szt is (link az alj\u00e1n), mert az tartalmazza a szentmis\u00e9k sz\u00e1nd\u00e9kait \u00e9s m\u00e1s fontos t\u00e1j\u00e9koztat\u00e1st. V\u00c1LASZOS ZSOLT\u00c1R: \u00c1ldjad lelkem az Urat, dics\u0151\u00edtsed az Istent. B\u00d3NA ATYA TOLL\u00c1B\u00d3L: (1) Ezen a h\u00e9ten a liturgia \u00fcnnepei kihangs\u00falyozz\u00e1k sz\u00e1munkra az angyalokat. El\u0151sz\u00f6r is, szeptember 29 -\u00e9n a f\u0151angyalok \u00fcnnep\u00e9t (Szent Mih\u00e1ly, Szent [&hellip;]<\/p>\n","protected":false},"author":6,"featured_media":16615,"comment_status":"open","ping_status":"open","sticky":false,"template":"","format":"standard","meta":{"jetpack_post_was_ever_published":false,"_jetpack_newsletter_access":"","_jetpack_dont_email_post_to_subs":false,"_jetpack_newsletter_tier_id":0,"_jetpack_memberships_contains_paywalled_content":false,"_jetpack_memberships_contains_paid_content":false,"footnotes":"","jetpack_publicize_message":"","jetpack_publicize_feature_enabled":true,"jetpack_social_post_already_shared":true,"jetpack_social_options":{"image_generator_settings":{"template":"highway","default_image_id":0,"font":"","enabled":false},"version":2}},"categories":[12],"tags":[],"class_list":["post-16617","post","type-post","status-publish","format-standard","has-post-thumbnail","hentry","category-ertesito"],"yoast_head":"<!-- This site is optimized with the Yoast SEO plugin v27.5 - https:\/\/yoast.com\/product\/yoast-seo-wordpress\/ -->\n<title>\u00c9VK\u00d6ZI 26. VAS\u00c1RNAP \u2013 2025, szeptember 28. - St. Emeric Church<\/title>\n<meta name=\"robots\" content=\"index, follow, max-snippet:-1, max-image-preview:large, max-video-preview:-1\" \/>\n<link rel=\"canonical\" href=\"https:\/\/stemeric.com\/hu\/evkozi-26-vasarnap-2025-szeptember-28\/\" \/>\n<meta property=\"og:locale\" content=\"hu_HU\" \/>\n<meta property=\"og:type\" content=\"article\" \/>\n<meta property=\"og:title\" content=\"\u00c9VK\u00d6ZI 26. VAS\u00c1RNAP \u2013 2025, szeptember 28. - St. Emeric Church\" \/>\n<meta property=\"og:description\" content=\"K\u00e9rj\u00fck, tekints\u00e9k meg az angol nyelv\u0171 r\u00e9szt is (link az alj\u00e1n), mert az tartalmazza a szentmis\u00e9k sz\u00e1nd\u00e9kait \u00e9s m\u00e1s fontos t\u00e1j\u00e9koztat\u00e1st. V\u00c1LASZOS ZSOLT\u00c1R: \u00c1ldjad lelkem az Urat, dics\u0151\u00edtsed az Istent. B\u00d3NA ATYA TOLL\u00c1B\u00d3L: (1) Ezen a h\u00e9ten a liturgia \u00fcnnepei kihangs\u00falyozz\u00e1k sz\u00e1munkra az angyalokat. El\u0151sz\u00f6r is, szeptember 29 -\u00e9n a f\u0151angyalok \u00fcnnep\u00e9t (Szent Mih\u00e1ly, Szent [&hellip;]\" \/>\n<meta property=\"og:url\" content=\"https:\/\/stemeric.com\/hu\/evkozi-26-vasarnap-2025-szeptember-28\/\" \/>\n<meta property=\"og:site_name\" content=\"St. Emeric Church\" \/>\n<meta property=\"article:publisher\" content=\"https:\/\/www.facebook.com\/saintemeric\" \/>\n<meta property=\"article:published_time\" content=\"2025-10-19T03:07:23+00:00\" \/>\n<meta property=\"article:modified_time\" content=\"2025-10-19T03:09:37+00:00\" \/>\n<meta property=\"og:image\" content=\"https:\/\/stemeric.com\/wp-content\/uploads\/2025\/10\/Cardinal-Jozsef-Mindszenty-1.jpg\" \/>\n\t<meta property=\"og:image:width\" content=\"373\" \/>\n\t<meta property=\"og:image:height\" content=\"515\" \/>\n\t<meta property=\"og:image:type\" content=\"image\/jpeg\" \/>\n<meta name=\"author\" content=\"Fr. Bona\" \/>\n<meta name=\"twitter:card\" content=\"summary_large_image\" \/>\n<meta name=\"twitter:label1\" content=\"Szerz\u0151:\" \/>\n\t<meta name=\"twitter:data1\" content=\"Fr. Bona\" \/>\n\t<meta name=\"twitter:label2\" content=\"Becs\u00fclt olvas\u00e1si id\u0151\" \/>\n\t<meta name=\"twitter:data2\" content=\"2 perc\" \/>\n<script type=\"application\/ld+json\" class=\"yoast-schema-graph\">{\"@context\":\"https:\\\/\\\/schema.org\",\"@graph\":[{\"@type\":\"Article\",\"@id\":\"https:\\\/\\\/stemeric.com\\\/hu\\\/evkozi-26-vasarnap-2025-szeptember-28\\\/#article\",\"isPartOf\":{\"@id\":\"https:\\\/\\\/stemeric.com\\\/hu\\\/evkozi-26-vasarnap-2025-szeptember-28\\\/\"},\"author\":{\"name\":\"Fr. Bona\",\"@id\":\"https:\\\/\\\/stemeric.com\\\/#\\\/schema\\\/person\\\/bf0d9c9cb88a9bc031b1d708c8fd7c0d\"},\"headline\":\"\u00c9VK\u00d6ZI 26. VAS\u00c1RNAP \u2013 2025, szeptember 28.\",\"datePublished\":\"2025-10-19T03:07:23+00:00\",\"dateModified\":\"2025-10-19T03:09:37+00:00\",\"mainEntityOfPage\":{\"@id\":\"https:\\\/\\\/stemeric.com\\\/hu\\\/evkozi-26-vasarnap-2025-szeptember-28\\\/\"},\"wordCount\":736,\"commentCount\":0,\"publisher\":{\"@id\":\"https:\\\/\\\/stemeric.com\\\/#organization\"},\"image\":{\"@id\":\"https:\\\/\\\/stemeric.com\\\/hu\\\/evkozi-26-vasarnap-2025-szeptember-28\\\/#primaryimage\"},\"thumbnailUrl\":\"https:\\\/\\\/i0.wp.com\\\/stemeric.com\\\/wp-content\\\/uploads\\\/2025\\\/10\\\/Cardinal-Jozsef-Mindszenty-1.jpg?fit=373%2C515&ssl=1\",\"articleSection\":[\"\u00c9rtes\u00edt\u0151\"],\"inLanguage\":\"hu\",\"potentialAction\":[{\"@type\":\"CommentAction\",\"name\":\"Comment\",\"target\":[\"https:\\\/\\\/stemeric.com\\\/hu\\\/evkozi-26-vasarnap-2025-szeptember-28\\\/#respond\"]}]},{\"@type\":\"WebPage\",\"@id\":\"https:\\\/\\\/stemeric.com\\\/hu\\\/evkozi-26-vasarnap-2025-szeptember-28\\\/\",\"url\":\"https:\\\/\\\/stemeric.com\\\/hu\\\/evkozi-26-vasarnap-2025-szeptember-28\\\/\",\"name\":\"\u00c9VK\u00d6ZI 26. VAS\u00c1RNAP \u2013 2025, szeptember 28. - St. Emeric Church\",\"isPartOf\":{\"@id\":\"https:\\\/\\\/stemeric.com\\\/#website\"},\"primaryImageOfPage\":{\"@id\":\"https:\\\/\\\/stemeric.com\\\/hu\\\/evkozi-26-vasarnap-2025-szeptember-28\\\/#primaryimage\"},\"image\":{\"@id\":\"https:\\\/\\\/stemeric.com\\\/hu\\\/evkozi-26-vasarnap-2025-szeptember-28\\\/#primaryimage\"},\"thumbnailUrl\":\"https:\\\/\\\/i0.wp.com\\\/stemeric.com\\\/wp-content\\\/uploads\\\/2025\\\/10\\\/Cardinal-Jozsef-Mindszenty-1.jpg?fit=373%2C515&ssl=1\",\"datePublished\":\"2025-10-19T03:07:23+00:00\",\"dateModified\":\"2025-10-19T03:09:37+00:00\",\"breadcrumb\":{\"@id\":\"https:\\\/\\\/stemeric.com\\\/hu\\\/evkozi-26-vasarnap-2025-szeptember-28\\\/#breadcrumb\"},\"inLanguage\":\"hu\",\"potentialAction\":[{\"@type\":\"ReadAction\",\"target\":[\"https:\\\/\\\/stemeric.com\\\/hu\\\/evkozi-26-vasarnap-2025-szeptember-28\\\/\"]}]},{\"@type\":\"ImageObject\",\"inLanguage\":\"hu\",\"@id\":\"https:\\\/\\\/stemeric.com\\\/hu\\\/evkozi-26-vasarnap-2025-szeptember-28\\\/#primaryimage\",\"url\":\"https:\\\/\\\/i0.wp.com\\\/stemeric.com\\\/wp-content\\\/uploads\\\/2025\\\/10\\\/Cardinal-Jozsef-Mindszenty-1.jpg?fit=373%2C515&ssl=1\",\"contentUrl\":\"https:\\\/\\\/i0.wp.com\\\/stemeric.com\\\/wp-content\\\/uploads\\\/2025\\\/10\\\/Cardinal-Jozsef-Mindszenty-1.jpg?fit=373%2C515&ssl=1\",\"width\":373,\"height\":515},{\"@type\":\"BreadcrumbList\",\"@id\":\"https:\\\/\\\/stemeric.com\\\/hu\\\/evkozi-26-vasarnap-2025-szeptember-28\\\/#breadcrumb\",\"itemListElement\":[{\"@type\":\"ListItem\",\"position\":1,\"name\":\"Home\",\"item\":\"https:\\\/\\\/stemeric.com\\\/hu\\\/\"},{\"@type\":\"ListItem\",\"position\":2,\"name\":\"\u00c9VK\u00d6ZI 26. VAS\u00c1RNAP \u2013 2025, szeptember 28.\"}]},{\"@type\":\"WebSite\",\"@id\":\"https:\\\/\\\/stemeric.com\\\/#website\",\"url\":\"https:\\\/\\\/stemeric.com\\\/\",\"name\":\"St. Emeric Church\",\"description\":\"Szent Imre R\u00f3mai Katolikus Magyar Egyh\u00e1zk\u00f6zs\u00e9g\",\"publisher\":{\"@id\":\"https:\\\/\\\/stemeric.com\\\/#organization\"},\"potentialAction\":[{\"@type\":\"SearchAction\",\"target\":{\"@type\":\"EntryPoint\",\"urlTemplate\":\"https:\\\/\\\/stemeric.com\\\/?s={search_term_string}\"},\"query-input\":{\"@type\":\"PropertyValueSpecification\",\"valueRequired\":true,\"valueName\":\"search_term_string\"}}],\"inLanguage\":\"hu\"},{\"@type\":\"Organization\",\"@id\":\"https:\\\/\\\/stemeric.com\\\/#organization\",\"name\":\"St. Emeric Church\",\"url\":\"https:\\\/\\\/stemeric.com\\\/\",\"logo\":{\"@type\":\"ImageObject\",\"inLanguage\":\"hu\",\"@id\":\"https:\\\/\\\/stemeric.com\\\/#\\\/schema\\\/logo\\\/image\\\/\",\"url\":\"https:\\\/\\\/stemeric.com\\\/wp-content\\\/uploads\\\/2015\\\/11\\\/SzentImre4.png\",\"contentUrl\":\"https:\\\/\\\/stemeric.com\\\/wp-content\\\/uploads\\\/2015\\\/11\\\/SzentImre4.png\",\"width\":800,\"height\":167,\"caption\":\"St. Emeric Church\"},\"image\":{\"@id\":\"https:\\\/\\\/stemeric.com\\\/#\\\/schema\\\/logo\\\/image\\\/\"},\"sameAs\":[\"https:\\\/\\\/www.facebook.com\\\/saintemeric\"]},{\"@type\":\"Person\",\"@id\":\"https:\\\/\\\/stemeric.com\\\/#\\\/schema\\\/person\\\/bf0d9c9cb88a9bc031b1d708c8fd7c0d\",\"name\":\"Fr. Bona\",\"image\":{\"@type\":\"ImageObject\",\"inLanguage\":\"hu\",\"@id\":\"https:\\\/\\\/secure.gravatar.com\\\/avatar\\\/dc8add36be833ddeaab5f45e4259b5e5c62368272ba2e29307768796901b66a4?s=96&d=mm&r=g\",\"url\":\"https:\\\/\\\/secure.gravatar.com\\\/avatar\\\/dc8add36be833ddeaab5f45e4259b5e5c62368272ba2e29307768796901b66a4?s=96&d=mm&r=g\",\"contentUrl\":\"https:\\\/\\\/secure.gravatar.com\\\/avatar\\\/dc8add36be833ddeaab5f45e4259b5e5c62368272ba2e29307768796901b66a4?s=96&d=mm&r=g\",\"caption\":\"Fr. Bona\"},\"url\":\"https:\\\/\\\/stemeric.com\\\/hu\\\/author\\\/bonaatya\\\/\"}]}<\/script>\n<!-- \/ Yoast SEO plugin. -->","yoast_head_json":{"title":"\u00c9VK\u00d6ZI 26. VAS\u00c1RNAP \u2013 2025, szeptember 28. - St. Emeric Church","robots":{"index":"index","follow":"follow","max-snippet":"max-snippet:-1","max-image-preview":"max-image-preview:large","max-video-preview":"max-video-preview:-1"},"canonical":"https:\/\/stemeric.com\/hu\/evkozi-26-vasarnap-2025-szeptember-28\/","og_locale":"hu_HU","og_type":"article","og_title":"\u00c9VK\u00d6ZI 26. VAS\u00c1RNAP \u2013 2025, szeptember 28. - St. Emeric Church","og_description":"K\u00e9rj\u00fck, tekints\u00e9k meg az angol nyelv\u0171 r\u00e9szt is (link az alj\u00e1n), mert az tartalmazza a szentmis\u00e9k sz\u00e1nd\u00e9kait \u00e9s m\u00e1s fontos t\u00e1j\u00e9koztat\u00e1st. V\u00c1LASZOS ZSOLT\u00c1R: \u00c1ldjad lelkem az Urat, dics\u0151\u00edtsed az Istent. B\u00d3NA ATYA TOLL\u00c1B\u00d3L: (1) Ezen a h\u00e9ten a liturgia \u00fcnnepei kihangs\u00falyozz\u00e1k sz\u00e1munkra az angyalokat. El\u0151sz\u00f6r is, szeptember 29 -\u00e9n a f\u0151angyalok \u00fcnnep\u00e9t (Szent Mih\u00e1ly, Szent [&hellip;]","og_url":"https:\/\/stemeric.com\/hu\/evkozi-26-vasarnap-2025-szeptember-28\/","og_site_name":"St. Emeric Church","article_publisher":"https:\/\/www.facebook.com\/saintemeric","article_published_time":"2025-10-19T03:07:23+00:00","article_modified_time":"2025-10-19T03:09:37+00:00","og_image":[{"width":373,"height":515,"url":"https:\/\/stemeric.com\/wp-content\/uploads\/2025\/10\/Cardinal-Jozsef-Mindszenty-1.jpg","type":"image\/jpeg"}],"author":"Fr. Bona","twitter_card":"summary_large_image","twitter_misc":{"Szerz\u0151:":"Fr. Bona","Becs\u00fclt olvas\u00e1si id\u0151":"2 perc"},"schema":{"@context":"https:\/\/schema.org","@graph":[{"@type":"Article","@id":"https:\/\/stemeric.com\/hu\/evkozi-26-vasarnap-2025-szeptember-28\/#article","isPartOf":{"@id":"https:\/\/stemeric.com\/hu\/evkozi-26-vasarnap-2025-szeptember-28\/"},"author":{"name":"Fr. Bona","@id":"https:\/\/stemeric.com\/#\/schema\/person\/bf0d9c9cb88a9bc031b1d708c8fd7c0d"},"headline":"\u00c9VK\u00d6ZI 26. VAS\u00c1RNAP \u2013 2025, szeptember 28.","datePublished":"2025-10-19T03:07:23+00:00","dateModified":"2025-10-19T03:09:37+00:00","mainEntityOfPage":{"@id":"https:\/\/stemeric.com\/hu\/evkozi-26-vasarnap-2025-szeptember-28\/"},"wordCount":736,"commentCount":0,"publisher":{"@id":"https:\/\/stemeric.com\/#organization"},"image":{"@id":"https:\/\/stemeric.com\/hu\/evkozi-26-vasarnap-2025-szeptember-28\/#primaryimage"},"thumbnailUrl":"https:\/\/i0.wp.com\/stemeric.com\/wp-content\/uploads\/2025\/10\/Cardinal-Jozsef-Mindszenty-1.jpg?fit=373%2C515&ssl=1","articleSection":["\u00c9rtes\u00edt\u0151"],"inLanguage":"hu","potentialAction":[{"@type":"CommentAction","name":"Comment","target":["https:\/\/stemeric.com\/hu\/evkozi-26-vasarnap-2025-szeptember-28\/#respond"]}]},{"@type":"WebPage","@id":"https:\/\/stemeric.com\/hu\/evkozi-26-vasarnap-2025-szeptember-28\/","url":"https:\/\/stemeric.com\/hu\/evkozi-26-vasarnap-2025-szeptember-28\/","name":"\u00c9VK\u00d6ZI 26. VAS\u00c1RNAP \u2013 2025, szeptember 28. - St. Emeric Church","isPartOf":{"@id":"https:\/\/stemeric.com\/#website"},"primaryImageOfPage":{"@id":"https:\/\/stemeric.com\/hu\/evkozi-26-vasarnap-2025-szeptember-28\/#primaryimage"},"image":{"@id":"https:\/\/stemeric.com\/hu\/evkozi-26-vasarnap-2025-szeptember-28\/#primaryimage"},"thumbnailUrl":"https:\/\/i0.wp.com\/stemeric.com\/wp-content\/uploads\/2025\/10\/Cardinal-Jozsef-Mindszenty-1.jpg?fit=373%2C515&ssl=1","datePublished":"2025-10-19T03:07:23+00:00","dateModified":"2025-10-19T03:09:37+00:00","breadcrumb":{"@id":"https:\/\/stemeric.com\/hu\/evkozi-26-vasarnap-2025-szeptember-28\/#breadcrumb"},"inLanguage":"hu","potentialAction":[{"@type":"ReadAction","target":["https:\/\/stemeric.com\/hu\/evkozi-26-vasarnap-2025-szeptember-28\/"]}]},{"@type":"ImageObject","inLanguage":"hu","@id":"https:\/\/stemeric.com\/hu\/evkozi-26-vasarnap-2025-szeptember-28\/#primaryimage","url":"https:\/\/i0.wp.com\/stemeric.com\/wp-content\/uploads\/2025\/10\/Cardinal-Jozsef-Mindszenty-1.jpg?fit=373%2C515&ssl=1","contentUrl":"https:\/\/i0.wp.com\/stemeric.com\/wp-content\/uploads\/2025\/10\/Cardinal-Jozsef-Mindszenty-1.jpg?fit=373%2C515&ssl=1","width":373,"height":515},{"@type":"BreadcrumbList","@id":"https:\/\/stemeric.com\/hu\/evkozi-26-vasarnap-2025-szeptember-28\/#breadcrumb","itemListElement":[{"@type":"ListItem","position":1,"name":"Home","item":"https:\/\/stemeric.com\/hu\/"},{"@type":"ListItem","position":2,"name":"\u00c9VK\u00d6ZI 26. VAS\u00c1RNAP \u2013 2025, szeptember 28."}]},{"@type":"WebSite","@id":"https:\/\/stemeric.com\/#website","url":"https:\/\/stemeric.com\/","name":"St. Emeric Church","description":"Szent Imre R\u00f3mai Katolikus Magyar Egyh\u00e1zk\u00f6zs\u00e9g","publisher":{"@id":"https:\/\/stemeric.com\/#organization"},"potentialAction":[{"@type":"SearchAction","target":{"@type":"EntryPoint","urlTemplate":"https:\/\/stemeric.com\/?s={search_term_string}"},"query-input":{"@type":"PropertyValueSpecification","valueRequired":true,"valueName":"search_term_string"}}],"inLanguage":"hu"},{"@type":"Organization","@id":"https:\/\/stemeric.com\/#organization","name":"St. Emeric Church","url":"https:\/\/stemeric.com\/","logo":{"@type":"ImageObject","inLanguage":"hu","@id":"https:\/\/stemeric.com\/#\/schema\/logo\/image\/","url":"https:\/\/stemeric.com\/wp-content\/uploads\/2015\/11\/SzentImre4.png","contentUrl":"https:\/\/stemeric.com\/wp-content\/uploads\/2015\/11\/SzentImre4.png","width":800,"height":167,"caption":"St. Emeric Church"},"image":{"@id":"https:\/\/stemeric.com\/#\/schema\/logo\/image\/"},"sameAs":["https:\/\/www.facebook.com\/saintemeric"]},{"@type":"Person","@id":"https:\/\/stemeric.com\/#\/schema\/person\/bf0d9c9cb88a9bc031b1d708c8fd7c0d","name":"Fr. Bona","image":{"@type":"ImageObject","inLanguage":"hu","@id":"https:\/\/secure.gravatar.com\/avatar\/dc8add36be833ddeaab5f45e4259b5e5c62368272ba2e29307768796901b66a4?s=96&d=mm&r=g","url":"https:\/\/secure.gravatar.com\/avatar\/dc8add36be833ddeaab5f45e4259b5e5c62368272ba2e29307768796901b66a4?s=96&d=mm&r=g","contentUrl":"https:\/\/secure.gravatar.com\/avatar\/dc8add36be833ddeaab5f45e4259b5e5c62368272ba2e29307768796901b66a4?s=96&d=mm&r=g","caption":"Fr. Bona"},"url":"https:\/\/stemeric.com\/hu\/author\/bonaatya\/"}]}},"jetpack_publicize_connections":[],"jetpack_featured_media_url":"https:\/\/i0.wp.com\/stemeric.com\/wp-content\/uploads\/2025\/10\/Cardinal-Jozsef-Mindszenty-1.jpg?fit=373%2C515&ssl=1","jetpack_sharing_enabled":true,"jetpack_shortlink":"https:\/\/wp.me\/pffxLh-4k1","_links":{"self":[{"href":"https:\/\/stemeric.com\/hu\/wp-json\/wp\/v2\/posts\/16617","targetHints":{"allow":["GET"]}}],"collection":[{"href":"https:\/\/stemeric.com\/hu\/wp-json\/wp\/v2\/posts"}],"about":[{"href":"https:\/\/stemeric.com\/hu\/wp-json\/wp\/v2\/types\/post"}],"author":[{"embeddable":true,"href":"https:\/\/stemeric.com\/hu\/wp-json\/wp\/v2\/users\/6"}],"replies":[{"embeddable":true,"href":"https:\/\/stemeric.com\/hu\/wp-json\/wp\/v2\/comments?post=16617"}],"version-history":[{"count":1,"href":"https:\/\/stemeric.com\/hu\/wp-json\/wp\/v2\/posts\/16617\/revisions"}],"predecessor-version":[{"id":16618,"href":"https:\/\/stemeric.com\/hu\/wp-json\/wp\/v2\/posts\/16617\/revisions\/16618"}],"wp:featuredmedia":[{"embeddable":true,"href":"https:\/\/stemeric.com\/hu\/wp-json\/wp\/v2\/media\/16615"}],"wp:attachment":[{"href":"https:\/\/stemeric.com\/hu\/wp-json\/wp\/v2\/media?parent=16617"}],"wp:term":[{"taxonomy":"category","embeddable":true,"href":"https:\/\/stemeric.com\/hu\/wp-json\/wp\/v2\/categories?post=16617"},{"taxonomy":"post_tag","embeddable":true,"href":"https:\/\/stemeric.com\/hu\/wp-json\/wp\/v2\/tags?post=16617"}],"curies":[{"name":"wp","href":"https:\/\/api.w.org\/{rel}","templated":true}]}}