{"id":16955,"date":"2025-12-06T22:23:09","date_gmt":"2025-12-07T03:23:09","guid":{"rendered":"https:\/\/stemeric.com\/?p=16955"},"modified":"2025-12-06T22:29:31","modified_gmt":"2025-12-07T03:29:31","slug":"advent-2-vasarnapja-2025-december-7","status":"publish","type":"post","link":"https:\/\/stemeric.com\/hu\/advent-2-vasarnapja-2025-december-7\/","title":{"rendered":"ADVENT 2. VAS\u00c1RNAPJA \u2013 2025, december 7."},"content":{"rendered":"<p><em>K\u00e9rj\u00fck, tekints\u00e9k meg az angol nyelv\u0171 r\u00e9szt is (link az alj\u00e1n), mert az tartalmazza a szentmis\u00e9k sz\u00e1nd\u00e9kait \u00e9s m\u00e1s fontos t\u00e1j\u00e9koztat\u00e1st.<\/em><\/p>\n<p><strong><u>B\u00d3NA ATYA TOLL\u00c1B\u00d3L<\/u><\/strong><strong>:<\/strong> <strong>(1)<\/strong> Ma meggy\u00fajtjuk a m\u00e1sodik gyerty\u00e1t, amely a hitet szimboliz\u00e1lja. N\u00e9ha \u201eBetlehemi gyerty\u00e1nak\u201d is h\u00edvj\u00e1k, eml\u00e9keztetve M\u00e1ria \u00e9s J\u00f3zsef betlehemi \u00fatj\u00e1ra. A J\u00e9zus Krisztusba vetett hit\u00fcnk \u00e9s bizalmunk tov\u00e1bb er\u0151s\u00f6dj\u00f6n Advent szent id\u0151szak\u00e1ban.<\/p>\n<p><strong>(2)<\/strong> Ebben az \u00e9vben a <strong>Boldogs\u00e1gos Sz\u0171z M\u00e1ria Szepl\u0151telen Fogantat\u00e1s\u00e1nak<\/strong> f\u0151\u00fcnnep\u00e9t h\u00e9tf\u0151n, december 8-\u00e1n, tartjuk meg. A Szepl\u0151telen Fogantat\u00e1s c\u00edmet visel\u0151 Sz\u0171zany\u00e1nk egyben az Egyes\u00fclt \u00c1llamok v\u00e9d\u0151szentje is. Ez a nap <strong>parancsolt \u00fcnnep<\/strong>, vagyis k\u00f6telez\u0151 a szentmis\u00e9n val\u00f3 r\u00e9szv\u00e9tel. Tudom, hogy val\u00f3sz\u00edn\u0171leg sokan a munkahely\u00fck vagy otthonuk k\u00f6zel\u00e9ben vesznek r\u00e9szt majd a mis\u00e9n, de itt a Szent Imre templomban a k\u00f6vetkez\u0151 miserend lesz: h\u00e9tf\u0151n 9 \u00f3rakor reggel, 12-or d\u00e9lben (a nyelvhaszn\u00e1lat a jelenl\u00e9v\u0151kt\u0151l f\u00fcgg majd), \u00e9s 6 \u00f3rakor este pedig magyarul. A fenti t\u00e1bl\u00e1zatban kiemeltem ennek az \u00fcnneps\u00e9gnek a mis\u00e9it.<\/p>\n<p><strong>(3)<\/strong> Ma (december 7.) 11 \u00f3rai szentmise ut\u00e1n \u00fcnnepelj\u00fck Szent Mikl\u00f3s napj\u00e1t, aki k\u00fcl\u00f6n\u00f6sen a gyerekeket fogja megl\u00e1togatni.<\/p>\n<p><strong>(4)<\/strong> Nagyon k\u00f6sz\u00f6n\u00f6m mindazoknak, akik r\u00e9szt vettek a #weGIVECATHOLIC online adom\u00e1nygy\u0171jt\u00e9sben, hogy seg\u00edtsenek fedezni egy nagyon sz\u00fcks\u00e9ges \u00faj kaz\u00e1n k\u00f6lts\u00e9geit. 30 adom\u00e1nyoz\u00f3 volt, akik 7580 doll\u00e1rt gy\u0171jt\u00f6ttek \u00f6ssze. Nagyon k\u00f6sz\u00f6n\u00f6m nagylelk\u0171s\u00e9g\u00fcket.<\/p>\n<p><strong>(5)<\/strong> A k\u00f6vetkez\u0151 vas\u00e1rnapi szentmis\u00e9n a zen\u00e9t az ifj\u00fas\u00e1gi k\u00f3rusunk szolg\u00e1ltatja.<\/p>\n<p><strong>(6)<\/strong> K\u00e9rj\u00fck, n\u00e9zz\u00e9k meg a bulletin angol nyelv\u0171 r\u00e9sz\u00e9t a kar\u00e1csonyi\/\u00faj\u00e9vi mis\u00e9k id\u0151pontj\u00e1r\u00f3l. Szeretn\u00e9m felh\u00edvni a figyelm\u00fcket egy k\u00fcl\u00f6nleges mis\u00e9re, amelyre december 27-\u00e9n (szombaton) ker\u00fcl sor a Szent Erzs\u00e9bet-templomban, amelyet egy k\u00f6nny\u0171 fogad\u00e1s k\u00f6vet. Azon a napon nem lesz 5 \u00f3rai mise a Szent Imre templomban.<\/p>\n<p><strong><u>A BAMBINELLI \u00c1LD\u00c1S\u00c1T<\/u><\/strong> el\u0151sz\u00f6r II. Szent J\u00e1nos P\u00e1l kezdem\u00e9nyezte. Advent vas\u00e1rnapj\u00e1n a r\u00f3mai gyerekeket arra biztatj\u00e1k, hogy vigy\u00e9k el a kis J\u00e9zust (Bambinelli-t) a betlehemes k\u00e9szlet\u00fckb\u0151l a Szent P\u00e9ter t\u00e9rre. A vas\u00e1rnapi \u00darangyala-besz\u00e9det k\u00f6vet\u0151en a p\u00e1pa meg\u00e1ldja a figur\u00e1kat. Ez a szok\u00e1s az eg\u00e9sz vil\u00e1gon elterjedt. K\u00e9t h\u00e9t m\u00falva, az advent utols\u00f3 vas\u00e1rnapj\u00e1n (december 22-\u00e9n), a szentmise ut\u00e1n \u00fcnnepelj\u00fck ezt az \u00e1ld\u00e1st. Mindenkit (nem csak a gyerekeket) arra biztatunk, hogy hozz\u00e1k el otthonr\u00f3l a J\u00e9zusk\u00e1t a templomba erre a k\u00fcl\u00f6nleges \u00e1ld\u00e1sra.<\/p>\n<p><strong><u>A GUADALUPEI BOLDOGS\u00c1GOS SZ\u0170Z M\u00c1RIA \u00dcNNEPE<\/u><\/strong> <em>(december 12)<\/em><strong>: <\/strong>1531. december 9-\u00e9n a Tepeyac-dombon, amely Mexik\u00f3v\u00e1ros k\u00f6zel\u00e9ben, a jelenlegi Mexik\u00f3 \u00e1llam ter\u00fclet\u00e9n van, Sz\u0171z M\u00e1ria megjelent egy egyszer\u0171 indi\u00e1nnak, Juan Diego Cuauhtlatoatzinnak, \u00e9s egy templom \u00e9p\u00edt\u00e9s\u00e9t k\u00e9rte, hogy ott anyai j\u00f3s\u00e1g\u00e1t megmutathassa. Juan Diego k\u00f6peny\u00e9n, amelyben a Sz\u0171zany\u00e1t\u00f3l k\u00fcld\u00f6tt vir\u00e1gokat vitte a p\u00fcsp\u00f6knek, csod\u00e1latos m\u00f3don megmaradt a Sz\u0171zanya k\u00e9pe. Ezt a kereszt\u00e9nyek az\u00f3ta is nagy \u00e1h\u00edtattal tisztelik. II. J\u00e1nos P\u00e1l p\u00e1pa a Guadalupei Boldogs\u00e1gos Sz\u0171z M\u00e1ria \u00fcnnep\u00e9t 2002-ben az eg\u00e9sz Egyh\u00e1z sz\u00e1m\u00e1ra meg\u00fclni elrendelte.<\/p>\n<p><strong><u>AZ ONLINE SZENTMISEK\u00d6ZVET\u00cdT\u00c9S<\/u><\/strong><strong> \u2013<\/strong> d.e. 11:00 \u2013 kor Szent Imre templomb\u00f3l <a href=\"https:\/\/www.facebook.com\/saintemeric\/\">https:\/\/www.facebook.com\/saintemeric\/<\/a><\/p>\n<p style=\"text-align: center;\"><strong>IM\u00c1DKOZZUNK MINDEN NAP H\u00c1ROM \u00dcDV\u00d6ZL\u00c9GYET PL\u00c9B\u00c1NI\u00c1NK\u00c9RT!<\/strong><\/p>\n","protected":false},"excerpt":{"rendered":"<p>K\u00e9rj\u00fck, tekints\u00e9k meg az angol nyelv\u0171 r\u00e9szt is (link az alj\u00e1n), mert az tartalmazza a szentmis\u00e9k sz\u00e1nd\u00e9kait \u00e9s m\u00e1s fontos t\u00e1j\u00e9koztat\u00e1st. B\u00d3NA ATYA TOLL\u00c1B\u00d3L: (1) Ma meggy\u00fajtjuk a m\u00e1sodik gyerty\u00e1t, amely a hitet szimboliz\u00e1lja. N\u00e9ha \u201eBetlehemi gyerty\u00e1nak\u201d is h\u00edvj\u00e1k, eml\u00e9keztetve M\u00e1ria \u00e9s J\u00f3zsef betlehemi \u00fatj\u00e1ra. A J\u00e9zus Krisztusba vetett hit\u00fcnk \u00e9s bizalmunk tov\u00e1bb er\u0151s\u00f6dj\u00f6n Advent [&hellip;]<\/p>\n","protected":false},"author":6,"featured_media":11505,"comment_status":"open","ping_status":"open","sticky":false,"template":"","format":"standard","meta":{"jetpack_post_was_ever_published":false,"_jetpack_newsletter_access":"","_jetpack_dont_email_post_to_subs":false,"_jetpack_newsletter_tier_id":0,"_jetpack_memberships_contains_paywalled_content":false,"_jetpack_memberships_contains_paid_content":false,"footnotes":"","jetpack_publicize_message":"","jetpack_publicize_feature_enabled":true,"jetpack_social_post_already_shared":true,"jetpack_social_options":{"image_generator_settings":{"template":"highway","default_image_id":0,"font":"","enabled":false},"version":2}},"categories":[12],"tags":[],"class_list":["post-16955","post","type-post","status-publish","format-standard","has-post-thumbnail","hentry","category-ertesito"],"yoast_head":"<!-- This site is optimized with the Yoast SEO plugin v27.5 - https:\/\/yoast.com\/product\/yoast-seo-wordpress\/ -->\n<title>ADVENT 2. VAS\u00c1RNAPJA \u2013 2025, december 7. - St. Emeric Church<\/title>\n<meta name=\"robots\" content=\"index, follow, max-snippet:-1, max-image-preview:large, max-video-preview:-1\" \/>\n<link rel=\"canonical\" href=\"https:\/\/stemeric.com\/hu\/advent-2-vasarnapja-2025-december-7\/\" \/>\n<meta property=\"og:locale\" content=\"hu_HU\" \/>\n<meta property=\"og:type\" content=\"article\" \/>\n<meta property=\"og:title\" content=\"ADVENT 2. VAS\u00c1RNAPJA \u2013 2025, december 7. - St. Emeric Church\" \/>\n<meta property=\"og:description\" content=\"K\u00e9rj\u00fck, tekints\u00e9k meg az angol nyelv\u0171 r\u00e9szt is (link az alj\u00e1n), mert az tartalmazza a szentmis\u00e9k sz\u00e1nd\u00e9kait \u00e9s m\u00e1s fontos t\u00e1j\u00e9koztat\u00e1st. B\u00d3NA ATYA TOLL\u00c1B\u00d3L: (1) Ma meggy\u00fajtjuk a m\u00e1sodik gyerty\u00e1t, amely a hitet szimboliz\u00e1lja. N\u00e9ha \u201eBetlehemi gyerty\u00e1nak\u201d is h\u00edvj\u00e1k, eml\u00e9keztetve M\u00e1ria \u00e9s J\u00f3zsef betlehemi \u00fatj\u00e1ra. A J\u00e9zus Krisztusba vetett hit\u00fcnk \u00e9s bizalmunk tov\u00e1bb er\u0151s\u00f6dj\u00f6n Advent [&hellip;]\" \/>\n<meta property=\"og:url\" content=\"https:\/\/stemeric.com\/hu\/advent-2-vasarnapja-2025-december-7\/\" \/>\n<meta property=\"og:site_name\" content=\"St. Emeric Church\" \/>\n<meta property=\"article:publisher\" content=\"https:\/\/www.facebook.com\/saintemeric\" \/>\n<meta property=\"article:published_time\" content=\"2025-12-07T03:23:09+00:00\" \/>\n<meta property=\"article:modified_time\" content=\"2025-12-07T03:29:31+00:00\" \/>\n<meta property=\"og:image\" content=\"https:\/\/stemeric.com\/wp-content\/uploads\/2022\/12\/2-Sun-of-Advent-Wreath.jpg\" \/>\n\t<meta property=\"og:image:width\" content=\"600\" \/>\n\t<meta property=\"og:image:height\" content=\"315\" \/>\n\t<meta property=\"og:image:type\" content=\"image\/jpeg\" \/>\n<meta name=\"author\" content=\"Fr. Bona\" \/>\n<meta name=\"twitter:card\" content=\"summary_large_image\" \/>\n<meta name=\"twitter:label1\" content=\"Szerz\u0151:\" \/>\n\t<meta name=\"twitter:data1\" content=\"Fr. Bona\" \/>\n\t<meta name=\"twitter:label2\" content=\"Becs\u00fclt olvas\u00e1si id\u0151\" \/>\n\t<meta name=\"twitter:data2\" content=\"2 perc\" \/>\n<script type=\"application\/ld+json\" class=\"yoast-schema-graph\">{\"@context\":\"https:\\\/\\\/schema.org\",\"@graph\":[{\"@type\":\"Article\",\"@id\":\"https:\\\/\\\/stemeric.com\\\/hu\\\/advent-2-vasarnapja-2025-december-7\\\/#article\",\"isPartOf\":{\"@id\":\"https:\\\/\\\/stemeric.com\\\/hu\\\/advent-2-vasarnapja-2025-december-7\\\/\"},\"author\":{\"name\":\"Fr. Bona\",\"@id\":\"https:\\\/\\\/stemeric.com\\\/#\\\/schema\\\/person\\\/bf0d9c9cb88a9bc031b1d708c8fd7c0d\"},\"headline\":\"ADVENT 2. VAS\u00c1RNAPJA \u2013 2025, december 7.\",\"datePublished\":\"2025-12-07T03:23:09+00:00\",\"dateModified\":\"2025-12-07T03:29:31+00:00\",\"mainEntityOfPage\":{\"@id\":\"https:\\\/\\\/stemeric.com\\\/hu\\\/advent-2-vasarnapja-2025-december-7\\\/\"},\"wordCount\":674,\"commentCount\":0,\"publisher\":{\"@id\":\"https:\\\/\\\/stemeric.com\\\/#organization\"},\"image\":{\"@id\":\"https:\\\/\\\/stemeric.com\\\/hu\\\/advent-2-vasarnapja-2025-december-7\\\/#primaryimage\"},\"thumbnailUrl\":\"https:\\\/\\\/i0.wp.com\\\/stemeric.com\\\/wp-content\\\/uploads\\\/2022\\\/12\\\/2-Sun-of-Advent-Wreath.jpg?fit=600%2C315&ssl=1\",\"articleSection\":[\"\u00c9rtes\u00edt\u0151\"],\"inLanguage\":\"hu\",\"potentialAction\":[{\"@type\":\"CommentAction\",\"name\":\"Comment\",\"target\":[\"https:\\\/\\\/stemeric.com\\\/hu\\\/advent-2-vasarnapja-2025-december-7\\\/#respond\"]}]},{\"@type\":\"WebPage\",\"@id\":\"https:\\\/\\\/stemeric.com\\\/hu\\\/advent-2-vasarnapja-2025-december-7\\\/\",\"url\":\"https:\\\/\\\/stemeric.com\\\/hu\\\/advent-2-vasarnapja-2025-december-7\\\/\",\"name\":\"ADVENT 2. VAS\u00c1RNAPJA \u2013 2025, december 7. - St. Emeric Church\",\"isPartOf\":{\"@id\":\"https:\\\/\\\/stemeric.com\\\/#website\"},\"primaryImageOfPage\":{\"@id\":\"https:\\\/\\\/stemeric.com\\\/hu\\\/advent-2-vasarnapja-2025-december-7\\\/#primaryimage\"},\"image\":{\"@id\":\"https:\\\/\\\/stemeric.com\\\/hu\\\/advent-2-vasarnapja-2025-december-7\\\/#primaryimage\"},\"thumbnailUrl\":\"https:\\\/\\\/i0.wp.com\\\/stemeric.com\\\/wp-content\\\/uploads\\\/2022\\\/12\\\/2-Sun-of-Advent-Wreath.jpg?fit=600%2C315&ssl=1\",\"datePublished\":\"2025-12-07T03:23:09+00:00\",\"dateModified\":\"2025-12-07T03:29:31+00:00\",\"breadcrumb\":{\"@id\":\"https:\\\/\\\/stemeric.com\\\/hu\\\/advent-2-vasarnapja-2025-december-7\\\/#breadcrumb\"},\"inLanguage\":\"hu\",\"potentialAction\":[{\"@type\":\"ReadAction\",\"target\":[\"https:\\\/\\\/stemeric.com\\\/hu\\\/advent-2-vasarnapja-2025-december-7\\\/\"]}]},{\"@type\":\"ImageObject\",\"inLanguage\":\"hu\",\"@id\":\"https:\\\/\\\/stemeric.com\\\/hu\\\/advent-2-vasarnapja-2025-december-7\\\/#primaryimage\",\"url\":\"https:\\\/\\\/i0.wp.com\\\/stemeric.com\\\/wp-content\\\/uploads\\\/2022\\\/12\\\/2-Sun-of-Advent-Wreath.jpg?fit=600%2C315&ssl=1\",\"contentUrl\":\"https:\\\/\\\/i0.wp.com\\\/stemeric.com\\\/wp-content\\\/uploads\\\/2022\\\/12\\\/2-Sun-of-Advent-Wreath.jpg?fit=600%2C315&ssl=1\",\"width\":600,\"height\":315},{\"@type\":\"BreadcrumbList\",\"@id\":\"https:\\\/\\\/stemeric.com\\\/hu\\\/advent-2-vasarnapja-2025-december-7\\\/#breadcrumb\",\"itemListElement\":[{\"@type\":\"ListItem\",\"position\":1,\"name\":\"Home\",\"item\":\"https:\\\/\\\/stemeric.com\\\/hu\\\/\"},{\"@type\":\"ListItem\",\"position\":2,\"name\":\"ADVENT 2. VAS\u00c1RNAPJA \u2013 2025, december 7.\"}]},{\"@type\":\"WebSite\",\"@id\":\"https:\\\/\\\/stemeric.com\\\/#website\",\"url\":\"https:\\\/\\\/stemeric.com\\\/\",\"name\":\"St. Emeric Church\",\"description\":\"Szent Imre R\u00f3mai Katolikus Magyar Egyh\u00e1zk\u00f6zs\u00e9g\",\"publisher\":{\"@id\":\"https:\\\/\\\/stemeric.com\\\/#organization\"},\"potentialAction\":[{\"@type\":\"SearchAction\",\"target\":{\"@type\":\"EntryPoint\",\"urlTemplate\":\"https:\\\/\\\/stemeric.com\\\/?s={search_term_string}\"},\"query-input\":{\"@type\":\"PropertyValueSpecification\",\"valueRequired\":true,\"valueName\":\"search_term_string\"}}],\"inLanguage\":\"hu\"},{\"@type\":\"Organization\",\"@id\":\"https:\\\/\\\/stemeric.com\\\/#organization\",\"name\":\"St. Emeric Church\",\"url\":\"https:\\\/\\\/stemeric.com\\\/\",\"logo\":{\"@type\":\"ImageObject\",\"inLanguage\":\"hu\",\"@id\":\"https:\\\/\\\/stemeric.com\\\/#\\\/schema\\\/logo\\\/image\\\/\",\"url\":\"https:\\\/\\\/stemeric.com\\\/wp-content\\\/uploads\\\/2015\\\/11\\\/SzentImre4.png\",\"contentUrl\":\"https:\\\/\\\/stemeric.com\\\/wp-content\\\/uploads\\\/2015\\\/11\\\/SzentImre4.png\",\"width\":800,\"height\":167,\"caption\":\"St. Emeric Church\"},\"image\":{\"@id\":\"https:\\\/\\\/stemeric.com\\\/#\\\/schema\\\/logo\\\/image\\\/\"},\"sameAs\":[\"https:\\\/\\\/www.facebook.com\\\/saintemeric\"]},{\"@type\":\"Person\",\"@id\":\"https:\\\/\\\/stemeric.com\\\/#\\\/schema\\\/person\\\/bf0d9c9cb88a9bc031b1d708c8fd7c0d\",\"name\":\"Fr. Bona\",\"image\":{\"@type\":\"ImageObject\",\"inLanguage\":\"hu\",\"@id\":\"https:\\\/\\\/secure.gravatar.com\\\/avatar\\\/dc8add36be833ddeaab5f45e4259b5e5c62368272ba2e29307768796901b66a4?s=96&d=mm&r=g\",\"url\":\"https:\\\/\\\/secure.gravatar.com\\\/avatar\\\/dc8add36be833ddeaab5f45e4259b5e5c62368272ba2e29307768796901b66a4?s=96&d=mm&r=g\",\"contentUrl\":\"https:\\\/\\\/secure.gravatar.com\\\/avatar\\\/dc8add36be833ddeaab5f45e4259b5e5c62368272ba2e29307768796901b66a4?s=96&d=mm&r=g\",\"caption\":\"Fr. Bona\"},\"url\":\"https:\\\/\\\/stemeric.com\\\/hu\\\/author\\\/bonaatya\\\/\"}]}<\/script>\n<!-- \/ Yoast SEO plugin. -->","yoast_head_json":{"title":"ADVENT 2. VAS\u00c1RNAPJA \u2013 2025, december 7. - St. Emeric Church","robots":{"index":"index","follow":"follow","max-snippet":"max-snippet:-1","max-image-preview":"max-image-preview:large","max-video-preview":"max-video-preview:-1"},"canonical":"https:\/\/stemeric.com\/hu\/advent-2-vasarnapja-2025-december-7\/","og_locale":"hu_HU","og_type":"article","og_title":"ADVENT 2. VAS\u00c1RNAPJA \u2013 2025, december 7. - St. Emeric Church","og_description":"K\u00e9rj\u00fck, tekints\u00e9k meg az angol nyelv\u0171 r\u00e9szt is (link az alj\u00e1n), mert az tartalmazza a szentmis\u00e9k sz\u00e1nd\u00e9kait \u00e9s m\u00e1s fontos t\u00e1j\u00e9koztat\u00e1st. B\u00d3NA ATYA TOLL\u00c1B\u00d3L: (1) Ma meggy\u00fajtjuk a m\u00e1sodik gyerty\u00e1t, amely a hitet szimboliz\u00e1lja. N\u00e9ha \u201eBetlehemi gyerty\u00e1nak\u201d is h\u00edvj\u00e1k, eml\u00e9keztetve M\u00e1ria \u00e9s J\u00f3zsef betlehemi \u00fatj\u00e1ra. A J\u00e9zus Krisztusba vetett hit\u00fcnk \u00e9s bizalmunk tov\u00e1bb er\u0151s\u00f6dj\u00f6n Advent [&hellip;]","og_url":"https:\/\/stemeric.com\/hu\/advent-2-vasarnapja-2025-december-7\/","og_site_name":"St. Emeric Church","article_publisher":"https:\/\/www.facebook.com\/saintemeric","article_published_time":"2025-12-07T03:23:09+00:00","article_modified_time":"2025-12-07T03:29:31+00:00","og_image":[{"width":600,"height":315,"url":"https:\/\/stemeric.com\/wp-content\/uploads\/2022\/12\/2-Sun-of-Advent-Wreath.jpg","type":"image\/jpeg"}],"author":"Fr. Bona","twitter_card":"summary_large_image","twitter_misc":{"Szerz\u0151:":"Fr. Bona","Becs\u00fclt olvas\u00e1si id\u0151":"2 perc"},"schema":{"@context":"https:\/\/schema.org","@graph":[{"@type":"Article","@id":"https:\/\/stemeric.com\/hu\/advent-2-vasarnapja-2025-december-7\/#article","isPartOf":{"@id":"https:\/\/stemeric.com\/hu\/advent-2-vasarnapja-2025-december-7\/"},"author":{"name":"Fr. Bona","@id":"https:\/\/stemeric.com\/#\/schema\/person\/bf0d9c9cb88a9bc031b1d708c8fd7c0d"},"headline":"ADVENT 2. VAS\u00c1RNAPJA \u2013 2025, december 7.","datePublished":"2025-12-07T03:23:09+00:00","dateModified":"2025-12-07T03:29:31+00:00","mainEntityOfPage":{"@id":"https:\/\/stemeric.com\/hu\/advent-2-vasarnapja-2025-december-7\/"},"wordCount":674,"commentCount":0,"publisher":{"@id":"https:\/\/stemeric.com\/#organization"},"image":{"@id":"https:\/\/stemeric.com\/hu\/advent-2-vasarnapja-2025-december-7\/#primaryimage"},"thumbnailUrl":"https:\/\/i0.wp.com\/stemeric.com\/wp-content\/uploads\/2022\/12\/2-Sun-of-Advent-Wreath.jpg?fit=600%2C315&ssl=1","articleSection":["\u00c9rtes\u00edt\u0151"],"inLanguage":"hu","potentialAction":[{"@type":"CommentAction","name":"Comment","target":["https:\/\/stemeric.com\/hu\/advent-2-vasarnapja-2025-december-7\/#respond"]}]},{"@type":"WebPage","@id":"https:\/\/stemeric.com\/hu\/advent-2-vasarnapja-2025-december-7\/","url":"https:\/\/stemeric.com\/hu\/advent-2-vasarnapja-2025-december-7\/","name":"ADVENT 2. VAS\u00c1RNAPJA \u2013 2025, december 7. - St. Emeric Church","isPartOf":{"@id":"https:\/\/stemeric.com\/#website"},"primaryImageOfPage":{"@id":"https:\/\/stemeric.com\/hu\/advent-2-vasarnapja-2025-december-7\/#primaryimage"},"image":{"@id":"https:\/\/stemeric.com\/hu\/advent-2-vasarnapja-2025-december-7\/#primaryimage"},"thumbnailUrl":"https:\/\/i0.wp.com\/stemeric.com\/wp-content\/uploads\/2022\/12\/2-Sun-of-Advent-Wreath.jpg?fit=600%2C315&ssl=1","datePublished":"2025-12-07T03:23:09+00:00","dateModified":"2025-12-07T03:29:31+00:00","breadcrumb":{"@id":"https:\/\/stemeric.com\/hu\/advent-2-vasarnapja-2025-december-7\/#breadcrumb"},"inLanguage":"hu","potentialAction":[{"@type":"ReadAction","target":["https:\/\/stemeric.com\/hu\/advent-2-vasarnapja-2025-december-7\/"]}]},{"@type":"ImageObject","inLanguage":"hu","@id":"https:\/\/stemeric.com\/hu\/advent-2-vasarnapja-2025-december-7\/#primaryimage","url":"https:\/\/i0.wp.com\/stemeric.com\/wp-content\/uploads\/2022\/12\/2-Sun-of-Advent-Wreath.jpg?fit=600%2C315&ssl=1","contentUrl":"https:\/\/i0.wp.com\/stemeric.com\/wp-content\/uploads\/2022\/12\/2-Sun-of-Advent-Wreath.jpg?fit=600%2C315&ssl=1","width":600,"height":315},{"@type":"BreadcrumbList","@id":"https:\/\/stemeric.com\/hu\/advent-2-vasarnapja-2025-december-7\/#breadcrumb","itemListElement":[{"@type":"ListItem","position":1,"name":"Home","item":"https:\/\/stemeric.com\/hu\/"},{"@type":"ListItem","position":2,"name":"ADVENT 2. VAS\u00c1RNAPJA \u2013 2025, december 7."}]},{"@type":"WebSite","@id":"https:\/\/stemeric.com\/#website","url":"https:\/\/stemeric.com\/","name":"St. Emeric Church","description":"Szent Imre R\u00f3mai Katolikus Magyar Egyh\u00e1zk\u00f6zs\u00e9g","publisher":{"@id":"https:\/\/stemeric.com\/#organization"},"potentialAction":[{"@type":"SearchAction","target":{"@type":"EntryPoint","urlTemplate":"https:\/\/stemeric.com\/?s={search_term_string}"},"query-input":{"@type":"PropertyValueSpecification","valueRequired":true,"valueName":"search_term_string"}}],"inLanguage":"hu"},{"@type":"Organization","@id":"https:\/\/stemeric.com\/#organization","name":"St. Emeric Church","url":"https:\/\/stemeric.com\/","logo":{"@type":"ImageObject","inLanguage":"hu","@id":"https:\/\/stemeric.com\/#\/schema\/logo\/image\/","url":"https:\/\/stemeric.com\/wp-content\/uploads\/2015\/11\/SzentImre4.png","contentUrl":"https:\/\/stemeric.com\/wp-content\/uploads\/2015\/11\/SzentImre4.png","width":800,"height":167,"caption":"St. Emeric Church"},"image":{"@id":"https:\/\/stemeric.com\/#\/schema\/logo\/image\/"},"sameAs":["https:\/\/www.facebook.com\/saintemeric"]},{"@type":"Person","@id":"https:\/\/stemeric.com\/#\/schema\/person\/bf0d9c9cb88a9bc031b1d708c8fd7c0d","name":"Fr. Bona","image":{"@type":"ImageObject","inLanguage":"hu","@id":"https:\/\/secure.gravatar.com\/avatar\/dc8add36be833ddeaab5f45e4259b5e5c62368272ba2e29307768796901b66a4?s=96&d=mm&r=g","url":"https:\/\/secure.gravatar.com\/avatar\/dc8add36be833ddeaab5f45e4259b5e5c62368272ba2e29307768796901b66a4?s=96&d=mm&r=g","contentUrl":"https:\/\/secure.gravatar.com\/avatar\/dc8add36be833ddeaab5f45e4259b5e5c62368272ba2e29307768796901b66a4?s=96&d=mm&r=g","caption":"Fr. Bona"},"url":"https:\/\/stemeric.com\/hu\/author\/bonaatya\/"}]}},"jetpack_publicize_connections":[],"jetpack_featured_media_url":"https:\/\/i0.wp.com\/stemeric.com\/wp-content\/uploads\/2022\/12\/2-Sun-of-Advent-Wreath.jpg?fit=600%2C315&ssl=1","jetpack_sharing_enabled":true,"jetpack_shortlink":"https:\/\/wp.me\/pffxLh-4pt","_links":{"self":[{"href":"https:\/\/stemeric.com\/hu\/wp-json\/wp\/v2\/posts\/16955","targetHints":{"allow":["GET"]}}],"collection":[{"href":"https:\/\/stemeric.com\/hu\/wp-json\/wp\/v2\/posts"}],"about":[{"href":"https:\/\/stemeric.com\/hu\/wp-json\/wp\/v2\/types\/post"}],"author":[{"embeddable":true,"href":"https:\/\/stemeric.com\/hu\/wp-json\/wp\/v2\/users\/6"}],"replies":[{"embeddable":true,"href":"https:\/\/stemeric.com\/hu\/wp-json\/wp\/v2\/comments?post=16955"}],"version-history":[{"count":1,"href":"https:\/\/stemeric.com\/hu\/wp-json\/wp\/v2\/posts\/16955\/revisions"}],"predecessor-version":[{"id":16956,"href":"https:\/\/stemeric.com\/hu\/wp-json\/wp\/v2\/posts\/16955\/revisions\/16956"}],"wp:featuredmedia":[{"embeddable":true,"href":"https:\/\/stemeric.com\/hu\/wp-json\/wp\/v2\/media\/11505"}],"wp:attachment":[{"href":"https:\/\/stemeric.com\/hu\/wp-json\/wp\/v2\/media?parent=16955"}],"wp:term":[{"taxonomy":"category","embeddable":true,"href":"https:\/\/stemeric.com\/hu\/wp-json\/wp\/v2\/categories?post=16955"},{"taxonomy":"post_tag","embeddable":true,"href":"https:\/\/stemeric.com\/hu\/wp-json\/wp\/v2\/tags?post=16955"}],"curies":[{"name":"wp","href":"https:\/\/api.w.org\/{rel}","templated":true}]}}