{"id":17215,"date":"2026-02-14T22:42:32","date_gmt":"2026-02-15T03:42:32","guid":{"rendered":"https:\/\/stemeric.com\/?p=17215"},"modified":"2026-02-14T22:46:42","modified_gmt":"2026-02-15T03:46:42","slug":"evkozi-6-vasarnap-2026-februar-15","status":"publish","type":"post","link":"https:\/\/stemeric.com\/hu\/evkozi-6-vasarnap-2026-februar-15\/","title":{"rendered":"\u00c9VK\u00d6ZI 6. VAS\u00c1RNAP \u2013 2026, febru\u00e1r 15."},"content":{"rendered":"<p><em>K\u00e9rj\u00fck, tekints\u00e9k meg az angol nyelv\u0171 r\u00e9szt is (link az alj\u00e1n), mert az tartalmazza a szentmis\u00e9k sz\u00e1nd\u00e9kait \u00e9s m\u00e1s fontos t\u00e1j\u00e9koztat\u00e1st.<\/em><\/p>\n<p><strong>V\u00c1LASZOS ZSOLT\u00c1R: Boldogok, akik Isten \u00fatj\u00e1n j\u00e1rnak, \u00e9s t\u00f6rv\u00e9ny\u00e9t k\u00f6vetik.<\/strong><\/p>\n<p><strong><u>B\u00d3NA ATYA TOLL\u00c1B\u00d3L<\/u><\/strong><strong>:<\/strong> <strong>(1)<\/strong> Ezen a h\u00e9ten, febru\u00e1r 18-\u00e1n, Hamvaz\u00f3szerd\u00e1val, megkezd\u0151dik a nagyb\u00f6jt szent id\u0151szaka. <strong>K\u00e9t szentmise lesz aznap: reggel 9 \u00f3rakor (a nyelv a jelenl\u00e9v\u0151kt\u0151l f\u00fcgg) \u00e9s este 6 \u00f3rakor (magyar nyelven).<\/strong> Tov\u00e1bb\u00e1, keresztutat v\u00e9gz\u00fcnk nagyb\u00f6jt vas\u00e1rnapjain a szentmise el\u0151tt 10:30 \u00f3rai kezdettel.<\/p>\n<p><strong>(2)<\/strong> A 11-i vas\u00e1rnapi szentmis\u00e9n a zen\u00e9t az ifj\u00fas\u00e1gi k\u00f3rusunk szolg\u00e1ltatja.<\/p>\n<p><strong>(3)<\/strong> <strong>M\u00e1rcius 1-\u00e9n<\/strong> megtiszteltet\u00e9s sz\u00e1munkra, hogy \u00fcdv\u00f6z\u00f6lhetj\u00fck Magyarorsz\u00e1g eln\u00f6k\u00e9t. 11 \u00f3rakor tartand\u00f3 szentmis\u00e9nken \u00e9s az azt k\u00f6vet\u0151 agap\u00e9nkon vesz r\u00e9szt. A m\u00e1rcius 15-i megeml\u00e9kez\u00e9s (amelyet s\u00fctem\u00e9nyes fogad\u00e1s k\u00f6vet) ugyanazon a napon, <strong>m\u00e1rcius 1-\u00e9n<\/strong>, 3:15-kor d\u00e9lut\u00e1n lesz a Szent Erzs\u00e9bet kegytemplomban. Ha r\u00e9szt k\u00edv\u00e1n venni a Szent Erzs\u00e9betben tartand\u00f3 rendezv\u00e9nyen, k\u00e9rj\u00fck, k\u00fcldj\u00f6n e-mailt a <a href=\"mailto:president@hungariancleveland.org\">president@hungariancleveland.org<\/a> c\u00edmre. A tervez\u00e9shez sz\u00fcks\u00e9g\u00fcnk van a r\u00e9sztvev\u0151k hozz\u00e1vet\u0151leges sz\u00e1m\u00e1ra.<\/p>\n<p><strong><u>KATEK\u00c9ZIS<\/u><\/strong><strong>:<\/strong> Ma, <strong>febru\u00e1r 15-\u00e9n<\/strong> folytatjuk a kateketikai tal\u00e1lkoz\u00f3inkat. A 11 \u00f3rai szentmise ut\u00e1n a term\u00fcnkben megn\u00e9z\u00fcnk egy r\u00f6vid vide\u00f3t vagy prezent\u00e1ci\u00f3t, amelyet k\u00e9rd\u00e9s-felelet k\u00f6veti. Az a terv, hogy f\u00e9l \u00f3ra alatt tudjuk le a programot. Mindenkit szeretettel v\u00e1runk. Ez a program magyar nyelv\u0171 lesz.<\/p>\n<p><strong><u>NAGYON SZ\u00c9PEN K\u00d6SZ\u00d6N\u00d6M<\/u><\/strong> mindazoknak, akik seg\u00edtett\u00e9k, vagy t\u00e1mogatt\u00e1k a <strong><u>FARSANGI DISZN\u00d3TOROS EB\u00c9D\u00dcNKET<\/u><\/strong>. Tudom, hogy ez sok munk\u00e1t \u00e9s \u00e1ldozatot k\u00f6vetelt. A vacsora nett\u00f3 bev\u00e9tele valamivel 2,098 doll\u00e1r volt. K\u00f6sz\u00f6net j\u00e1r a Cserk\u00e9sz Reg\u0151s csoportnak is a fell\u00e9p\u00e9s\u00fck\u00e9rt \u00e9s a j\u00f3 hangulat megteremt\u00e9s\u00e9\u00e9rt. \u00dagyszint\u00e9n k\u00f6sz\u00f6n\u00f6m a m\u00falt heti ifj\u00fas\u00e1gi szentmis\u00e9n szerepl\u0151 zen\u00e9szeknek \u00e9s \u00e9nekeseknek is a r\u00e9szv\u00e9tel\u00fcket.<\/p>\n<p><strong>A nagyb\u00f6jti rendeletek \u00e1ttekint\u00e9se a latin katolikusok sz\u00e1m\u00e1ra: 1.<\/strong> A Hamvaz\u00f3szerda \u00e9s Nagyp\u00e9ntek a h\u00fast\u00f3l val\u00f3 tart\u00f3zkod\u00e1st, valamint a b\u00f6jt napj\u00e1t jelenti, ez\u00e9rt csak h\u00e1romszor szabad enni, de csak egyszer j\u00f3llakni (a k\u00e9t m\u00e1sik \u00e9tel nem lehet egyenl\u0151 egy teljes \u00e9tkez\u00e9ssel). <strong>2.<\/strong> A nagyb\u00f6jt idej\u00e9n minden p\u00e9ntek h\u00fas-tart\u00f3zkod\u00e1si nap. <strong>3.<\/strong> A h\u00fast\u00f3l val\u00f3 tart\u00f3zkod\u00e1s k\u00f6telezetts\u00e9ge 14 \u00e9ves kort\u00f3l kezd\u0151dik. <strong>4.<\/strong> A b\u00f6jt\u00f6l\u00e9si k\u00f6telezetts\u00e9get 18 \u00e9ves kort\u00f3l 59 \u00e9ves korig sz\u00fcks\u00e9ges betartani.<\/p>\n<p><strong><u>THE 2026 CATHOLIC CHARITIES APPEAL<\/u><\/strong><strong>:<\/strong> A 2026-as KATOLIKUS J\u00d3T\u00c9KONYS\u00c1GI FELH\u00cdV\u00c1S folyamatban van, \u00e9s most a h\u00e9tv\u00e9g\u00e9n a templomokban tartunk egy k\u00f6telezetts\u00e9gv\u00e1llal\u00e1si kamp\u00e1nyt (k\u00e9rem olvassa el az angol hirdet\u00e9st).<\/p>\n<p><strong><u>MAGYAROK AZ IRISHTOWN BEND-ben \u00c9S A PARK TERVEI &#8211; TAL\u00c1LKOZ\u00d3<\/u><\/strong><strong>:<\/strong> A Szent Imre templomban 2026. febru\u00e1r 17-\u00e9n, kedden, 6:00 \u00f3rakor este, a d\u00edszteremben, t\u00e1j\u00e9koztat\u00f3 gy\u0171l\u00e9s lesz az Irishtown Bend \u00e9p\u00edt\u00e9s\u00e9r\u0151l, amely a templom k\u00f6r\u00fcl \u00e9s a templom alatti domboldalon zajlik. A csoport f\u0151 c\u00e9lja, hogy megvitassa \u00e9s seg\u00edtsen megtervezni a leend\u0151 magyar kultur\u00e1lis eml\u00e9khelyet a leend\u0151 parkban. K\u00e9rem, ha \u00e9rdekli ez a projekt, j\u00f6jj\u00f6n el erre a tal\u00e1lkoz\u00f3ra; a tal\u00e1lkoz\u00f3 nyitott egyh\u00e1zk\u00f6zs\u00e9g\u00fcnk tagjai sz\u00e1m\u00e1ra.<\/p>\n<p><strong><u>A BOCSKAI R\u00c1DI\u00d3NAK<\/u><\/strong> otthont ad\u00f3 WJCU 88.7 FM egyetemi r\u00e1di\u00f3 most (febru\u00e1r 8\u201315) tartja a RADIOTHON adom\u00e1nygy\u0171jt\u0151 akci\u00f3j\u00e1t. Hogy az egyh\u00e1zi \u00e9s kultur\u00e1lis ad\u00e1sok tov\u00e1bbra is hallhat\u00f3k legyenek, k\u00e9rj\u00fck, hogy el\u0151z\u0151 \u00e9vekhez hasonl\u00f3an, most is t\u00e1mogass\u00e1k a Bocskai R\u00e1di\u00f3t, lehet\u0151s\u00e9geik szerint: <a href=\"https:\/\/www.bocskairadio.org\/radiothon\/\">https:\/\/www.bocskairadio.org\/radiothon\/<\/a><\/p>\n<p><strong><u>AZ ONLINE SZENTMISEK\u00d6ZVET\u00cdT\u00c9S<\/u><\/strong><strong> \u2013<\/strong> d.e. 11:00 \u2013 kor Szent Imre templomb\u00f3l <a href=\"https:\/\/www.facebook.com\/saintemeric\/\">https:\/\/www.facebook.com\/saintemeric\/<\/a><\/p>\n<p style=\"text-align: center;\"><strong>IM\u00c1DKOZZUNK MINDEN NAP H\u00c1ROM \u00dcDV\u00d6ZL\u00c9GYET PL\u00c9B\u00c1NI\u00c1NK\u00c9RT! <\/strong><\/p>\n","protected":false},"excerpt":{"rendered":"<p>K\u00e9rj\u00fck, tekints\u00e9k meg az angol nyelv\u0171 r\u00e9szt is (link az alj\u00e1n), mert az tartalmazza a szentmis\u00e9k sz\u00e1nd\u00e9kait \u00e9s m\u00e1s fontos t\u00e1j\u00e9koztat\u00e1st. V\u00c1LASZOS ZSOLT\u00c1R: Boldogok, akik Isten \u00fatj\u00e1n j\u00e1rnak, \u00e9s t\u00f6rv\u00e9ny\u00e9t k\u00f6vetik. B\u00d3NA ATYA TOLL\u00c1B\u00d3L: (1) Ezen a h\u00e9ten, febru\u00e1r 18-\u00e1n, Hamvaz\u00f3szerd\u00e1val, megkezd\u0151dik a nagyb\u00f6jt szent id\u0151szaka. K\u00e9t szentmise lesz aznap: reggel 9 \u00f3rakor (a nyelv [&hellip;]<\/p>\n","protected":false},"author":6,"featured_media":16040,"comment_status":"open","ping_status":"open","sticky":false,"template":"","format":"standard","meta":{"jetpack_post_was_ever_published":false,"_jetpack_newsletter_access":"","_jetpack_dont_email_post_to_subs":false,"_jetpack_newsletter_tier_id":0,"_jetpack_memberships_contains_paywalled_content":false,"_jetpack_memberships_contains_paid_content":false,"footnotes":"","jetpack_publicize_message":"","jetpack_publicize_feature_enabled":true,"jetpack_social_post_already_shared":true,"jetpack_social_options":{"image_generator_settings":{"template":"highway","default_image_id":0,"font":"","enabled":false},"version":2}},"categories":[12],"tags":[],"class_list":["post-17215","post","type-post","status-publish","format-standard","has-post-thumbnail","hentry","category-ertesito"],"yoast_head":"<!-- This site is optimized with the Yoast SEO plugin v27.4 - https:\/\/yoast.com\/product\/yoast-seo-wordpress\/ -->\n<title>\u00c9VK\u00d6ZI 6. VAS\u00c1RNAP \u2013 2026, febru\u00e1r 15. - St. Emeric Church<\/title>\n<meta name=\"robots\" content=\"index, follow, max-snippet:-1, max-image-preview:large, max-video-preview:-1\" \/>\n<link rel=\"canonical\" href=\"https:\/\/stemeric.com\/hu\/evkozi-6-vasarnap-2026-februar-15\/\" \/>\n<meta property=\"og:locale\" content=\"hu_HU\" \/>\n<meta property=\"og:type\" content=\"article\" \/>\n<meta property=\"og:title\" content=\"\u00c9VK\u00d6ZI 6. VAS\u00c1RNAP \u2013 2026, febru\u00e1r 15. - St. Emeric Church\" \/>\n<meta property=\"og:description\" content=\"K\u00e9rj\u00fck, tekints\u00e9k meg az angol nyelv\u0171 r\u00e9szt is (link az alj\u00e1n), mert az tartalmazza a szentmis\u00e9k sz\u00e1nd\u00e9kait \u00e9s m\u00e1s fontos t\u00e1j\u00e9koztat\u00e1st. V\u00c1LASZOS ZSOLT\u00c1R: Boldogok, akik Isten \u00fatj\u00e1n j\u00e1rnak, \u00e9s t\u00f6rv\u00e9ny\u00e9t k\u00f6vetik. B\u00d3NA ATYA TOLL\u00c1B\u00d3L: (1) Ezen a h\u00e9ten, febru\u00e1r 18-\u00e1n, Hamvaz\u00f3szerd\u00e1val, megkezd\u0151dik a nagyb\u00f6jt szent id\u0151szaka. K\u00e9t szentmise lesz aznap: reggel 9 \u00f3rakor (a nyelv [&hellip;]\" \/>\n<meta property=\"og:url\" content=\"https:\/\/stemeric.com\/hu\/evkozi-6-vasarnap-2026-februar-15\/\" \/>\n<meta property=\"og:site_name\" content=\"St. Emeric Church\" \/>\n<meta property=\"article:publisher\" content=\"https:\/\/www.facebook.com\/saintemeric\" \/>\n<meta property=\"article:published_time\" content=\"2026-02-15T03:42:32+00:00\" \/>\n<meta property=\"article:modified_time\" content=\"2026-02-15T03:46:42+00:00\" \/>\n<meta property=\"og:image\" content=\"https:\/\/stemeric.com\/wp-content\/uploads\/2025\/08\/St.-Emeric-logo-624-798.jpg\" \/>\n\t<meta property=\"og:image:width\" content=\"624\" \/>\n\t<meta property=\"og:image:height\" content=\"798\" \/>\n\t<meta property=\"og:image:type\" content=\"image\/jpeg\" \/>\n<meta name=\"author\" content=\"Fr. Bona\" \/>\n<meta name=\"twitter:card\" content=\"summary_large_image\" \/>\n<meta name=\"twitter:label1\" content=\"Szerz\u0151:\" \/>\n\t<meta name=\"twitter:data1\" content=\"Fr. Bona\" \/>\n\t<meta name=\"twitter:label2\" content=\"Becs\u00fclt olvas\u00e1si id\u0151\" \/>\n\t<meta name=\"twitter:data2\" content=\"3 perc\" \/>\n<script type=\"application\/ld+json\" class=\"yoast-schema-graph\">{\"@context\":\"https:\\\/\\\/schema.org\",\"@graph\":[{\"@type\":\"Article\",\"@id\":\"https:\\\/\\\/stemeric.com\\\/hu\\\/evkozi-6-vasarnap-2026-februar-15\\\/#article\",\"isPartOf\":{\"@id\":\"https:\\\/\\\/stemeric.com\\\/hu\\\/evkozi-6-vasarnap-2026-februar-15\\\/\"},\"author\":{\"name\":\"Fr. Bona\",\"@id\":\"https:\\\/\\\/stemeric.com\\\/#\\\/schema\\\/person\\\/bf0d9c9cb88a9bc031b1d708c8fd7c0d\"},\"headline\":\"\u00c9VK\u00d6ZI 6. VAS\u00c1RNAP \u2013 2026, febru\u00e1r 15.\",\"datePublished\":\"2026-02-15T03:42:32+00:00\",\"dateModified\":\"2026-02-15T03:46:42+00:00\",\"mainEntityOfPage\":{\"@id\":\"https:\\\/\\\/stemeric.com\\\/hu\\\/evkozi-6-vasarnap-2026-februar-15\\\/\"},\"wordCount\":746,\"commentCount\":0,\"publisher\":{\"@id\":\"https:\\\/\\\/stemeric.com\\\/#organization\"},\"image\":{\"@id\":\"https:\\\/\\\/stemeric.com\\\/hu\\\/evkozi-6-vasarnap-2026-februar-15\\\/#primaryimage\"},\"thumbnailUrl\":\"https:\\\/\\\/i0.wp.com\\\/stemeric.com\\\/wp-content\\\/uploads\\\/2025\\\/08\\\/St.-Emeric-logo-624-798.jpg?fit=624%2C798&ssl=1\",\"articleSection\":[\"\u00c9rtes\u00edt\u0151\"],\"inLanguage\":\"hu\",\"potentialAction\":[{\"@type\":\"CommentAction\",\"name\":\"Comment\",\"target\":[\"https:\\\/\\\/stemeric.com\\\/hu\\\/evkozi-6-vasarnap-2026-februar-15\\\/#respond\"]}]},{\"@type\":\"WebPage\",\"@id\":\"https:\\\/\\\/stemeric.com\\\/hu\\\/evkozi-6-vasarnap-2026-februar-15\\\/\",\"url\":\"https:\\\/\\\/stemeric.com\\\/hu\\\/evkozi-6-vasarnap-2026-februar-15\\\/\",\"name\":\"\u00c9VK\u00d6ZI 6. VAS\u00c1RNAP \u2013 2026, febru\u00e1r 15. - St. Emeric Church\",\"isPartOf\":{\"@id\":\"https:\\\/\\\/stemeric.com\\\/#website\"},\"primaryImageOfPage\":{\"@id\":\"https:\\\/\\\/stemeric.com\\\/hu\\\/evkozi-6-vasarnap-2026-februar-15\\\/#primaryimage\"},\"image\":{\"@id\":\"https:\\\/\\\/stemeric.com\\\/hu\\\/evkozi-6-vasarnap-2026-februar-15\\\/#primaryimage\"},\"thumbnailUrl\":\"https:\\\/\\\/i0.wp.com\\\/stemeric.com\\\/wp-content\\\/uploads\\\/2025\\\/08\\\/St.-Emeric-logo-624-798.jpg?fit=624%2C798&ssl=1\",\"datePublished\":\"2026-02-15T03:42:32+00:00\",\"dateModified\":\"2026-02-15T03:46:42+00:00\",\"breadcrumb\":{\"@id\":\"https:\\\/\\\/stemeric.com\\\/hu\\\/evkozi-6-vasarnap-2026-februar-15\\\/#breadcrumb\"},\"inLanguage\":\"hu\",\"potentialAction\":[{\"@type\":\"ReadAction\",\"target\":[\"https:\\\/\\\/stemeric.com\\\/hu\\\/evkozi-6-vasarnap-2026-februar-15\\\/\"]}]},{\"@type\":\"ImageObject\",\"inLanguage\":\"hu\",\"@id\":\"https:\\\/\\\/stemeric.com\\\/hu\\\/evkozi-6-vasarnap-2026-februar-15\\\/#primaryimage\",\"url\":\"https:\\\/\\\/i0.wp.com\\\/stemeric.com\\\/wp-content\\\/uploads\\\/2025\\\/08\\\/St.-Emeric-logo-624-798.jpg?fit=624%2C798&ssl=1\",\"contentUrl\":\"https:\\\/\\\/i0.wp.com\\\/stemeric.com\\\/wp-content\\\/uploads\\\/2025\\\/08\\\/St.-Emeric-logo-624-798.jpg?fit=624%2C798&ssl=1\",\"width\":624,\"height\":798},{\"@type\":\"BreadcrumbList\",\"@id\":\"https:\\\/\\\/stemeric.com\\\/hu\\\/evkozi-6-vasarnap-2026-februar-15\\\/#breadcrumb\",\"itemListElement\":[{\"@type\":\"ListItem\",\"position\":1,\"name\":\"Home\",\"item\":\"https:\\\/\\\/stemeric.com\\\/hu\\\/\"},{\"@type\":\"ListItem\",\"position\":2,\"name\":\"\u00c9VK\u00d6ZI 6. VAS\u00c1RNAP \u2013 2026, febru\u00e1r 15.\"}]},{\"@type\":\"WebSite\",\"@id\":\"https:\\\/\\\/stemeric.com\\\/#website\",\"url\":\"https:\\\/\\\/stemeric.com\\\/\",\"name\":\"St. Emeric Church\",\"description\":\"Szent Imre R\u00f3mai Katolikus Magyar Egyh\u00e1zk\u00f6zs\u00e9g\",\"publisher\":{\"@id\":\"https:\\\/\\\/stemeric.com\\\/#organization\"},\"potentialAction\":[{\"@type\":\"SearchAction\",\"target\":{\"@type\":\"EntryPoint\",\"urlTemplate\":\"https:\\\/\\\/stemeric.com\\\/?s={search_term_string}\"},\"query-input\":{\"@type\":\"PropertyValueSpecification\",\"valueRequired\":true,\"valueName\":\"search_term_string\"}}],\"inLanguage\":\"hu\"},{\"@type\":\"Organization\",\"@id\":\"https:\\\/\\\/stemeric.com\\\/#organization\",\"name\":\"St. Emeric Church\",\"url\":\"https:\\\/\\\/stemeric.com\\\/\",\"logo\":{\"@type\":\"ImageObject\",\"inLanguage\":\"hu\",\"@id\":\"https:\\\/\\\/stemeric.com\\\/#\\\/schema\\\/logo\\\/image\\\/\",\"url\":\"https:\\\/\\\/stemeric.com\\\/wp-content\\\/uploads\\\/2015\\\/11\\\/SzentImre4.png\",\"contentUrl\":\"https:\\\/\\\/stemeric.com\\\/wp-content\\\/uploads\\\/2015\\\/11\\\/SzentImre4.png\",\"width\":800,\"height\":167,\"caption\":\"St. Emeric Church\"},\"image\":{\"@id\":\"https:\\\/\\\/stemeric.com\\\/#\\\/schema\\\/logo\\\/image\\\/\"},\"sameAs\":[\"https:\\\/\\\/www.facebook.com\\\/saintemeric\"]},{\"@type\":\"Person\",\"@id\":\"https:\\\/\\\/stemeric.com\\\/#\\\/schema\\\/person\\\/bf0d9c9cb88a9bc031b1d708c8fd7c0d\",\"name\":\"Fr. Bona\",\"image\":{\"@type\":\"ImageObject\",\"inLanguage\":\"hu\",\"@id\":\"https:\\\/\\\/secure.gravatar.com\\\/avatar\\\/dc8add36be833ddeaab5f45e4259b5e5c62368272ba2e29307768796901b66a4?s=96&d=mm&r=g\",\"url\":\"https:\\\/\\\/secure.gravatar.com\\\/avatar\\\/dc8add36be833ddeaab5f45e4259b5e5c62368272ba2e29307768796901b66a4?s=96&d=mm&r=g\",\"contentUrl\":\"https:\\\/\\\/secure.gravatar.com\\\/avatar\\\/dc8add36be833ddeaab5f45e4259b5e5c62368272ba2e29307768796901b66a4?s=96&d=mm&r=g\",\"caption\":\"Fr. Bona\"},\"url\":\"https:\\\/\\\/stemeric.com\\\/hu\\\/author\\\/bonaatya\\\/\"}]}<\/script>\n<!-- \/ Yoast SEO plugin. -->","yoast_head_json":{"title":"\u00c9VK\u00d6ZI 6. VAS\u00c1RNAP \u2013 2026, febru\u00e1r 15. - St. Emeric Church","robots":{"index":"index","follow":"follow","max-snippet":"max-snippet:-1","max-image-preview":"max-image-preview:large","max-video-preview":"max-video-preview:-1"},"canonical":"https:\/\/stemeric.com\/hu\/evkozi-6-vasarnap-2026-februar-15\/","og_locale":"hu_HU","og_type":"article","og_title":"\u00c9VK\u00d6ZI 6. VAS\u00c1RNAP \u2013 2026, febru\u00e1r 15. - St. Emeric Church","og_description":"K\u00e9rj\u00fck, tekints\u00e9k meg az angol nyelv\u0171 r\u00e9szt is (link az alj\u00e1n), mert az tartalmazza a szentmis\u00e9k sz\u00e1nd\u00e9kait \u00e9s m\u00e1s fontos t\u00e1j\u00e9koztat\u00e1st. V\u00c1LASZOS ZSOLT\u00c1R: Boldogok, akik Isten \u00fatj\u00e1n j\u00e1rnak, \u00e9s t\u00f6rv\u00e9ny\u00e9t k\u00f6vetik. B\u00d3NA ATYA TOLL\u00c1B\u00d3L: (1) Ezen a h\u00e9ten, febru\u00e1r 18-\u00e1n, Hamvaz\u00f3szerd\u00e1val, megkezd\u0151dik a nagyb\u00f6jt szent id\u0151szaka. K\u00e9t szentmise lesz aznap: reggel 9 \u00f3rakor (a nyelv [&hellip;]","og_url":"https:\/\/stemeric.com\/hu\/evkozi-6-vasarnap-2026-februar-15\/","og_site_name":"St. Emeric Church","article_publisher":"https:\/\/www.facebook.com\/saintemeric","article_published_time":"2026-02-15T03:42:32+00:00","article_modified_time":"2026-02-15T03:46:42+00:00","og_image":[{"width":624,"height":798,"url":"https:\/\/stemeric.com\/wp-content\/uploads\/2025\/08\/St.-Emeric-logo-624-798.jpg","type":"image\/jpeg"}],"author":"Fr. Bona","twitter_card":"summary_large_image","twitter_misc":{"Szerz\u0151:":"Fr. Bona","Becs\u00fclt olvas\u00e1si id\u0151":"3 perc"},"schema":{"@context":"https:\/\/schema.org","@graph":[{"@type":"Article","@id":"https:\/\/stemeric.com\/hu\/evkozi-6-vasarnap-2026-februar-15\/#article","isPartOf":{"@id":"https:\/\/stemeric.com\/hu\/evkozi-6-vasarnap-2026-februar-15\/"},"author":{"name":"Fr. Bona","@id":"https:\/\/stemeric.com\/#\/schema\/person\/bf0d9c9cb88a9bc031b1d708c8fd7c0d"},"headline":"\u00c9VK\u00d6ZI 6. VAS\u00c1RNAP \u2013 2026, febru\u00e1r 15.","datePublished":"2026-02-15T03:42:32+00:00","dateModified":"2026-02-15T03:46:42+00:00","mainEntityOfPage":{"@id":"https:\/\/stemeric.com\/hu\/evkozi-6-vasarnap-2026-februar-15\/"},"wordCount":746,"commentCount":0,"publisher":{"@id":"https:\/\/stemeric.com\/#organization"},"image":{"@id":"https:\/\/stemeric.com\/hu\/evkozi-6-vasarnap-2026-februar-15\/#primaryimage"},"thumbnailUrl":"https:\/\/i0.wp.com\/stemeric.com\/wp-content\/uploads\/2025\/08\/St.-Emeric-logo-624-798.jpg?fit=624%2C798&ssl=1","articleSection":["\u00c9rtes\u00edt\u0151"],"inLanguage":"hu","potentialAction":[{"@type":"CommentAction","name":"Comment","target":["https:\/\/stemeric.com\/hu\/evkozi-6-vasarnap-2026-februar-15\/#respond"]}]},{"@type":"WebPage","@id":"https:\/\/stemeric.com\/hu\/evkozi-6-vasarnap-2026-februar-15\/","url":"https:\/\/stemeric.com\/hu\/evkozi-6-vasarnap-2026-februar-15\/","name":"\u00c9VK\u00d6ZI 6. VAS\u00c1RNAP \u2013 2026, febru\u00e1r 15. - St. Emeric Church","isPartOf":{"@id":"https:\/\/stemeric.com\/#website"},"primaryImageOfPage":{"@id":"https:\/\/stemeric.com\/hu\/evkozi-6-vasarnap-2026-februar-15\/#primaryimage"},"image":{"@id":"https:\/\/stemeric.com\/hu\/evkozi-6-vasarnap-2026-februar-15\/#primaryimage"},"thumbnailUrl":"https:\/\/i0.wp.com\/stemeric.com\/wp-content\/uploads\/2025\/08\/St.-Emeric-logo-624-798.jpg?fit=624%2C798&ssl=1","datePublished":"2026-02-15T03:42:32+00:00","dateModified":"2026-02-15T03:46:42+00:00","breadcrumb":{"@id":"https:\/\/stemeric.com\/hu\/evkozi-6-vasarnap-2026-februar-15\/#breadcrumb"},"inLanguage":"hu","potentialAction":[{"@type":"ReadAction","target":["https:\/\/stemeric.com\/hu\/evkozi-6-vasarnap-2026-februar-15\/"]}]},{"@type":"ImageObject","inLanguage":"hu","@id":"https:\/\/stemeric.com\/hu\/evkozi-6-vasarnap-2026-februar-15\/#primaryimage","url":"https:\/\/i0.wp.com\/stemeric.com\/wp-content\/uploads\/2025\/08\/St.-Emeric-logo-624-798.jpg?fit=624%2C798&ssl=1","contentUrl":"https:\/\/i0.wp.com\/stemeric.com\/wp-content\/uploads\/2025\/08\/St.-Emeric-logo-624-798.jpg?fit=624%2C798&ssl=1","width":624,"height":798},{"@type":"BreadcrumbList","@id":"https:\/\/stemeric.com\/hu\/evkozi-6-vasarnap-2026-februar-15\/#breadcrumb","itemListElement":[{"@type":"ListItem","position":1,"name":"Home","item":"https:\/\/stemeric.com\/hu\/"},{"@type":"ListItem","position":2,"name":"\u00c9VK\u00d6ZI 6. VAS\u00c1RNAP \u2013 2026, febru\u00e1r 15."}]},{"@type":"WebSite","@id":"https:\/\/stemeric.com\/#website","url":"https:\/\/stemeric.com\/","name":"St. Emeric Church","description":"Szent Imre R\u00f3mai Katolikus Magyar Egyh\u00e1zk\u00f6zs\u00e9g","publisher":{"@id":"https:\/\/stemeric.com\/#organization"},"potentialAction":[{"@type":"SearchAction","target":{"@type":"EntryPoint","urlTemplate":"https:\/\/stemeric.com\/?s={search_term_string}"},"query-input":{"@type":"PropertyValueSpecification","valueRequired":true,"valueName":"search_term_string"}}],"inLanguage":"hu"},{"@type":"Organization","@id":"https:\/\/stemeric.com\/#organization","name":"St. Emeric Church","url":"https:\/\/stemeric.com\/","logo":{"@type":"ImageObject","inLanguage":"hu","@id":"https:\/\/stemeric.com\/#\/schema\/logo\/image\/","url":"https:\/\/stemeric.com\/wp-content\/uploads\/2015\/11\/SzentImre4.png","contentUrl":"https:\/\/stemeric.com\/wp-content\/uploads\/2015\/11\/SzentImre4.png","width":800,"height":167,"caption":"St. Emeric Church"},"image":{"@id":"https:\/\/stemeric.com\/#\/schema\/logo\/image\/"},"sameAs":["https:\/\/www.facebook.com\/saintemeric"]},{"@type":"Person","@id":"https:\/\/stemeric.com\/#\/schema\/person\/bf0d9c9cb88a9bc031b1d708c8fd7c0d","name":"Fr. Bona","image":{"@type":"ImageObject","inLanguage":"hu","@id":"https:\/\/secure.gravatar.com\/avatar\/dc8add36be833ddeaab5f45e4259b5e5c62368272ba2e29307768796901b66a4?s=96&d=mm&r=g","url":"https:\/\/secure.gravatar.com\/avatar\/dc8add36be833ddeaab5f45e4259b5e5c62368272ba2e29307768796901b66a4?s=96&d=mm&r=g","contentUrl":"https:\/\/secure.gravatar.com\/avatar\/dc8add36be833ddeaab5f45e4259b5e5c62368272ba2e29307768796901b66a4?s=96&d=mm&r=g","caption":"Fr. Bona"},"url":"https:\/\/stemeric.com\/hu\/author\/bonaatya\/"}]}},"jetpack_publicize_connections":[],"jetpack_featured_media_url":"https:\/\/i0.wp.com\/stemeric.com\/wp-content\/uploads\/2025\/08\/St.-Emeric-logo-624-798.jpg?fit=624%2C798&ssl=1","jetpack_sharing_enabled":true,"jetpack_shortlink":"https:\/\/wp.me\/pffxLh-4tF","_links":{"self":[{"href":"https:\/\/stemeric.com\/hu\/wp-json\/wp\/v2\/posts\/17215","targetHints":{"allow":["GET"]}}],"collection":[{"href":"https:\/\/stemeric.com\/hu\/wp-json\/wp\/v2\/posts"}],"about":[{"href":"https:\/\/stemeric.com\/hu\/wp-json\/wp\/v2\/types\/post"}],"author":[{"embeddable":true,"href":"https:\/\/stemeric.com\/hu\/wp-json\/wp\/v2\/users\/6"}],"replies":[{"embeddable":true,"href":"https:\/\/stemeric.com\/hu\/wp-json\/wp\/v2\/comments?post=17215"}],"version-history":[{"count":1,"href":"https:\/\/stemeric.com\/hu\/wp-json\/wp\/v2\/posts\/17215\/revisions"}],"predecessor-version":[{"id":17216,"href":"https:\/\/stemeric.com\/hu\/wp-json\/wp\/v2\/posts\/17215\/revisions\/17216"}],"wp:featuredmedia":[{"embeddable":true,"href":"https:\/\/stemeric.com\/hu\/wp-json\/wp\/v2\/media\/16040"}],"wp:attachment":[{"href":"https:\/\/stemeric.com\/hu\/wp-json\/wp\/v2\/media?parent=17215"}],"wp:term":[{"taxonomy":"category","embeddable":true,"href":"https:\/\/stemeric.com\/hu\/wp-json\/wp\/v2\/categories?post=17215"},{"taxonomy":"post_tag","embeddable":true,"href":"https:\/\/stemeric.com\/hu\/wp-json\/wp\/v2\/tags?post=17215"}],"curies":[{"name":"wp","href":"https:\/\/api.w.org\/{rel}","templated":true}]}}