{"id":17515,"date":"2026-04-25T23:04:11","date_gmt":"2026-04-26T03:04:11","guid":{"rendered":"https:\/\/stemeric.com\/?p=17515"},"modified":"2026-04-25T23:07:11","modified_gmt":"2026-04-26T03:07:11","slug":"husvet-4-vasarnapja-2026-aprilis-26-jo-pasztor-vasarnapja","status":"publish","type":"post","link":"https:\/\/stemeric.com\/hu\/husvet-4-vasarnapja-2026-aprilis-26-jo-pasztor-vasarnapja\/","title":{"rendered":"H\u00daSV\u00c9T 4. VAS\u00c1RNAPJA \u2013 2026, \u00e1prilis 26. \u2013 J\u00f3 P\u00e1sztor vas\u00e1rnapja"},"content":{"rendered":"<p><em>K\u00e9rj\u00fck, tekints\u00e9k meg az angol nyelv\u0171 r\u00e9szt is (link az alj\u00e1n), mert az tartalmazza a szentmis\u00e9k sz\u00e1nd\u00e9kait \u00e9s m\u00e1s fontos t\u00e1j\u00e9koztat\u00e1st.<\/em><\/p>\n<p><strong>V\u00c1LASZOS ZSOLT\u00c1R: Az \u00dar n\u00e9kem p\u00e1sztorom, \u00edns\u00e9get nem kell l\u00e1tnom.<\/strong><\/p>\n<p><strong><u>B\u00d3NA ATYA TOLL\u00c1B\u00d3L<\/u><\/strong><strong>:<\/strong> <strong>(1)<\/strong> Ma \u00fcnnepelj\u00fck a Hivat\u00e1sok\u00e9rt val\u00f3 im\u00e1ds\u00e1g 63. vil\u00e1gnapj\u00e1t. VI. P\u00e1l p\u00e1pa 1964-ben, a II. Vatik\u00e1ni Zsinat idej\u00e9n hirdette meg ezt a napot, v\u00e1laszul arra, hogy egyre kevesebben l\u00e9ptek be a szemin\u00e1riumokba \u00e9s a kolostorokba. Ezzel a l\u00e9p\u00e9ssel VI. P\u00e1l nyilv\u00e1nosan teljes\u00edteni k\u00edv\u00e1nta J\u00e9zus parancs\u00e1t: \u201eK\u00e9rj\u00e9tek h\u00e1t az arat\u00e1s ur\u00e1t, k\u00fcldj\u00f6n munk\u00e1sokat az arat\u00e1shoz\u201d (Mt 9,38). Ezt az \u00fcnnepet \u00e9vente a h\u00fasv\u00e9t negyedik vas\u00e1rnapj\u00e1n, az \u00fagynevezett J\u00f3 P\u00e1sztor vas\u00e1rnapj\u00e1n \u00fcnnepj\u00fck, amikor a mis\u00e9n a J\u00f3 P\u00e1sztorr\u00f3l sz\u00f3l\u00f3 evang\u00e9liumot olvassuk fel. Szok\u00e1s, hogy a p\u00e1pa, mint R\u00f3ma p\u00fcsp\u00f6ke, \u00e9ppen ezen a napon tart papszentel\u00e9seket. Id\u00e9n XIV. Le\u00f3 p\u00e1pa nyolc f\u00e9rfit szentel fel papnak R\u00f3m\u00e1ban.<\/p>\n<p><strong>(2)<\/strong> Tudom, hogy kis pl\u00e9b\u00e1nia vagyunk, \u00e9s statisztikailag kev\u00e9sb\u00e9 val\u00f3sz\u00edn\u0171, hogy hivat\u00e1sok sz\u00e1rmazn\u00e1nak a pl\u00e9b\u00e1ni\u00e1nkr\u00f3l (b\u00e1r ezt soha nem lehet tudni!). Mindazon\u00e1ltal m\u00e9gis hatalmas m\u00e9rt\u00e9kben hozz\u00e1j\u00e1rulhatunk a hivat\u00e1sok n\u00f6veked\u00e9s\u00e9hez, ha minden nap \u0151szint\u00e9n im\u00e1dkozunk a hivat\u00e1sok\u00e9rt. A buzg\u00f3 im\u00e1k t\u00e9nyleg v\u00e1ltoztatnak a vil\u00e1gon. Az al\u00e1bbiakban n\u00e9h\u00e1ny im\u00e1t tal\u00e1lnak, amelyeket elmondhatnak:<\/p>\n<p><strong>(A)<\/strong> <em>Im\u00e1ds\u00e1g a hivat\u00e1sok\u00e9rt<\/em>: Szeret\u0151 Aty\u00e1nk, elk\u00fcldted Fiadat, hogy mindenki megismerje az igazs\u00e1got \u00e9s \u00fcdv\u00f6z\u00fclj\u00f6n. A Szentl\u00e9lek ki\u00e1rad\u00e1s\u00e1val az Egyh\u00e1zon kereszt\u00fcl folytatod az \u0150 munk\u00e1j\u00e1t. Fiad eml\u00e9keztette tan\u00edtv\u00e1nyait, hogy az aratnival\u00f3 sok, a munk\u00e1s pedig kev\u00e9s. Az \u0150 utas\u00edt\u00e1sait k\u00f6vetve k\u00e9r\u00fcnk T\u00e9ged, hogy sokakat h\u00edvj el a papi szolg\u00e1latra \u00e9s a szerzetesi \u00e9letre. Adj nekik kegyelmet, hogy meghalljanak T\u00e9ged, \u00e9s teljes sz\u00edvb\u0151l v\u00e1laszoljanak. Szepl\u0151telen Sz\u0171z M\u00e1ria, a Te Fiad anyja, k\u00f6ny\u00f6r\u00f6gj\u00f6n \u00e9rett\u00fcnk! Ezt k\u00e9rj\u00fck Krisztus, a mi Urunk \u00e1ltal. \u00c1men.<\/p>\n<p><strong>(B)<\/strong> <em>VI. P\u00e1l p\u00e1pa im\u00e1ja az els\u0151 vil\u00e1gm\u00e9ret\u0171 hivat\u00e1sim\u00e1ds\u00e1g napj\u00e1n<\/em>: J\u00e9zusom, lelkek isteni P\u00e1sztora, ki apostolaidat megh\u00edvtad \u00e9s a lelkek hal\u00e1szaiv\u00e1 tetted \u0151ket: vond magadhoz a buzg\u00f3 \u00e9s nemes ifj\u00fa lelkeket is, hogy tan\u00edtv\u00e1nyaidd\u00e1 \u00e9s seg\u00edt\u0151idd\u00e9 v\u00e1ljanak. Add, hogy \u00e9rezz\u00e9k a vil\u00e1g \u00fcdv\u00f6z\u00edt\u00e9se ut\u00e1ni szomjadat, ami\u00e9rt folyton meg\u00faj\u00edtod papjaidnak keze \u00e1ltal \u00e1ldozatodat olt\u00e1rainkon.\u00a0 Add, hogy min\u00e9l t\u00f6bben k\u00f6vess\u00e9k h\u00edv\u00f3 szavadat, folytass\u00e1k m\u0171vedet a f\u00f6ld\u00f6n, \u00e9p\u00edts\u00e9k Titokzatos Testedet, az Egyh\u00e1zat. Add, hogy Egyh\u00e1zad a f\u00f6ld s\u00f3ja \u00e9s a vil\u00e1g vil\u00e1goss\u00e1ga legyen. Amen. (1964. \u00e1prilis 11.)<\/p>\n<p><strong><u>K\u00d6SZ\u00d6N\u00d6M<\/u><\/strong> mindenkinek, aki seg\u00edtett a m\u00falt heti szentmis\u00e9n \u00e9s eb\u00e9den a Szent Erzs\u00e9bet Kegytemplomn\u00e1l amikor a Szent Erzs\u00e9bet Iskola \u00f6regdi\u00e1kjaira eml\u00e9kezt\u00fcnk \u00e9s megtisztelt\u00fck \u0151ket. Igaz\u00e1n nagyra \u00e9rt\u00e9kelj\u00fck a seg\u00edts\u00e9g\u00fcket.<\/p>\n<p><strong><u>MA: AGAP\u00c9 \u00c9S PL\u00c9B\u00c1NIAI GY\u0170L\u00c9S<\/u><\/strong><strong>:<\/strong> \u00c1prilis 26-\u00e1n, a 11 \u00f3rai szentmise ut\u00e1n agap\u00e9t tartunk, amelynek keret\u00e9ben szeretn\u00e9m meghallgatni v\u00e9lem\u00e9ny\u00fcket a tervezett szentmise id\u0151pontja v\u00e1ltoz\u00e1s\u00e1r\u00f3l.<\/p>\n<p><strong><u>J\u00d6V\u0150 VAS\u00c1RNAP:<\/u><\/strong> <strong><u>M<\/u><\/strong><strong><u>\u00c1RIA-KORON\u00c1Z\u00c1S, M\u00c1JUS 3<\/u><\/strong><strong>:<\/strong> A m\u00e1jus h\u00f3nap els\u0151 vas\u00e1rnapj\u00e1n fogjuk megtisztelni Mennyei \u00c9desany\u00e1nkat. K\u00e9rj\u00fck azokat a gyerekeket, akik szeretn\u00e9nek r\u00e9szt venni ebben a szertart\u00e1sban, <strong>hogy \u00f6lt\u00f6zzenek \u00fcnnepl\u0151be, a l\u00e1nyok feh\u00e9r vagy kr\u00e9msz\u00edn\u0171 ruh\u00e1ba<\/strong>! Egy r\u00f6vid tal\u00e1lkoz\u00f3 lesz a r\u00e9szletek megbesz\u00e9l\u00e9s\u00e9re, 15 perccel a m\u00e1jus 3-i, vas\u00e1rnapi szentmise el\u0151tt.<\/p>\n<p><strong><u>IM\u00c1DKOZZUNK AZ ELHUNYTAK\u00c9RT<\/u><\/strong><strong>:<\/strong> Adj, Uram, \u00f6r\u00f6k nyugodalmat nekik, \u00e9s az \u00f6r\u00f6k vil\u00e1goss\u00e1g f\u00e9nyeskedj\u00e9k nekik. Nyugodjanak b\u00e9kess\u00e9gben. \u00c1men.<\/p>\n<p><strong><u>AZ ONLINE SZENTMISEK\u00d6ZVET\u00cdT\u00c9S<\/u><\/strong><strong> \u2013<\/strong> d.e. 11:00 \u2013 kor Szent Imre templomb\u00f3l <a href=\"https:\/\/www.facebook.com\/saintemeric\/\">https:\/\/www.facebook.com\/saintemeric\/<\/a><\/p>\n<p style=\"text-align: center;\"><strong>IM\u00c1DKOZZUNK MINDEN NAP H\u00c1ROM \u00dcDV\u00d6ZL\u00c9GYET PL\u00c9B\u00c1NI\u00c1NK\u00c9RT!<\/strong><\/p>\n","protected":false},"excerpt":{"rendered":"<p>K\u00e9rj\u00fck, tekints\u00e9k meg az angol nyelv\u0171 r\u00e9szt is (link az alj\u00e1n), mert az tartalmazza a szentmis\u00e9k sz\u00e1nd\u00e9kait \u00e9s m\u00e1s fontos t\u00e1j\u00e9koztat\u00e1st. V\u00c1LASZOS ZSOLT\u00c1R: Az \u00dar n\u00e9kem p\u00e1sztorom, \u00edns\u00e9get nem kell l\u00e1tnom. B\u00d3NA ATYA TOLL\u00c1B\u00d3L: (1) Ma \u00fcnnepelj\u00fck a Hivat\u00e1sok\u00e9rt val\u00f3 im\u00e1ds\u00e1g 63. vil\u00e1gnapj\u00e1t. VI. P\u00e1l p\u00e1pa 1964-ben, a II. Vatik\u00e1ni Zsinat idej\u00e9n hirdette meg ezt [&hellip;]<\/p>\n","protected":false},"author":6,"featured_media":14234,"comment_status":"open","ping_status":"open","sticky":false,"template":"","format":"standard","meta":{"jetpack_post_was_ever_published":false,"_jetpack_newsletter_access":"","_jetpack_dont_email_post_to_subs":false,"_jetpack_newsletter_tier_id":0,"_jetpack_memberships_contains_paywalled_content":false,"_jetpack_memberships_contains_paid_content":false,"footnotes":"","jetpack_publicize_message":"","jetpack_publicize_feature_enabled":true,"jetpack_social_post_already_shared":true,"jetpack_social_options":{"image_generator_settings":{"template":"highway","default_image_id":0,"font":"","enabled":false},"version":2}},"categories":[12],"tags":[],"class_list":["post-17515","post","type-post","status-publish","format-standard","has-post-thumbnail","hentry","category-ertesito"],"yoast_head":"<!-- This site is optimized with the Yoast SEO plugin v27.5 - https:\/\/yoast.com\/product\/yoast-seo-wordpress\/ -->\n<title>H\u00daSV\u00c9T 4. VAS\u00c1RNAPJA \u2013 2026, \u00e1prilis 26. \u2013 J\u00f3 P\u00e1sztor vas\u00e1rnapja - St. Emeric Church<\/title>\n<meta name=\"robots\" content=\"index, follow, max-snippet:-1, max-image-preview:large, max-video-preview:-1\" \/>\n<link rel=\"canonical\" href=\"https:\/\/stemeric.com\/hu\/husvet-4-vasarnapja-2026-aprilis-26-jo-pasztor-vasarnapja\/\" \/>\n<meta property=\"og:locale\" content=\"hu_HU\" \/>\n<meta property=\"og:type\" content=\"article\" \/>\n<meta property=\"og:title\" content=\"H\u00daSV\u00c9T 4. VAS\u00c1RNAPJA \u2013 2026, \u00e1prilis 26. \u2013 J\u00f3 P\u00e1sztor vas\u00e1rnapja - St. Emeric Church\" \/>\n<meta property=\"og:description\" content=\"K\u00e9rj\u00fck, tekints\u00e9k meg az angol nyelv\u0171 r\u00e9szt is (link az alj\u00e1n), mert az tartalmazza a szentmis\u00e9k sz\u00e1nd\u00e9kait \u00e9s m\u00e1s fontos t\u00e1j\u00e9koztat\u00e1st. V\u00c1LASZOS ZSOLT\u00c1R: Az \u00dar n\u00e9kem p\u00e1sztorom, \u00edns\u00e9get nem kell l\u00e1tnom. B\u00d3NA ATYA TOLL\u00c1B\u00d3L: (1) Ma \u00fcnnepelj\u00fck a Hivat\u00e1sok\u00e9rt val\u00f3 im\u00e1ds\u00e1g 63. vil\u00e1gnapj\u00e1t. VI. P\u00e1l p\u00e1pa 1964-ben, a II. Vatik\u00e1ni Zsinat idej\u00e9n hirdette meg ezt [&hellip;]\" \/>\n<meta property=\"og:url\" content=\"https:\/\/stemeric.com\/hu\/husvet-4-vasarnapja-2026-aprilis-26-jo-pasztor-vasarnapja\/\" \/>\n<meta property=\"og:site_name\" content=\"St. Emeric Church\" \/>\n<meta property=\"article:publisher\" content=\"https:\/\/www.facebook.com\/saintemeric\" \/>\n<meta property=\"article:published_time\" content=\"2026-04-26T03:04:11+00:00\" \/>\n<meta property=\"article:modified_time\" content=\"2026-04-26T03:07:11+00:00\" \/>\n<meta property=\"og:image\" content=\"https:\/\/stemeric.com\/wp-content\/uploads\/2024\/08\/Plockhorst-Good-Shepherd.jpg\" \/>\n\t<meta property=\"og:image:width\" content=\"1200\" \/>\n\t<meta property=\"og:image:height\" content=\"1200\" \/>\n\t<meta property=\"og:image:type\" content=\"image\/jpeg\" \/>\n<meta name=\"author\" content=\"Fr. Bona\" \/>\n<meta name=\"twitter:card\" content=\"summary_large_image\" \/>\n<meta name=\"twitter:label1\" content=\"Szerz\u0151:\" \/>\n\t<meta name=\"twitter:data1\" content=\"Fr. Bona\" \/>\n\t<meta name=\"twitter:label2\" content=\"Becs\u00fclt olvas\u00e1si id\u0151\" \/>\n\t<meta name=\"twitter:data2\" content=\"3 perc\" \/>\n<script type=\"application\/ld+json\" class=\"yoast-schema-graph\">{\"@context\":\"https:\\\/\\\/schema.org\",\"@graph\":[{\"@type\":\"Article\",\"@id\":\"https:\\\/\\\/stemeric.com\\\/hu\\\/husvet-4-vasarnapja-2026-aprilis-26-jo-pasztor-vasarnapja\\\/#article\",\"isPartOf\":{\"@id\":\"https:\\\/\\\/stemeric.com\\\/hu\\\/husvet-4-vasarnapja-2026-aprilis-26-jo-pasztor-vasarnapja\\\/\"},\"author\":{\"name\":\"Fr. Bona\",\"@id\":\"https:\\\/\\\/stemeric.com\\\/#\\\/schema\\\/person\\\/bf0d9c9cb88a9bc031b1d708c8fd7c0d\"},\"headline\":\"H\u00daSV\u00c9T 4. VAS\u00c1RNAPJA \u2013 2026, \u00e1prilis 26. \u2013 J\u00f3 P\u00e1sztor vas\u00e1rnapja\",\"datePublished\":\"2026-04-26T03:04:11+00:00\",\"dateModified\":\"2026-04-26T03:07:11+00:00\",\"mainEntityOfPage\":{\"@id\":\"https:\\\/\\\/stemeric.com\\\/hu\\\/husvet-4-vasarnapja-2026-aprilis-26-jo-pasztor-vasarnapja\\\/\"},\"wordCount\":785,\"commentCount\":0,\"publisher\":{\"@id\":\"https:\\\/\\\/stemeric.com\\\/#organization\"},\"image\":{\"@id\":\"https:\\\/\\\/stemeric.com\\\/hu\\\/husvet-4-vasarnapja-2026-aprilis-26-jo-pasztor-vasarnapja\\\/#primaryimage\"},\"thumbnailUrl\":\"https:\\\/\\\/i0.wp.com\\\/stemeric.com\\\/wp-content\\\/uploads\\\/2024\\\/08\\\/Plockhorst-Good-Shepherd.jpg?fit=1200%2C1200&ssl=1\",\"articleSection\":[\"\u00c9rtes\u00edt\u0151\"],\"inLanguage\":\"hu\",\"potentialAction\":[{\"@type\":\"CommentAction\",\"name\":\"Comment\",\"target\":[\"https:\\\/\\\/stemeric.com\\\/hu\\\/husvet-4-vasarnapja-2026-aprilis-26-jo-pasztor-vasarnapja\\\/#respond\"]}]},{\"@type\":\"WebPage\",\"@id\":\"https:\\\/\\\/stemeric.com\\\/hu\\\/husvet-4-vasarnapja-2026-aprilis-26-jo-pasztor-vasarnapja\\\/\",\"url\":\"https:\\\/\\\/stemeric.com\\\/hu\\\/husvet-4-vasarnapja-2026-aprilis-26-jo-pasztor-vasarnapja\\\/\",\"name\":\"H\u00daSV\u00c9T 4. VAS\u00c1RNAPJA \u2013 2026, \u00e1prilis 26. \u2013 J\u00f3 P\u00e1sztor vas\u00e1rnapja - St. Emeric Church\",\"isPartOf\":{\"@id\":\"https:\\\/\\\/stemeric.com\\\/#website\"},\"primaryImageOfPage\":{\"@id\":\"https:\\\/\\\/stemeric.com\\\/hu\\\/husvet-4-vasarnapja-2026-aprilis-26-jo-pasztor-vasarnapja\\\/#primaryimage\"},\"image\":{\"@id\":\"https:\\\/\\\/stemeric.com\\\/hu\\\/husvet-4-vasarnapja-2026-aprilis-26-jo-pasztor-vasarnapja\\\/#primaryimage\"},\"thumbnailUrl\":\"https:\\\/\\\/i0.wp.com\\\/stemeric.com\\\/wp-content\\\/uploads\\\/2024\\\/08\\\/Plockhorst-Good-Shepherd.jpg?fit=1200%2C1200&ssl=1\",\"datePublished\":\"2026-04-26T03:04:11+00:00\",\"dateModified\":\"2026-04-26T03:07:11+00:00\",\"breadcrumb\":{\"@id\":\"https:\\\/\\\/stemeric.com\\\/hu\\\/husvet-4-vasarnapja-2026-aprilis-26-jo-pasztor-vasarnapja\\\/#breadcrumb\"},\"inLanguage\":\"hu\",\"potentialAction\":[{\"@type\":\"ReadAction\",\"target\":[\"https:\\\/\\\/stemeric.com\\\/hu\\\/husvet-4-vasarnapja-2026-aprilis-26-jo-pasztor-vasarnapja\\\/\"]}]},{\"@type\":\"ImageObject\",\"inLanguage\":\"hu\",\"@id\":\"https:\\\/\\\/stemeric.com\\\/hu\\\/husvet-4-vasarnapja-2026-aprilis-26-jo-pasztor-vasarnapja\\\/#primaryimage\",\"url\":\"https:\\\/\\\/i0.wp.com\\\/stemeric.com\\\/wp-content\\\/uploads\\\/2024\\\/08\\\/Plockhorst-Good-Shepherd.jpg?fit=1200%2C1200&ssl=1\",\"contentUrl\":\"https:\\\/\\\/i0.wp.com\\\/stemeric.com\\\/wp-content\\\/uploads\\\/2024\\\/08\\\/Plockhorst-Good-Shepherd.jpg?fit=1200%2C1200&ssl=1\",\"width\":1200,\"height\":1200},{\"@type\":\"BreadcrumbList\",\"@id\":\"https:\\\/\\\/stemeric.com\\\/hu\\\/husvet-4-vasarnapja-2026-aprilis-26-jo-pasztor-vasarnapja\\\/#breadcrumb\",\"itemListElement\":[{\"@type\":\"ListItem\",\"position\":1,\"name\":\"Home\",\"item\":\"https:\\\/\\\/stemeric.com\\\/hu\\\/\"},{\"@type\":\"ListItem\",\"position\":2,\"name\":\"H\u00daSV\u00c9T 4. VAS\u00c1RNAPJA \u2013 2026, \u00e1prilis 26. \u2013 J\u00f3 P\u00e1sztor vas\u00e1rnapja\"}]},{\"@type\":\"WebSite\",\"@id\":\"https:\\\/\\\/stemeric.com\\\/#website\",\"url\":\"https:\\\/\\\/stemeric.com\\\/\",\"name\":\"St. Emeric Church\",\"description\":\"Szent Imre R\u00f3mai Katolikus Magyar Egyh\u00e1zk\u00f6zs\u00e9g\",\"publisher\":{\"@id\":\"https:\\\/\\\/stemeric.com\\\/#organization\"},\"potentialAction\":[{\"@type\":\"SearchAction\",\"target\":{\"@type\":\"EntryPoint\",\"urlTemplate\":\"https:\\\/\\\/stemeric.com\\\/?s={search_term_string}\"},\"query-input\":{\"@type\":\"PropertyValueSpecification\",\"valueRequired\":true,\"valueName\":\"search_term_string\"}}],\"inLanguage\":\"hu\"},{\"@type\":\"Organization\",\"@id\":\"https:\\\/\\\/stemeric.com\\\/#organization\",\"name\":\"St. Emeric Church\",\"url\":\"https:\\\/\\\/stemeric.com\\\/\",\"logo\":{\"@type\":\"ImageObject\",\"inLanguage\":\"hu\",\"@id\":\"https:\\\/\\\/stemeric.com\\\/#\\\/schema\\\/logo\\\/image\\\/\",\"url\":\"https:\\\/\\\/stemeric.com\\\/wp-content\\\/uploads\\\/2015\\\/11\\\/SzentImre4.png\",\"contentUrl\":\"https:\\\/\\\/stemeric.com\\\/wp-content\\\/uploads\\\/2015\\\/11\\\/SzentImre4.png\",\"width\":800,\"height\":167,\"caption\":\"St. Emeric Church\"},\"image\":{\"@id\":\"https:\\\/\\\/stemeric.com\\\/#\\\/schema\\\/logo\\\/image\\\/\"},\"sameAs\":[\"https:\\\/\\\/www.facebook.com\\\/saintemeric\"]},{\"@type\":\"Person\",\"@id\":\"https:\\\/\\\/stemeric.com\\\/#\\\/schema\\\/person\\\/bf0d9c9cb88a9bc031b1d708c8fd7c0d\",\"name\":\"Fr. Bona\",\"image\":{\"@type\":\"ImageObject\",\"inLanguage\":\"hu\",\"@id\":\"https:\\\/\\\/secure.gravatar.com\\\/avatar\\\/dc8add36be833ddeaab5f45e4259b5e5c62368272ba2e29307768796901b66a4?s=96&d=mm&r=g\",\"url\":\"https:\\\/\\\/secure.gravatar.com\\\/avatar\\\/dc8add36be833ddeaab5f45e4259b5e5c62368272ba2e29307768796901b66a4?s=96&d=mm&r=g\",\"contentUrl\":\"https:\\\/\\\/secure.gravatar.com\\\/avatar\\\/dc8add36be833ddeaab5f45e4259b5e5c62368272ba2e29307768796901b66a4?s=96&d=mm&r=g\",\"caption\":\"Fr. Bona\"},\"url\":\"https:\\\/\\\/stemeric.com\\\/hu\\\/author\\\/bonaatya\\\/\"}]}<\/script>\n<!-- \/ Yoast SEO plugin. -->","yoast_head_json":{"title":"H\u00daSV\u00c9T 4. VAS\u00c1RNAPJA \u2013 2026, \u00e1prilis 26. \u2013 J\u00f3 P\u00e1sztor vas\u00e1rnapja - St. Emeric Church","robots":{"index":"index","follow":"follow","max-snippet":"max-snippet:-1","max-image-preview":"max-image-preview:large","max-video-preview":"max-video-preview:-1"},"canonical":"https:\/\/stemeric.com\/hu\/husvet-4-vasarnapja-2026-aprilis-26-jo-pasztor-vasarnapja\/","og_locale":"hu_HU","og_type":"article","og_title":"H\u00daSV\u00c9T 4. VAS\u00c1RNAPJA \u2013 2026, \u00e1prilis 26. \u2013 J\u00f3 P\u00e1sztor vas\u00e1rnapja - St. Emeric Church","og_description":"K\u00e9rj\u00fck, tekints\u00e9k meg az angol nyelv\u0171 r\u00e9szt is (link az alj\u00e1n), mert az tartalmazza a szentmis\u00e9k sz\u00e1nd\u00e9kait \u00e9s m\u00e1s fontos t\u00e1j\u00e9koztat\u00e1st. V\u00c1LASZOS ZSOLT\u00c1R: Az \u00dar n\u00e9kem p\u00e1sztorom, \u00edns\u00e9get nem kell l\u00e1tnom. B\u00d3NA ATYA TOLL\u00c1B\u00d3L: (1) Ma \u00fcnnepelj\u00fck a Hivat\u00e1sok\u00e9rt val\u00f3 im\u00e1ds\u00e1g 63. vil\u00e1gnapj\u00e1t. VI. P\u00e1l p\u00e1pa 1964-ben, a II. Vatik\u00e1ni Zsinat idej\u00e9n hirdette meg ezt [&hellip;]","og_url":"https:\/\/stemeric.com\/hu\/husvet-4-vasarnapja-2026-aprilis-26-jo-pasztor-vasarnapja\/","og_site_name":"St. Emeric Church","article_publisher":"https:\/\/www.facebook.com\/saintemeric","article_published_time":"2026-04-26T03:04:11+00:00","article_modified_time":"2026-04-26T03:07:11+00:00","og_image":[{"width":1200,"height":1200,"url":"https:\/\/stemeric.com\/wp-content\/uploads\/2024\/08\/Plockhorst-Good-Shepherd.jpg","type":"image\/jpeg"}],"author":"Fr. Bona","twitter_card":"summary_large_image","twitter_misc":{"Szerz\u0151:":"Fr. Bona","Becs\u00fclt olvas\u00e1si id\u0151":"3 perc"},"schema":{"@context":"https:\/\/schema.org","@graph":[{"@type":"Article","@id":"https:\/\/stemeric.com\/hu\/husvet-4-vasarnapja-2026-aprilis-26-jo-pasztor-vasarnapja\/#article","isPartOf":{"@id":"https:\/\/stemeric.com\/hu\/husvet-4-vasarnapja-2026-aprilis-26-jo-pasztor-vasarnapja\/"},"author":{"name":"Fr. Bona","@id":"https:\/\/stemeric.com\/#\/schema\/person\/bf0d9c9cb88a9bc031b1d708c8fd7c0d"},"headline":"H\u00daSV\u00c9T 4. VAS\u00c1RNAPJA \u2013 2026, \u00e1prilis 26. \u2013 J\u00f3 P\u00e1sztor vas\u00e1rnapja","datePublished":"2026-04-26T03:04:11+00:00","dateModified":"2026-04-26T03:07:11+00:00","mainEntityOfPage":{"@id":"https:\/\/stemeric.com\/hu\/husvet-4-vasarnapja-2026-aprilis-26-jo-pasztor-vasarnapja\/"},"wordCount":785,"commentCount":0,"publisher":{"@id":"https:\/\/stemeric.com\/#organization"},"image":{"@id":"https:\/\/stemeric.com\/hu\/husvet-4-vasarnapja-2026-aprilis-26-jo-pasztor-vasarnapja\/#primaryimage"},"thumbnailUrl":"https:\/\/i0.wp.com\/stemeric.com\/wp-content\/uploads\/2024\/08\/Plockhorst-Good-Shepherd.jpg?fit=1200%2C1200&ssl=1","articleSection":["\u00c9rtes\u00edt\u0151"],"inLanguage":"hu","potentialAction":[{"@type":"CommentAction","name":"Comment","target":["https:\/\/stemeric.com\/hu\/husvet-4-vasarnapja-2026-aprilis-26-jo-pasztor-vasarnapja\/#respond"]}]},{"@type":"WebPage","@id":"https:\/\/stemeric.com\/hu\/husvet-4-vasarnapja-2026-aprilis-26-jo-pasztor-vasarnapja\/","url":"https:\/\/stemeric.com\/hu\/husvet-4-vasarnapja-2026-aprilis-26-jo-pasztor-vasarnapja\/","name":"H\u00daSV\u00c9T 4. VAS\u00c1RNAPJA \u2013 2026, \u00e1prilis 26. \u2013 J\u00f3 P\u00e1sztor vas\u00e1rnapja - St. Emeric Church","isPartOf":{"@id":"https:\/\/stemeric.com\/#website"},"primaryImageOfPage":{"@id":"https:\/\/stemeric.com\/hu\/husvet-4-vasarnapja-2026-aprilis-26-jo-pasztor-vasarnapja\/#primaryimage"},"image":{"@id":"https:\/\/stemeric.com\/hu\/husvet-4-vasarnapja-2026-aprilis-26-jo-pasztor-vasarnapja\/#primaryimage"},"thumbnailUrl":"https:\/\/i0.wp.com\/stemeric.com\/wp-content\/uploads\/2024\/08\/Plockhorst-Good-Shepherd.jpg?fit=1200%2C1200&ssl=1","datePublished":"2026-04-26T03:04:11+00:00","dateModified":"2026-04-26T03:07:11+00:00","breadcrumb":{"@id":"https:\/\/stemeric.com\/hu\/husvet-4-vasarnapja-2026-aprilis-26-jo-pasztor-vasarnapja\/#breadcrumb"},"inLanguage":"hu","potentialAction":[{"@type":"ReadAction","target":["https:\/\/stemeric.com\/hu\/husvet-4-vasarnapja-2026-aprilis-26-jo-pasztor-vasarnapja\/"]}]},{"@type":"ImageObject","inLanguage":"hu","@id":"https:\/\/stemeric.com\/hu\/husvet-4-vasarnapja-2026-aprilis-26-jo-pasztor-vasarnapja\/#primaryimage","url":"https:\/\/i0.wp.com\/stemeric.com\/wp-content\/uploads\/2024\/08\/Plockhorst-Good-Shepherd.jpg?fit=1200%2C1200&ssl=1","contentUrl":"https:\/\/i0.wp.com\/stemeric.com\/wp-content\/uploads\/2024\/08\/Plockhorst-Good-Shepherd.jpg?fit=1200%2C1200&ssl=1","width":1200,"height":1200},{"@type":"BreadcrumbList","@id":"https:\/\/stemeric.com\/hu\/husvet-4-vasarnapja-2026-aprilis-26-jo-pasztor-vasarnapja\/#breadcrumb","itemListElement":[{"@type":"ListItem","position":1,"name":"Home","item":"https:\/\/stemeric.com\/hu\/"},{"@type":"ListItem","position":2,"name":"H\u00daSV\u00c9T 4. VAS\u00c1RNAPJA \u2013 2026, \u00e1prilis 26. \u2013 J\u00f3 P\u00e1sztor vas\u00e1rnapja"}]},{"@type":"WebSite","@id":"https:\/\/stemeric.com\/#website","url":"https:\/\/stemeric.com\/","name":"St. Emeric Church","description":"Szent Imre R\u00f3mai Katolikus Magyar Egyh\u00e1zk\u00f6zs\u00e9g","publisher":{"@id":"https:\/\/stemeric.com\/#organization"},"potentialAction":[{"@type":"SearchAction","target":{"@type":"EntryPoint","urlTemplate":"https:\/\/stemeric.com\/?s={search_term_string}"},"query-input":{"@type":"PropertyValueSpecification","valueRequired":true,"valueName":"search_term_string"}}],"inLanguage":"hu"},{"@type":"Organization","@id":"https:\/\/stemeric.com\/#organization","name":"St. Emeric Church","url":"https:\/\/stemeric.com\/","logo":{"@type":"ImageObject","inLanguage":"hu","@id":"https:\/\/stemeric.com\/#\/schema\/logo\/image\/","url":"https:\/\/stemeric.com\/wp-content\/uploads\/2015\/11\/SzentImre4.png","contentUrl":"https:\/\/stemeric.com\/wp-content\/uploads\/2015\/11\/SzentImre4.png","width":800,"height":167,"caption":"St. Emeric Church"},"image":{"@id":"https:\/\/stemeric.com\/#\/schema\/logo\/image\/"},"sameAs":["https:\/\/www.facebook.com\/saintemeric"]},{"@type":"Person","@id":"https:\/\/stemeric.com\/#\/schema\/person\/bf0d9c9cb88a9bc031b1d708c8fd7c0d","name":"Fr. Bona","image":{"@type":"ImageObject","inLanguage":"hu","@id":"https:\/\/secure.gravatar.com\/avatar\/dc8add36be833ddeaab5f45e4259b5e5c62368272ba2e29307768796901b66a4?s=96&d=mm&r=g","url":"https:\/\/secure.gravatar.com\/avatar\/dc8add36be833ddeaab5f45e4259b5e5c62368272ba2e29307768796901b66a4?s=96&d=mm&r=g","contentUrl":"https:\/\/secure.gravatar.com\/avatar\/dc8add36be833ddeaab5f45e4259b5e5c62368272ba2e29307768796901b66a4?s=96&d=mm&r=g","caption":"Fr. Bona"},"url":"https:\/\/stemeric.com\/hu\/author\/bonaatya\/"}]}},"jetpack_publicize_connections":[],"jetpack_featured_media_url":"https:\/\/i0.wp.com\/stemeric.com\/wp-content\/uploads\/2024\/08\/Plockhorst-Good-Shepherd.jpg?fit=1200%2C1200&ssl=1","jetpack_sharing_enabled":true,"jetpack_shortlink":"https:\/\/wp.me\/pffxLh-4yv","_links":{"self":[{"href":"https:\/\/stemeric.com\/hu\/wp-json\/wp\/v2\/posts\/17515","targetHints":{"allow":["GET"]}}],"collection":[{"href":"https:\/\/stemeric.com\/hu\/wp-json\/wp\/v2\/posts"}],"about":[{"href":"https:\/\/stemeric.com\/hu\/wp-json\/wp\/v2\/types\/post"}],"author":[{"embeddable":true,"href":"https:\/\/stemeric.com\/hu\/wp-json\/wp\/v2\/users\/6"}],"replies":[{"embeddable":true,"href":"https:\/\/stemeric.com\/hu\/wp-json\/wp\/v2\/comments?post=17515"}],"version-history":[{"count":1,"href":"https:\/\/stemeric.com\/hu\/wp-json\/wp\/v2\/posts\/17515\/revisions"}],"predecessor-version":[{"id":17516,"href":"https:\/\/stemeric.com\/hu\/wp-json\/wp\/v2\/posts\/17515\/revisions\/17516"}],"wp:featuredmedia":[{"embeddable":true,"href":"https:\/\/stemeric.com\/hu\/wp-json\/wp\/v2\/media\/14234"}],"wp:attachment":[{"href":"https:\/\/stemeric.com\/hu\/wp-json\/wp\/v2\/media?parent=17515"}],"wp:term":[{"taxonomy":"category","embeddable":true,"href":"https:\/\/stemeric.com\/hu\/wp-json\/wp\/v2\/categories?post=17515"},{"taxonomy":"post_tag","embeddable":true,"href":"https:\/\/stemeric.com\/hu\/wp-json\/wp\/v2\/tags?post=17515"}],"curies":[{"name":"wp","href":"https:\/\/api.w.org\/{rel}","templated":true}]}}