{"id":18289,"date":"2026-09-05T22:45:41","date_gmt":"2026-09-06T02:45:41","guid":{"rendered":"https:\/\/stemeric.com\/?p=18289"},"modified":"2026-09-05T22:50:03","modified_gmt":"2026-09-06T02:50:03","slug":"evkozi-23-vasarnap-2026-szeptember-6","status":"publish","type":"post","link":"https:\/\/stemeric.com\/hu\/evkozi-23-vasarnap-2026-szeptember-6\/","title":{"rendered":"\u00c9VK\u00d6ZI 23. VAS\u00c1RNAP\u2013 2026. szeptember 6."},"content":{"rendered":"<p><em>K\u00e9rj\u00fck, tekints\u00e9k meg az angol nyelv\u0171 r\u00e9szt is (link az alj\u00e1n), mert az tartalmazza a szentmis\u00e9k sz\u00e1nd\u00e9kait \u00e9s m\u00e1s fontos t\u00e1j\u00e9koztat\u00e1st.<\/em><\/p>\n<p><strong>V\u00c1LASZOS ZSOLT\u00c1R: B\u00e1r hallgatn\u00e1tok ma Isten szav\u00e1ra: \u201eN\u00e9pem, ne l\u00e9gy kem\u00e9ny sz\u00edv\u0171.\u201d<\/strong><\/p>\n<p><strong><u>B\u00d3NA ATYA TOLL\u00c1B\u00d3L<\/u><\/strong><strong>:<\/strong> <strong>(1)<\/strong> A mai evang\u00e9liumi szakasz szisztematikus megk\u00f6zel\u00edt\u00e9st k\u00edn\u00e1l a megb\u00e9k\u00e9l\u00e9s \u00e9s az egyh\u00e1zi fegyelem k\u00e9rd\u00e9s\u00e9ben. J\u00e9zus egy fokozatos folyamatot v\u00e1zol fel a b\u0171n kezel\u00e9s\u00e9re: el\u0151sz\u00f6r n\u00e9gyszemk\u00f6zt folytatott besz\u00e9lget\u00e9s \u00fatj\u00e1n, majd tan\u00fak bevon\u00e1s\u00e1val, v\u00e9g\u00fcl pedig az \u00fcgyet az egyh\u00e1zi k\u00f6z\u00f6ss\u00e9g el\u00e9 terjesztve \u2013 s\u0151t, sz\u00fcks\u00e9g eset\u00e9n ak\u00e1r a kik\u00f6z\u00f6s\u00edt\u00e9s alkalmaz\u00e1s\u00e1val is. A helyesb\u00edt\u00e9s c\u00e9lja mindig a helyre\u00e1ll\u00edt\u00e1s, nem felt\u00e9tlen\u00fcl a b\u00fcntet\u00e9s. Val\u00f3j\u00e1ban a kik\u00f6z\u00f6s\u00edt\u00e9s b\u00fcntet\u00e9se az \u00fagynevezett \u201egy\u00f3gy\u00edt\u00f3\u201d b\u00fcntet\u00e9sek kateg\u00f3ri\u00e1j\u00e1ba tartozik. A b\u0171n \u00e9s a gonosz egy m\u00e9reg, \u00e9s felel\u0151ss\u00e9g\u00fcnk, hogy megv\u00e9dj\u00fck t\u0151le az \u00e1rtatlanokat, \u00e9s korrig\u00e1ljuk m\u00e1sokat, hogy megments\u00fck \u0151ket a lelki k\u00e1rt\u00f3l. A rossz cselekedetekkel szembeni hallgat\u00e1s e felel\u0151ss\u00e9g elmulaszt\u00e1s\u00e1nak tekinthet\u0151.<\/p>\n<p>Tal\u00e1n hallottak m\u00e1r a hagyom\u00e1nyos kereszt\u00e9ny alapelvr\u0151l: \u201eSzeresd a b\u0171n\u00f6st, \u00e9s gy\u0171l\u00f6ld a b\u0171nt.\u201d Sz\u00f3 szerint ez a mondat nem tal\u00e1lhat\u00f3 meg a Bibli\u00e1ban, de az elve mind az \u00d3sz\u00f6vets\u00e9gben, mind az \u00dajsz\u00f6vets\u00e9gben jelen van. P\u00e9ld\u00e1ul a P\u00e9ldabesz\u00e9dek 8:13-ban: \u201e[Isten sz\u00f3l:] Az \u00dar f\u00e9lelme a gonoszs\u00e1g gy\u0171l\u00f6lete; a g\u0151g\u00f6t, a p\u00f6khendi magatart\u00e1st, a gonosz utat \u00e9s a hamis besz\u00e9det gy\u0171l\u00f6l\u00f6m;\u201d valamint a R\u00f3maiakhoz \u00edrt lev\u00e9l 12:9-ben: \u201eSzeressetek tettet\u00e9s n\u00e9lk\u00fcl, irt\u00f3zzatok a rosszt\u00f3l, ragaszkodjatok a j\u00f3hoz.\u201d Kr. u. 424-ben Szent \u00c1goston egyik level\u00e9ben a k\u00f6vetkez\u0151 kifejez\u00e9st haszn\u00e1lta: \u201e<em>Cum dilectione hominum et odio vitiorum<\/em>\u201d, ami nagyj\u00e1b\u00f3l \u00edgy ford\u00edthat\u00f3 le: \u201eaz emberis\u00e9g ir\u00e1nti szeretettel \u00e9s a b\u0171n\u00f6k ir\u00e1nti gy\u0171l\u00f6lettel.\u201d Ez a gondolat id\u0151vel a fent eml\u00edtett alapelvben \u00f6lt\u00f6tt form\u00e1t, \u00e9s Mohandas Gandhi is felhaszn\u00e1lta 1929-es \u00f6n\u00e9letrajz\u00e1ban (\u201egy\u0171l\u00f6ld a b\u0171nt, ne a b\u0171n\u00f6st\u201d).<\/p>\n<p>Sajnos manaps\u00e1g jelent\u0151s sz\u00e1m\u00fa ember elfordul ett\u0151l az elvt\u0151l, s\u0151t ellene is harcol, mintha k\u00e1ros szabv\u00e1ny lenne. Sokan gonosz cselekedeteik igazol\u00e1s\u00e1ra azzal \u00e9rvelnek, hogy ha b\u00edr\u00e1ljuk tetteiket, akkor \u0151ket magukat, mint szem\u00e9lyeket \u00edt\u00e9lj\u00fck el. Ez az \u00e9rv csak egy tr\u00fckk arra, hogy m\u00e1sokat elhallgattassanak, nehogy kih\u00edv\u00e1s el\u00e9 \u00e1ll\u00edts\u00e1k \u0151ket, \u00e9s \u00edgy k\u00e9nytelenek legyenek szemben\u00e9zni a saj\u00e1t sz\u00edv\u00fckkel, \u00e9s v\u00e9g\u00fcl megv\u00e1ltoztatni a viselked\u00e9s\u00fcket. De pontosan ezt akarja az \u00f6rd\u00f6g. Azt akarja, hogy mi, kereszt\u00e9nyek, hallgassunk, hogy a gonosz \u00fatjai m\u00e9g jobban elterjedjenek a vil\u00e1gban, \u00e9s \u00edgy lehet\u0151s\u00e9get kapjon arra, hogy m\u00e9g t\u00f6bb embert vezessen a pokolba. Azt akarja, hogy a vil\u00e1g elfelejtse: a cselekedeteknek k\u00f6vetkezm\u00e9nyei vannak. Az a gondolat, hogy a cselekedeteim valamilyen m\u00f3don a saj\u00e1t l\u00e9nyem r\u00e9sz\u00e9t k\u00e9pezik, \u00f6rd\u00f6gi, mert ez automatikusan kiz\u00e1rja az \u00fcdv\u00f6ss\u00e9g aj\u00e1nd\u00e9k\u00e1nak elfogad\u00e1s\u00e1t (megakad\u00e1lyozza a b\u0171n\u00f6s r\u00e9sz\u00e9r\u0151l az igazi b\u0171nb\u00e1natot). J\u00e9zus j\u00f3 h\u00edre pont ez, hogy elszakadhatunk b\u0171neinkt\u0151l. Meg tudunk \u00e9s meg is kell t\u00e9rn\u00fcnk, folyamatosan b\u0171nb\u00e1natot kell gyakorolnunk.<\/p>\n<p>\u00d6sszefoglalva: az \u0151si kereszt\u00e9ny alapelv seg\u00edt nek\u00fcnk meg\u0151rizni az egyens\u00falyt. Senkit sem \u00edt\u00e9l\u00fcnk el, de J\u00e9zus tan\u00edt\u00e1sai alapj\u00e1n elmondhatjuk \u2013 s\u0151t, k\u00f6teless\u00e9g\u00fcnk is tan\u00faskodni arr\u00f3l \u2013, hogy mely cselekedetek gonoszak \u00e9s melyek j\u00f3k, mert ezeknek val\u00f3ban vannak k\u00f6vetkezm\u00e9nyei az \u00f6r\u00f6k \u00e9letre.<\/p>\n<p><strong>(2)<\/strong> Ma nem lesz 11 \u00f3rai mise a templomban (a German Central Parkban tartjuk).<\/p>\n<p><strong>(3)<\/strong> Szeptember 7-\u00e9n a Szent Imre templomban \u00fcnnepelni fogunk. Nem a Labor Day-re (Munka \u00dcnnep\u00e9re) gondolok, hanem templomunk felszentel\u00e9s\u00e9nek az \u00e9vfordul\u00f3j\u00e1ra. 1925. szeptember 7-\u00e9n (egybees\u00e9sk\u00e9nt ez is Labor Day volt) Joseph Schrembs \u00e9rsek, az akkori clevelandi p\u00fcsp\u00f6k \u00fcnnep\u00e9lyesen meg\u00e1ldotta a jelenlegi templom\u00e9p\u00fcletet. A Boehm monsignore-teremben tal\u00e1lhat\u00f3 egy f\u00e9nyk\u00e9p arr\u00f3l a napr\u00f3l, amelyen a jelenl\u00e9v\u0151k sokas\u00e1ga l\u00e1that\u00f3. Mivel \u00e9ppen Labor Day is volt, l\u00e1that\u00f3, hogy sokan amerikai z\u00e1szl\u00f3t tartanak a kez\u00fckben. Ezenk\u00edv\u00fcl a f\u00e9nyk\u00e9pen szerepl\u0151 d\u00e1tum helytelen. M\u00e1s forr\u00e1sokb\u00f3l meger\u0151s\u00edtett\u00fck, hogy a felszentel\u00e9s szeptember 7-\u00e9n t\u00f6rt\u00e9nt, \u00e9s nem 6-\u00e1n.<\/p>\n<p><strong><u>MA NINCS ONLINE SZENTMISEK\u00d6ZVET\u00cdT\u00c9S<\/u><\/strong><strong>;<\/strong> a 11:00kor kezd\u0151d\u0151 szentmis\u00e9t a Cserk\u00e9sznap alkalm\u00e1b\u00f3l a German Central Parkban tartjuk.<\/p>\n<p style=\"text-align: center;\"><strong>IM\u00c1DKOZZUNK MINDEN NAP H\u00c1ROM \u00dcDV\u00d6ZL\u00c9GYET PL\u00c9B\u00c1NI\u00c1NK\u00c9RT! <\/strong><\/p>\n","protected":false},"excerpt":{"rendered":"<p>K\u00e9rj\u00fck, tekints\u00e9k meg az angol nyelv\u0171 r\u00e9szt is (link az alj\u00e1n), mert az tartalmazza a szentmis\u00e9k sz\u00e1nd\u00e9kait \u00e9s m\u00e1s fontos t\u00e1j\u00e9koztat\u00e1st. V\u00c1LASZOS ZSOLT\u00c1R: B\u00e1r hallgatn\u00e1tok ma Isten szav\u00e1ra: \u201eN\u00e9pem, ne l\u00e9gy kem\u00e9ny sz\u00edv\u0171.\u201d B\u00d3NA ATYA TOLL\u00c1B\u00d3L: (1) A mai evang\u00e9liumi szakasz szisztematikus megk\u00f6zel\u00edt\u00e9st k\u00edn\u00e1l a megb\u00e9k\u00e9l\u00e9s \u00e9s az egyh\u00e1zi fegyelem k\u00e9rd\u00e9s\u00e9ben. J\u00e9zus egy fokozatos folyamatot [&hellip;]<\/p>\n","protected":false},"author":6,"featured_media":18288,"comment_status":"open","ping_status":"open","sticky":false,"template":"","format":"standard","meta":{"_jetpack_newsletter_access":"","_jetpack_dont_email_post_to_subs":false,"_jetpack_newsletter_tier_id":0,"_jetpack_memberships_contains_paywalled_content":false,"_jetpack_memberships_contains_paid_content":false,"footnotes":"","jetpack_publicize_message":"","jetpack_publicize_feature_enabled":true,"jetpack_social_post_already_shared":true,"jetpack_social_options":{"image_generator_settings":{"template":"highway","default_image_id":0,"font":"","enabled":false},"version":2},"jetpack_post_was_ever_published":false},"categories":[12],"tags":[],"class_list":["post-18289","post","type-post","status-publish","format-standard","has-post-thumbnail","hentry","category-ertesito"],"yoast_head":"<!-- This site is optimized with the Yoast SEO plugin v28.2 - https:\/\/yoast.com\/product\/yoast-seo-wordpress\/ -->\n<title>\u00c9VK\u00d6ZI 23. VAS\u00c1RNAP\u2013 2026. szeptember 6. - St. Emeric Church<\/title>\n<meta name=\"robots\" content=\"index, follow, max-snippet:-1, max-image-preview:large, max-video-preview:-1\" \/>\n<link rel=\"canonical\" href=\"https:\/\/stemeric.com\/hu\/evkozi-23-vasarnap-2026-szeptember-6\/\" \/>\n<meta property=\"og:locale\" content=\"hu_HU\" \/>\n<meta property=\"og:type\" content=\"article\" \/>\n<meta property=\"og:title\" content=\"\u00c9VK\u00d6ZI 23. VAS\u00c1RNAP\u2013 2026. szeptember 6. - St. Emeric Church\" \/>\n<meta property=\"og:description\" content=\"K\u00e9rj\u00fck, tekints\u00e9k meg az angol nyelv\u0171 r\u00e9szt is (link az alj\u00e1n), mert az tartalmazza a szentmis\u00e9k sz\u00e1nd\u00e9kait \u00e9s m\u00e1s fontos t\u00e1j\u00e9koztat\u00e1st. V\u00c1LASZOS ZSOLT\u00c1R: B\u00e1r hallgatn\u00e1tok ma Isten szav\u00e1ra: \u201eN\u00e9pem, ne l\u00e9gy kem\u00e9ny sz\u00edv\u0171.\u201d B\u00d3NA ATYA TOLL\u00c1B\u00d3L: (1) A mai evang\u00e9liumi szakasz szisztematikus megk\u00f6zel\u00edt\u00e9st k\u00edn\u00e1l a megb\u00e9k\u00e9l\u00e9s \u00e9s az egyh\u00e1zi fegyelem k\u00e9rd\u00e9s\u00e9ben. J\u00e9zus egy fokozatos folyamatot [&hellip;]\" \/>\n<meta property=\"og:url\" content=\"https:\/\/stemeric.com\/hu\/evkozi-23-vasarnap-2026-szeptember-6\/\" \/>\n<meta property=\"og:site_name\" content=\"St. Emeric Church\" \/>\n<meta property=\"article:publisher\" content=\"https:\/\/www.facebook.com\/saintemeric\" \/>\n<meta property=\"article:published_time\" content=\"2026-09-06T02:45:41+00:00\" \/>\n<meta property=\"article:modified_time\" content=\"2026-09-06T02:50:03+00:00\" \/>\n<meta property=\"og:image\" content=\"https:\/\/stemeric.com\/wp-content\/uploads\/2026\/09\/Cefalu_Pantocrator_retouched.jpg\" \/>\n\t<meta property=\"og:image:width\" content=\"960\" \/>\n\t<meta property=\"og:image:height\" content=\"891\" \/>\n\t<meta property=\"og:image:type\" content=\"image\/jpeg\" \/>\n<meta name=\"author\" content=\"Fr. Bona\" \/>\n<meta name=\"twitter:card\" content=\"summary_large_image\" \/>\n<meta name=\"twitter:label1\" content=\"Szerz\u0151:\" \/>\n\t<meta name=\"twitter:data1\" content=\"Fr. Bona\" \/>\n\t<meta name=\"twitter:label2\" content=\"Becs\u00fclt olvas\u00e1si id\u0151\" \/>\n\t<meta name=\"twitter:data2\" content=\"3 perc\" \/>\n<script type=\"application\/ld+json\" class=\"yoast-schema-graph\">{\"@context\":\"https:\\\/\\\/schema.org\",\"@graph\":[{\"@type\":\"Article\",\"@id\":\"https:\\\/\\\/stemeric.com\\\/hu\\\/evkozi-23-vasarnap-2026-szeptember-6\\\/#article\",\"isPartOf\":{\"@id\":\"https:\\\/\\\/stemeric.com\\\/hu\\\/evkozi-23-vasarnap-2026-szeptember-6\\\/\"},\"author\":{\"name\":\"Fr. Bona\",\"@id\":\"https:\\\/\\\/stemeric.com\\\/#\\\/schema\\\/person\\\/bf0d9c9cb88a9bc031b1d708c8fd7c0d\"},\"headline\":\"\u00c9VK\u00d6ZI 23. VAS\u00c1RNAP\u2013 2026. szeptember 6.\",\"datePublished\":\"2026-09-06T02:45:41+00:00\",\"dateModified\":\"2026-09-06T02:50:03+00:00\",\"mainEntityOfPage\":{\"@id\":\"https:\\\/\\\/stemeric.com\\\/hu\\\/evkozi-23-vasarnap-2026-szeptember-6\\\/\"},\"wordCount\":916,\"commentCount\":0,\"publisher\":{\"@id\":\"https:\\\/\\\/stemeric.com\\\/#organization\"},\"image\":{\"@id\":\"https:\\\/\\\/stemeric.com\\\/hu\\\/evkozi-23-vasarnap-2026-szeptember-6\\\/#primaryimage\"},\"thumbnailUrl\":\"https:\\\/\\\/i0.wp.com\\\/stemeric.com\\\/wp-content\\\/uploads\\\/2026\\\/09\\\/Cefalu_Pantocrator_retouched.jpg?fit=960%2C891&ssl=1\",\"articleSection\":[\"\u00c9rtes\u00edt\u0151\"],\"inLanguage\":\"hu\",\"potentialAction\":[{\"@type\":\"CommentAction\",\"name\":\"Comment\",\"target\":[\"https:\\\/\\\/stemeric.com\\\/hu\\\/evkozi-23-vasarnap-2026-szeptember-6\\\/#respond\"]}]},{\"@type\":\"WebPage\",\"@id\":\"https:\\\/\\\/stemeric.com\\\/hu\\\/evkozi-23-vasarnap-2026-szeptember-6\\\/\",\"url\":\"https:\\\/\\\/stemeric.com\\\/hu\\\/evkozi-23-vasarnap-2026-szeptember-6\\\/\",\"name\":\"\u00c9VK\u00d6ZI 23. VAS\u00c1RNAP\u2013 2026. szeptember 6. - St. Emeric Church\",\"isPartOf\":{\"@id\":\"https:\\\/\\\/stemeric.com\\\/#website\"},\"primaryImageOfPage\":{\"@id\":\"https:\\\/\\\/stemeric.com\\\/hu\\\/evkozi-23-vasarnap-2026-szeptember-6\\\/#primaryimage\"},\"image\":{\"@id\":\"https:\\\/\\\/stemeric.com\\\/hu\\\/evkozi-23-vasarnap-2026-szeptember-6\\\/#primaryimage\"},\"thumbnailUrl\":\"https:\\\/\\\/i0.wp.com\\\/stemeric.com\\\/wp-content\\\/uploads\\\/2026\\\/09\\\/Cefalu_Pantocrator_retouched.jpg?fit=960%2C891&ssl=1\",\"datePublished\":\"2026-09-06T02:45:41+00:00\",\"dateModified\":\"2026-09-06T02:50:03+00:00\",\"breadcrumb\":{\"@id\":\"https:\\\/\\\/stemeric.com\\\/hu\\\/evkozi-23-vasarnap-2026-szeptember-6\\\/#breadcrumb\"},\"inLanguage\":\"hu\",\"potentialAction\":[{\"@type\":\"ReadAction\",\"target\":[\"https:\\\/\\\/stemeric.com\\\/hu\\\/evkozi-23-vasarnap-2026-szeptember-6\\\/\"]}]},{\"@type\":\"ImageObject\",\"inLanguage\":\"hu\",\"@id\":\"https:\\\/\\\/stemeric.com\\\/hu\\\/evkozi-23-vasarnap-2026-szeptember-6\\\/#primaryimage\",\"url\":\"https:\\\/\\\/i0.wp.com\\\/stemeric.com\\\/wp-content\\\/uploads\\\/2026\\\/09\\\/Cefalu_Pantocrator_retouched.jpg?fit=960%2C891&ssl=1\",\"contentUrl\":\"https:\\\/\\\/i0.wp.com\\\/stemeric.com\\\/wp-content\\\/uploads\\\/2026\\\/09\\\/Cefalu_Pantocrator_retouched.jpg?fit=960%2C891&ssl=1\",\"width\":960,\"height\":891},{\"@type\":\"BreadcrumbList\",\"@id\":\"https:\\\/\\\/stemeric.com\\\/hu\\\/evkozi-23-vasarnap-2026-szeptember-6\\\/#breadcrumb\",\"itemListElement\":[{\"@type\":\"ListItem\",\"position\":1,\"name\":\"Home\",\"item\":\"https:\\\/\\\/stemeric.com\\\/hu\\\/\"},{\"@type\":\"ListItem\",\"position\":2,\"name\":\"\u00c9VK\u00d6ZI 23. VAS\u00c1RNAP\u2013 2026. szeptember 6.\"}]},{\"@type\":\"WebSite\",\"@id\":\"https:\\\/\\\/stemeric.com\\\/#website\",\"url\":\"https:\\\/\\\/stemeric.com\\\/\",\"name\":\"St. Emeric Church\",\"description\":\"Szent Imre R\u00f3mai Katolikus Magyar Egyh\u00e1zk\u00f6zs\u00e9g\",\"publisher\":{\"@id\":\"https:\\\/\\\/stemeric.com\\\/#organization\"},\"potentialAction\":[{\"@type\":\"SearchAction\",\"target\":{\"@type\":\"EntryPoint\",\"urlTemplate\":\"https:\\\/\\\/stemeric.com\\\/?s={search_term_string}\"},\"query-input\":{\"@type\":\"PropertyValueSpecification\",\"valueRequired\":true,\"valueName\":\"search_term_string\"}}],\"inLanguage\":\"hu\"},{\"@type\":\"Organization\",\"@id\":\"https:\\\/\\\/stemeric.com\\\/#organization\",\"name\":\"St. Emeric Church\",\"url\":\"https:\\\/\\\/stemeric.com\\\/\",\"logo\":{\"@type\":\"ImageObject\",\"inLanguage\":\"hu\",\"@id\":\"https:\\\/\\\/stemeric.com\\\/#\\\/schema\\\/logo\\\/image\\\/\",\"url\":\"https:\\\/\\\/stemeric.com\\\/wp-content\\\/uploads\\\/2015\\\/11\\\/SzentImre4.png\",\"contentUrl\":\"https:\\\/\\\/stemeric.com\\\/wp-content\\\/uploads\\\/2015\\\/11\\\/SzentImre4.png\",\"width\":800,\"height\":167,\"caption\":\"St. Emeric Church\"},\"image\":{\"@id\":\"https:\\\/\\\/stemeric.com\\\/#\\\/schema\\\/logo\\\/image\\\/\"},\"sameAs\":[\"https:\\\/\\\/www.facebook.com\\\/saintemeric\"]},{\"@type\":\"Person\",\"@id\":\"https:\\\/\\\/stemeric.com\\\/#\\\/schema\\\/person\\\/bf0d9c9cb88a9bc031b1d708c8fd7c0d\",\"name\":\"Fr. Bona\",\"image\":{\"@type\":\"ImageObject\",\"inLanguage\":\"hu\",\"@id\":\"https:\\\/\\\/secure.gravatar.com\\\/avatar\\\/dc8add36be833ddeaab5f45e4259b5e5c62368272ba2e29307768796901b66a4?s=96&d=mm&r=g\",\"url\":\"https:\\\/\\\/secure.gravatar.com\\\/avatar\\\/dc8add36be833ddeaab5f45e4259b5e5c62368272ba2e29307768796901b66a4?s=96&d=mm&r=g\",\"contentUrl\":\"https:\\\/\\\/secure.gravatar.com\\\/avatar\\\/dc8add36be833ddeaab5f45e4259b5e5c62368272ba2e29307768796901b66a4?s=96&d=mm&r=g\",\"caption\":\"Fr. Bona\"},\"url\":\"https:\\\/\\\/stemeric.com\\\/hu\\\/author\\\/bonaatya\\\/\"}]}<\/script>\n<!-- \/ Yoast SEO plugin. -->","yoast_head_json":{"title":"\u00c9VK\u00d6ZI 23. VAS\u00c1RNAP\u2013 2026. szeptember 6. - St. Emeric Church","robots":{"index":"index","follow":"follow","max-snippet":"max-snippet:-1","max-image-preview":"max-image-preview:large","max-video-preview":"max-video-preview:-1"},"canonical":"https:\/\/stemeric.com\/hu\/evkozi-23-vasarnap-2026-szeptember-6\/","og_locale":"hu_HU","og_type":"article","og_title":"\u00c9VK\u00d6ZI 23. VAS\u00c1RNAP\u2013 2026. szeptember 6. - St. Emeric Church","og_description":"K\u00e9rj\u00fck, tekints\u00e9k meg az angol nyelv\u0171 r\u00e9szt is (link az alj\u00e1n), mert az tartalmazza a szentmis\u00e9k sz\u00e1nd\u00e9kait \u00e9s m\u00e1s fontos t\u00e1j\u00e9koztat\u00e1st. V\u00c1LASZOS ZSOLT\u00c1R: B\u00e1r hallgatn\u00e1tok ma Isten szav\u00e1ra: \u201eN\u00e9pem, ne l\u00e9gy kem\u00e9ny sz\u00edv\u0171.\u201d B\u00d3NA ATYA TOLL\u00c1B\u00d3L: (1) A mai evang\u00e9liumi szakasz szisztematikus megk\u00f6zel\u00edt\u00e9st k\u00edn\u00e1l a megb\u00e9k\u00e9l\u00e9s \u00e9s az egyh\u00e1zi fegyelem k\u00e9rd\u00e9s\u00e9ben. J\u00e9zus egy fokozatos folyamatot [&hellip;]","og_url":"https:\/\/stemeric.com\/hu\/evkozi-23-vasarnap-2026-szeptember-6\/","og_site_name":"St. Emeric Church","article_publisher":"https:\/\/www.facebook.com\/saintemeric","article_published_time":"2026-09-06T02:45:41+00:00","article_modified_time":"2026-09-06T02:50:03+00:00","og_image":[{"width":960,"height":891,"url":"https:\/\/stemeric.com\/wp-content\/uploads\/2026\/09\/Cefalu_Pantocrator_retouched.jpg","type":"image\/jpeg"}],"author":"Fr. Bona","twitter_card":"summary_large_image","twitter_misc":{"Szerz\u0151:":"Fr. Bona","Becs\u00fclt olvas\u00e1si id\u0151":"3 perc"},"schema":{"@context":"https:\/\/schema.org","@graph":[{"@type":"Article","@id":"https:\/\/stemeric.com\/hu\/evkozi-23-vasarnap-2026-szeptember-6\/#article","isPartOf":{"@id":"https:\/\/stemeric.com\/hu\/evkozi-23-vasarnap-2026-szeptember-6\/"},"author":{"name":"Fr. Bona","@id":"https:\/\/stemeric.com\/#\/schema\/person\/bf0d9c9cb88a9bc031b1d708c8fd7c0d"},"headline":"\u00c9VK\u00d6ZI 23. VAS\u00c1RNAP\u2013 2026. szeptember 6.","datePublished":"2026-09-06T02:45:41+00:00","dateModified":"2026-09-06T02:50:03+00:00","mainEntityOfPage":{"@id":"https:\/\/stemeric.com\/hu\/evkozi-23-vasarnap-2026-szeptember-6\/"},"wordCount":916,"commentCount":0,"publisher":{"@id":"https:\/\/stemeric.com\/#organization"},"image":{"@id":"https:\/\/stemeric.com\/hu\/evkozi-23-vasarnap-2026-szeptember-6\/#primaryimage"},"thumbnailUrl":"https:\/\/i0.wp.com\/stemeric.com\/wp-content\/uploads\/2026\/09\/Cefalu_Pantocrator_retouched.jpg?fit=960%2C891&ssl=1","articleSection":["\u00c9rtes\u00edt\u0151"],"inLanguage":"hu","potentialAction":[{"@type":"CommentAction","name":"Comment","target":["https:\/\/stemeric.com\/hu\/evkozi-23-vasarnap-2026-szeptember-6\/#respond"]}]},{"@type":"WebPage","@id":"https:\/\/stemeric.com\/hu\/evkozi-23-vasarnap-2026-szeptember-6\/","url":"https:\/\/stemeric.com\/hu\/evkozi-23-vasarnap-2026-szeptember-6\/","name":"\u00c9VK\u00d6ZI 23. VAS\u00c1RNAP\u2013 2026. szeptember 6. - St. Emeric Church","isPartOf":{"@id":"https:\/\/stemeric.com\/#website"},"primaryImageOfPage":{"@id":"https:\/\/stemeric.com\/hu\/evkozi-23-vasarnap-2026-szeptember-6\/#primaryimage"},"image":{"@id":"https:\/\/stemeric.com\/hu\/evkozi-23-vasarnap-2026-szeptember-6\/#primaryimage"},"thumbnailUrl":"https:\/\/i0.wp.com\/stemeric.com\/wp-content\/uploads\/2026\/09\/Cefalu_Pantocrator_retouched.jpg?fit=960%2C891&ssl=1","datePublished":"2026-09-06T02:45:41+00:00","dateModified":"2026-09-06T02:50:03+00:00","breadcrumb":{"@id":"https:\/\/stemeric.com\/hu\/evkozi-23-vasarnap-2026-szeptember-6\/#breadcrumb"},"inLanguage":"hu","potentialAction":[{"@type":"ReadAction","target":["https:\/\/stemeric.com\/hu\/evkozi-23-vasarnap-2026-szeptember-6\/"]}]},{"@type":"ImageObject","inLanguage":"hu","@id":"https:\/\/stemeric.com\/hu\/evkozi-23-vasarnap-2026-szeptember-6\/#primaryimage","url":"https:\/\/i0.wp.com\/stemeric.com\/wp-content\/uploads\/2026\/09\/Cefalu_Pantocrator_retouched.jpg?fit=960%2C891&ssl=1","contentUrl":"https:\/\/i0.wp.com\/stemeric.com\/wp-content\/uploads\/2026\/09\/Cefalu_Pantocrator_retouched.jpg?fit=960%2C891&ssl=1","width":960,"height":891},{"@type":"BreadcrumbList","@id":"https:\/\/stemeric.com\/hu\/evkozi-23-vasarnap-2026-szeptember-6\/#breadcrumb","itemListElement":[{"@type":"ListItem","position":1,"name":"Home","item":"https:\/\/stemeric.com\/hu\/"},{"@type":"ListItem","position":2,"name":"\u00c9VK\u00d6ZI 23. VAS\u00c1RNAP\u2013 2026. szeptember 6."}]},{"@type":"WebSite","@id":"https:\/\/stemeric.com\/#website","url":"https:\/\/stemeric.com\/","name":"St. Emeric Church","description":"Szent Imre R\u00f3mai Katolikus Magyar Egyh\u00e1zk\u00f6zs\u00e9g","publisher":{"@id":"https:\/\/stemeric.com\/#organization"},"potentialAction":[{"@type":"SearchAction","target":{"@type":"EntryPoint","urlTemplate":"https:\/\/stemeric.com\/?s={search_term_string}"},"query-input":{"@type":"PropertyValueSpecification","valueRequired":true,"valueName":"search_term_string"}}],"inLanguage":"hu"},{"@type":"Organization","@id":"https:\/\/stemeric.com\/#organization","name":"St. Emeric Church","url":"https:\/\/stemeric.com\/","logo":{"@type":"ImageObject","inLanguage":"hu","@id":"https:\/\/stemeric.com\/#\/schema\/logo\/image\/","url":"https:\/\/stemeric.com\/wp-content\/uploads\/2015\/11\/SzentImre4.png","contentUrl":"https:\/\/stemeric.com\/wp-content\/uploads\/2015\/11\/SzentImre4.png","width":800,"height":167,"caption":"St. Emeric Church"},"image":{"@id":"https:\/\/stemeric.com\/#\/schema\/logo\/image\/"},"sameAs":["https:\/\/www.facebook.com\/saintemeric"]},{"@type":"Person","@id":"https:\/\/stemeric.com\/#\/schema\/person\/bf0d9c9cb88a9bc031b1d708c8fd7c0d","name":"Fr. Bona","image":{"@type":"ImageObject","inLanguage":"hu","@id":"https:\/\/secure.gravatar.com\/avatar\/dc8add36be833ddeaab5f45e4259b5e5c62368272ba2e29307768796901b66a4?s=96&d=mm&r=g","url":"https:\/\/secure.gravatar.com\/avatar\/dc8add36be833ddeaab5f45e4259b5e5c62368272ba2e29307768796901b66a4?s=96&d=mm&r=g","contentUrl":"https:\/\/secure.gravatar.com\/avatar\/dc8add36be833ddeaab5f45e4259b5e5c62368272ba2e29307768796901b66a4?s=96&d=mm&r=g","caption":"Fr. Bona"},"url":"https:\/\/stemeric.com\/hu\/author\/bonaatya\/"}]}},"jetpack_publicize_connections":[],"jetpack_featured_media_url":"https:\/\/i0.wp.com\/stemeric.com\/wp-content\/uploads\/2026\/09\/Cefalu_Pantocrator_retouched.jpg?fit=960%2C891&ssl=1","jetpack_sharing_enabled":true,"jetpack_shortlink":"https:\/\/wp.me\/pffxLh-4KZ","_links":{"self":[{"href":"https:\/\/stemeric.com\/hu\/wp-json\/wp\/v2\/posts\/18289","targetHints":{"allow":["GET"]}}],"collection":[{"href":"https:\/\/stemeric.com\/hu\/wp-json\/wp\/v2\/posts"}],"about":[{"href":"https:\/\/stemeric.com\/hu\/wp-json\/wp\/v2\/types\/post"}],"author":[{"embeddable":true,"href":"https:\/\/stemeric.com\/hu\/wp-json\/wp\/v2\/users\/6"}],"replies":[{"embeddable":true,"href":"https:\/\/stemeric.com\/hu\/wp-json\/wp\/v2\/comments?post=18289"}],"version-history":[{"count":1,"href":"https:\/\/stemeric.com\/hu\/wp-json\/wp\/v2\/posts\/18289\/revisions"}],"predecessor-version":[{"id":18290,"href":"https:\/\/stemeric.com\/hu\/wp-json\/wp\/v2\/posts\/18289\/revisions\/18290"}],"wp:featuredmedia":[{"embeddable":true,"href":"https:\/\/stemeric.com\/hu\/wp-json\/wp\/v2\/media\/18288"}],"wp:attachment":[{"href":"https:\/\/stemeric.com\/hu\/wp-json\/wp\/v2\/media?parent=18289"}],"wp:term":[{"taxonomy":"category","embeddable":true,"href":"https:\/\/stemeric.com\/hu\/wp-json\/wp\/v2\/categories?post=18289"},{"taxonomy":"post_tag","embeddable":true,"href":"https:\/\/stemeric.com\/hu\/wp-json\/wp\/v2\/tags?post=18289"}],"curies":[{"name":"wp","href":"https:\/\/api.w.org\/{rel}","templated":true}]}}