{"id":2187,"date":"2017-01-14T20:43:36","date_gmt":"2017-01-15T01:43:36","guid":{"rendered":"https:\/\/stemeric.com\/?p=2187\/"},"modified":"2017-01-14T20:47:58","modified_gmt":"2017-01-15T01:47:58","slug":"evkozi-masodik-vasarnap-2017-januar-15","status":"publish","type":"post","link":"https:\/\/stemeric.com\/hu\/evkozi-masodik-vasarnap-2017-januar-15\/","title":{"rendered":"\u00c9vk\u00f6zi m\u00e1sodik vas\u00e1rnap, 2017. janu\u00e1r 15."},"content":{"rendered":"<p><a href=\"https:\/\/stemeric.com\/second-sunday-ordinary-time-january-15-2017\/urunk-megkeresztelkedese\/\" rel=\"attachment wp-att-2184\"><img data-recalc-dims=\"1\" decoding=\"async\" class=\"alignnone size-medium wp-image-2184 lazyload\" data-src=\"https:\/\/i0.wp.com\/stemeric.com\/wp-content\/uploads\/2017\/01\/Urunk-Megkeresztelked%C3%A9se.jpg?resize=300%2C196&#038;ssl=1\" alt=\"\" width=\"300\" height=\"196\" data-srcset=\"https:\/\/i0.wp.com\/stemeric.com\/wp-content\/uploads\/2017\/01\/Urunk-Megkeresztelked%C3%A9se.jpg?resize=300%2C196&amp;ssl=1 300w, https:\/\/i0.wp.com\/stemeric.com\/wp-content\/uploads\/2017\/01\/Urunk-Megkeresztelked%C3%A9se.jpg?resize=768%2C502&amp;ssl=1 768w, https:\/\/i0.wp.com\/stemeric.com\/wp-content\/uploads\/2017\/01\/Urunk-Megkeresztelked%C3%A9se.jpg?w=800&amp;ssl=1 800w\" data-sizes=\"(max-width: 300px) 100vw, 300px\" src=\"data:image\/svg+xml;base64,PHN2ZyB3aWR0aD0iMSIgaGVpZ2h0PSIxIiB4bWxucz0iaHR0cDovL3d3dy53My5vcmcvMjAwMC9zdmciPjwvc3ZnPg==\" style=\"--smush-placeholder-width: 300px; --smush-placeholder-aspect-ratio: 300\/196;\" \/><\/a><\/p>\n<h5>2<sup>nd <\/sup>Sunday in Ordinary Time \u2013 2017. Janu\u00e1r 15. \u2013 \u00c9vk\u00f6zi 2. vas\u00e1rnap<\/h5>\n<h5>V\u00c1LASZOS ZSOLT\u00c1R: \u00cdme elj\u00f6v\u00f6k, Uram,* hogy teljes\u00edtsem azt,\u00a0amit k\u00edv\u00e1nsz.<\/h5>\n<p><strong>TODAY\u2019S \u00a0MASS: 11:00 AM, for Lida Mae Petrella, by Jol\u00e1n Profusz and Family<\/strong> <strong><u>MASS INTENTIONS FOR THE COMING WEEK:\u00a0 <\/u><\/strong><\/p>\n<table>\n<tbody>\n<tr>\n<td width=\"77\">January<\/td>\n<td width=\"36\">16<\/td>\n<td width=\"83\">Monday<\/td>\n<td width=\"82\">\u00a09:00 \u00a0\u00a0AM<\/td>\n<td width=\"339\">For Julianna Tam\u00e1s Sz\u00f3ra<\/td>\n<\/tr>\n<tr>\n<td width=\"77\">January<\/td>\n<td width=\"36\">18<\/td>\n<td width=\"83\">Wednesday<\/td>\n<td width=\"82\">\u00a09:00 \u00a0\u00a0AM<\/td>\n<td width=\"339\">For parishioners<\/td>\n<\/tr>\n<tr>\n<td width=\"77\">January<\/td>\n<td width=\"36\">20<\/td>\n<td width=\"83\">Friday<\/td>\n<td width=\"82\">\u00a09:00\u00a0 \u00a0AM<\/td>\n<td width=\"339\">For intention of celebrant<\/td>\n<\/tr>\n<tr>\n<td width=\"77\">January<\/td>\n<td width=\"36\">21<\/td>\n<td width=\"83\">Saturday<\/td>\n<td width=\"82\">\u00a05:00 \u00a0\u00a0PM<\/td>\n<td width=\"339\">For the health of Bishop Lennon<\/td>\n<\/tr>\n<tr>\n<td width=\"77\">January<\/td>\n<td width=\"36\">22<\/td>\n<td width=\"83\">Sunday<\/td>\n<td width=\"82\">11:00 \u00a0AM<\/td>\n<td width=\"339\">For\u00a0 the deceased members of Kmetty Family, by Beodray Family<\/td>\n<\/tr>\n<\/tbody>\n<\/table>\n<p>&nbsp;<\/p>\n<p><strong><u>A \u00a0SZENT IMRE R\u00d3MAI KATOLIKUS MAGYAR EGYH\u00c1ZK\u00d6ZS\u00c9G \u00c9RTES\u00cdT\u0150JE<\/u><\/strong><\/p>\n<p><strong><u>FARSANGI F\u00c1NK<\/u><\/strong>: Az Olt\u00e1regylet asszonyai finom farsangi f\u00e1nkot s\u00fct\u00f6ttek\u00a0elad\u00e1sra a rendel\u00e9sek szerint. A szentmise ut\u00e1n mindenkit szeretettel h\u00edvunk d\u00edszterm\u00fcnkbe f\u00e1nk \u00e9s k\u00e1v\u00e9 fogyaszt\u00e1s\u00e1ra-, \u00e1ra $4 \u2013 k\u00e9t db. f\u00e1nk \u00e9s k\u00e1v\u00e9.<\/p>\n<p><strong><u>SZENTGY\u00d3N\u00c1S<\/u>: <\/strong>A szentmis\u00e9k el\u0151tt, illetve megbesz\u00e9l\u00e9s szerint lehet szentgy\u00f3n\u00e1st v\u00e9gezni.<\/p>\n<p><strong><u>CS\u00cdKSOMLY\u00d3I ZAR\u00c1NDOKLAT:<\/u><\/strong> El\u0151re jelezz\u00fck, hogy a j\u00f6v\u0151 \u00e9vi cs\u00edksomly\u00f3i b\u00facs\u00fara szeretn\u00e9nk elmenni. K\u00e9rem, aki gondolkodik rajta \u00e9s szeretne r\u00e9sztvenni, az jelezze sz\u00e1nd\u00e9k\u00e1t. A t\u00fara id\u0151pontja m\u00e1jus 31. \u00e9s j\u00fanius 8. k\u00f6z\u00f6tt lesz.<\/p>\n<p><strong><u>MIKES KELEMEN K\u00d6NYVGY\u0170JT\u00c9S:<\/u><\/strong> A szentmis\u00e9k el\u0151tt \u00e9s ut\u00e1n, valamint h\u00e9tf\u0151n \u00e9s p\u00e9nteken a foglalkoz\u00e1sok alatt!<\/p>\n<p><strong><u>ADOM\u00c1NY BOR\u00cdT\u00c9KOK<\/u><\/strong><strong> FELVEHET\u0150K A VAS\u00c1RNAPI IROD\u00c1B\u00d3L. <\/strong>K\u00e9rj\u00fck, legyenek sz\u00edvesek \u00e1tvenni. Akin\u00e9l lakc\u00edm v\u00e1ltoz\u00e1s t\u00f6rt\u00e9nt, k\u00e9rj\u00fck jelezze, ak\u00e1r szem\u00e9lyesen, ak\u00e1r a perselybe bedobva a pap\u00edrt a v\u00e1ltoz\u00e1ssal.<\/p>\n<p><strong><u>GY\u0170JT\u00c9S R\u00c1SZORUL\u00d3KNAK<\/u><\/strong>. K\u00e9rj\u00fck, aki teheti t\u00e1mogassa a r\u00e1szorul\u00f3kat, keszty\u0171, sapka, s\u00e1l, zokni, nem haszn\u00e1lt als\u00f3nem\u0171, tiszt\u00e1lkod\u00e1si szerek, szappan, sampon stb. felaj\u00e1nl\u00e1s\u00e1val. Felaj\u00e1nlott adom\u00e1nyaikat a vas\u00e1rnapi irod\u00e1ban leadhatj\u00e1k janu\u00e1r 15-ig! K\u00f6sz\u00f6nj\u00fck el\u0151re is!<\/p>\n<p><strong><u>N\u00c9GYKEZES ZONGORAVERSENY<\/u><\/strong>: Janu\u00e1r 21-\u00e9n, a John Caroll Egyetemen este 6 \u00f3r\u00e1t\u00f3l a Bocskai R\u00e1di\u00f3 szervez\u00e9s\u00e9ben adom\u00e1nygy\u0171jt\u0151 estet tartanak a gyerekek eg\u00e9szs\u00e9ge \u00e9rdek\u00e9ben. Szt\u00e1rvend\u00e9gek: <strong>Vujity Tvrtko<\/strong>\u00a0Pulitzer-eml\u00e9kd\u00edjas \u00fajs\u00e1g\u00edr\u00f3, telev\u00edzi\u00f3s riporter valamint\u00a0<strong>V\u00e1rnagy Andrea \u00e9s Farkas Zsolt<\/strong>\u00a0zongoram\u0171v\u00e9szek lesznek. R\u00e9szletek a sz\u00f3r\u00f3lapokon olvashat\u00f3k!<\/p>\n<p><strong><u>FARSANGI B\u00c1L<\/u><\/strong>: Diszn\u00f3toros j\u00f3t\u00e9konys\u00e1gi farsangi b\u00e1lt rendez\u00fcnk, febru\u00e1r 11-\u00e9n, szombaton az esti szentmise ut\u00e1n a d\u00edszter\u00fcnkben, amelynek bev\u00e9tel\u00e9t a le\u00e9gett erd\u00e9lyi atyhai templom \u00fajra\u00e9p\u00edtett\u00e9s\u00e9re, illetve augusztus 19-20-\u00e1n tartand\u00f3 Szent Istv\u00e1n Fesztiv\u00e1lra ford\u00edtjuk! R\u00e9szletes t\u00e1j\u00e9koztat\u00e1st j\u00f6v\u0151 h\u00e9ten adunk!<\/p>\n<p><strong><u>M\u00c1SODIK GY\u0170JT\u00c9S<\/u><\/strong>: A mai vas\u00e1rnap m\u00e1sodik gy\u0171jt\u00e9s van a katolikus fels\u0151oktat\u00e1s sz\u00e1m\u00e1ra! K\u00e9rj\u00fck nagylelk\u0171 t\u00e1mogat\u00e1sukat!<\/p>\n<p><strong><u>ELHAL\u00c1LOZ\u00c1S<\/u><\/strong>: F\u00e1j\u00f3 sz\u00edvvel, de Isten akarat\u00e1ban megnyugodva tudatjuk, hogy <strong>Harrisn\u00e9 Sz\u0151ke Vera<\/strong>, 61 \u00e9ves kor\u00e1ban megsz\u00fcnt a sz\u00edve dobogni. Gy\u00e1szmis\u00e9r\u0151l \u00e9s temet\u00e9si szertart\u00e1sr\u00f3l k\u00e9s\u0151bb adnunk t\u00e1j\u00e9koztat\u00e1st. ADJ URAM \u00d6R\u00d6K NYUGODALMAT NEKI!<\/p>\n<p><strong>AKIK A H<\/strong><strong>\u00c9TEN \u00dcNNEPLIK SZ\u00dcLET\u00c9S VAGY N\u00c9VNAPJUKAT, AZOK SZ\u00c1M\u00c1RA ISTEN \u00c1LD\u00c1S\u00c1T K\u00c9RJ\u00dcK<\/strong><\/p>\n","protected":false},"excerpt":{"rendered":"<p>2nd Sunday in Ordinary Time \u2013 2017. Janu\u00e1r 15. \u2013 \u00c9vk\u00f6zi 2. vas\u00e1rnap V\u00c1LASZOS ZSOLT\u00c1R: \u00cdme elj\u00f6v\u00f6k, Uram,* hogy teljes\u00edtsem azt,\u00a0amit k\u00edv\u00e1nsz. TODAY\u2019S \u00a0MASS: 11:00 AM, for Lida Mae Petrella, by Jol\u00e1n Profusz and Family MASS INTENTIONS FOR THE COMING WEEK:\u00a0 January 16 Monday \u00a09:00 \u00a0\u00a0AM For Julianna Tam\u00e1s Sz\u00f3ra January 18 Wednesday \u00a09:00 \u00a0\u00a0AM [&hellip;]<\/p>\n","protected":false},"author":3,"featured_media":2184,"comment_status":"open","ping_status":"open","sticky":false,"template":"","format":"standard","meta":{"jetpack_post_was_ever_published":false,"_jetpack_newsletter_access":"","_jetpack_dont_email_post_to_subs":false,"_jetpack_newsletter_tier_id":0,"_jetpack_memberships_contains_paywalled_content":false,"_jetpack_memberships_contains_paid_content":false,"footnotes":"","jetpack_publicize_message":"","jetpack_publicize_feature_enabled":true,"jetpack_social_post_already_shared":true,"jetpack_social_options":{"image_generator_settings":{"template":"highway","default_image_id":0,"font":"","enabled":false},"version":2}},"categories":[12],"tags":[],"class_list":["post-2187","post","type-post","status-publish","format-standard","has-post-thumbnail","hentry","category-ertesito"],"yoast_head":"<!-- This site is optimized with the Yoast SEO plugin v27.5 - https:\/\/yoast.com\/product\/yoast-seo-wordpress\/ -->\n<title>\u00c9vk\u00f6zi m\u00e1sodik vas\u00e1rnap, 2017. janu\u00e1r 15. - St. Emeric Church<\/title>\n<meta name=\"robots\" content=\"index, follow, max-snippet:-1, max-image-preview:large, max-video-preview:-1\" \/>\n<link rel=\"canonical\" href=\"https:\/\/stemeric.com\/second-sunday-ordinary-time-january-15-2017\/\" \/>\n<meta property=\"og:locale\" content=\"hu_HU\" \/>\n<meta property=\"og:type\" content=\"article\" \/>\n<meta property=\"og:title\" content=\"\u00c9vk\u00f6zi m\u00e1sodik vas\u00e1rnap, 2017. janu\u00e1r 15. - St. Emeric Church\" \/>\n<meta property=\"og:description\" content=\"2nd Sunday in Ordinary Time \u2013 2017. Janu\u00e1r 15. \u2013 \u00c9vk\u00f6zi 2. vas\u00e1rnap V\u00c1LASZOS ZSOLT\u00c1R: \u00cdme elj\u00f6v\u00f6k, Uram,* hogy teljes\u00edtsem azt,\u00a0amit k\u00edv\u00e1nsz. TODAY\u2019S \u00a0MASS: 11:00 AM, for Lida Mae Petrella, by Jol\u00e1n Profusz and Family MASS INTENTIONS FOR THE COMING WEEK:\u00a0 January 16 Monday \u00a09:00 \u00a0\u00a0AM For Julianna Tam\u00e1s Sz\u00f3ra January 18 Wednesday \u00a09:00 \u00a0\u00a0AM [&hellip;]\" \/>\n<meta property=\"og:url\" content=\"https:\/\/stemeric.com\/second-sunday-ordinary-time-january-15-2017\/\" \/>\n<meta property=\"og:site_name\" content=\"St. Emeric Church\" \/>\n<meta property=\"article:publisher\" content=\"https:\/\/www.facebook.com\/saintemeric\" \/>\n<meta property=\"article:published_time\" content=\"2017-01-15T01:43:36+00:00\" \/>\n<meta property=\"article:modified_time\" content=\"2017-01-15T01:47:58+00:00\" \/>\n<meta property=\"og:image\" content=\"https:\/\/stemeric.com\/wp-content\/uploads\/2017\/01\/Urunk-Megkeresztelked\u00e9se.jpg\" \/>\n\t<meta property=\"og:image:width\" content=\"800\" \/>\n\t<meta property=\"og:image:height\" content=\"522\" \/>\n\t<meta property=\"og:image:type\" content=\"image\/jpeg\" \/>\n<meta name=\"author\" content=\"Fr. Andras Mezei\" \/>\n<meta name=\"twitter:card\" content=\"summary_large_image\" \/>\n<meta name=\"twitter:label1\" content=\"Szerz\u0151:\" \/>\n\t<meta name=\"twitter:data1\" content=\"Fr. Andras Mezei\" \/>\n\t<meta name=\"twitter:label2\" content=\"Becs\u00fclt olvas\u00e1si id\u0151\" \/>\n\t<meta name=\"twitter:data2\" content=\"3 perc\" \/>\n<script type=\"application\/ld+json\" class=\"yoast-schema-graph\">{\"@context\":\"https:\\\/\\\/schema.org\",\"@graph\":[{\"@type\":\"Article\",\"@id\":\"https:\\\/\\\/stemeric.com\\\/second-sunday-ordinary-time-january-15-2017\\\/#article\",\"isPartOf\":{\"@id\":\"https:\\\/\\\/stemeric.com\\\/second-sunday-ordinary-time-january-15-2017\\\/\"},\"author\":{\"name\":\"Fr. Andras Mezei\",\"@id\":\"https:\\\/\\\/stemeric.com\\\/#\\\/schema\\\/person\\\/a9129aeb3a3d72fc6b7a387c4252eeb7\"},\"headline\":\"\u00c9vk\u00f6zi m\u00e1sodik vas\u00e1rnap, 2017. janu\u00e1r 15.\",\"datePublished\":\"2017-01-15T01:43:36+00:00\",\"dateModified\":\"2017-01-15T01:47:58+00:00\",\"mainEntityOfPage\":{\"@id\":\"https:\\\/\\\/stemeric.com\\\/second-sunday-ordinary-time-january-15-2017\\\/\"},\"wordCount\":606,\"commentCount\":0,\"publisher\":{\"@id\":\"https:\\\/\\\/stemeric.com\\\/#organization\"},\"image\":{\"@id\":\"https:\\\/\\\/stemeric.com\\\/second-sunday-ordinary-time-january-15-2017\\\/#primaryimage\"},\"thumbnailUrl\":\"https:\\\/\\\/i0.wp.com\\\/stemeric.com\\\/wp-content\\\/uploads\\\/2017\\\/01\\\/Urunk-Megkeresztelked%C3%A9se.jpg?fit=800%2C522&ssl=1\",\"articleSection\":[\"\u00c9rtes\u00edt\u0151\"],\"inLanguage\":\"hu\",\"potentialAction\":[{\"@type\":\"CommentAction\",\"name\":\"Comment\",\"target\":[\"https:\\\/\\\/stemeric.com\\\/second-sunday-ordinary-time-january-15-2017\\\/#respond\"]}]},{\"@type\":\"WebPage\",\"@id\":\"https:\\\/\\\/stemeric.com\\\/second-sunday-ordinary-time-january-15-2017\\\/\",\"url\":\"https:\\\/\\\/stemeric.com\\\/second-sunday-ordinary-time-january-15-2017\\\/\",\"name\":\"\u00c9vk\u00f6zi m\u00e1sodik vas\u00e1rnap, 2017. janu\u00e1r 15. - St. Emeric Church\",\"isPartOf\":{\"@id\":\"https:\\\/\\\/stemeric.com\\\/#website\"},\"primaryImageOfPage\":{\"@id\":\"https:\\\/\\\/stemeric.com\\\/second-sunday-ordinary-time-january-15-2017\\\/#primaryimage\"},\"image\":{\"@id\":\"https:\\\/\\\/stemeric.com\\\/second-sunday-ordinary-time-january-15-2017\\\/#primaryimage\"},\"thumbnailUrl\":\"https:\\\/\\\/i0.wp.com\\\/stemeric.com\\\/wp-content\\\/uploads\\\/2017\\\/01\\\/Urunk-Megkeresztelked%C3%A9se.jpg?fit=800%2C522&ssl=1\",\"datePublished\":\"2017-01-15T01:43:36+00:00\",\"dateModified\":\"2017-01-15T01:47:58+00:00\",\"breadcrumb\":{\"@id\":\"https:\\\/\\\/stemeric.com\\\/second-sunday-ordinary-time-january-15-2017\\\/#breadcrumb\"},\"inLanguage\":\"hu\",\"potentialAction\":[{\"@type\":\"ReadAction\",\"target\":[\"https:\\\/\\\/stemeric.com\\\/second-sunday-ordinary-time-january-15-2017\\\/\"]}]},{\"@type\":\"ImageObject\",\"inLanguage\":\"hu\",\"@id\":\"https:\\\/\\\/stemeric.com\\\/second-sunday-ordinary-time-january-15-2017\\\/#primaryimage\",\"url\":\"https:\\\/\\\/i0.wp.com\\\/stemeric.com\\\/wp-content\\\/uploads\\\/2017\\\/01\\\/Urunk-Megkeresztelked%C3%A9se.jpg?fit=800%2C522&ssl=1\",\"contentUrl\":\"https:\\\/\\\/i0.wp.com\\\/stemeric.com\\\/wp-content\\\/uploads\\\/2017\\\/01\\\/Urunk-Megkeresztelked%C3%A9se.jpg?fit=800%2C522&ssl=1\",\"width\":800,\"height\":522},{\"@type\":\"BreadcrumbList\",\"@id\":\"https:\\\/\\\/stemeric.com\\\/second-sunday-ordinary-time-january-15-2017\\\/#breadcrumb\",\"itemListElement\":[{\"@type\":\"ListItem\",\"position\":1,\"name\":\"Home\",\"item\":\"https:\\\/\\\/stemeric.com\\\/hu\\\/\"},{\"@type\":\"ListItem\",\"position\":2,\"name\":\"\u00c9vk\u00f6zi m\u00e1sodik vas\u00e1rnap, 2017. janu\u00e1r 15.\"}]},{\"@type\":\"WebSite\",\"@id\":\"https:\\\/\\\/stemeric.com\\\/#website\",\"url\":\"https:\\\/\\\/stemeric.com\\\/\",\"name\":\"St. Emeric Church\",\"description\":\"Szent Imre R\u00f3mai Katolikus Magyar Egyh\u00e1zk\u00f6zs\u00e9g\",\"publisher\":{\"@id\":\"https:\\\/\\\/stemeric.com\\\/#organization\"},\"potentialAction\":[{\"@type\":\"SearchAction\",\"target\":{\"@type\":\"EntryPoint\",\"urlTemplate\":\"https:\\\/\\\/stemeric.com\\\/?s={search_term_string}\"},\"query-input\":{\"@type\":\"PropertyValueSpecification\",\"valueRequired\":true,\"valueName\":\"search_term_string\"}}],\"inLanguage\":\"hu\"},{\"@type\":\"Organization\",\"@id\":\"https:\\\/\\\/stemeric.com\\\/#organization\",\"name\":\"St. Emeric Church\",\"url\":\"https:\\\/\\\/stemeric.com\\\/\",\"logo\":{\"@type\":\"ImageObject\",\"inLanguage\":\"hu\",\"@id\":\"https:\\\/\\\/stemeric.com\\\/#\\\/schema\\\/logo\\\/image\\\/\",\"url\":\"https:\\\/\\\/stemeric.com\\\/wp-content\\\/uploads\\\/2015\\\/11\\\/SzentImre4.png\",\"contentUrl\":\"https:\\\/\\\/stemeric.com\\\/wp-content\\\/uploads\\\/2015\\\/11\\\/SzentImre4.png\",\"width\":800,\"height\":167,\"caption\":\"St. Emeric Church\"},\"image\":{\"@id\":\"https:\\\/\\\/stemeric.com\\\/#\\\/schema\\\/logo\\\/image\\\/\"},\"sameAs\":[\"https:\\\/\\\/www.facebook.com\\\/saintemeric\"]},{\"@type\":\"Person\",\"@id\":\"https:\\\/\\\/stemeric.com\\\/#\\\/schema\\\/person\\\/a9129aeb3a3d72fc6b7a387c4252eeb7\",\"name\":\"Fr. Andras Mezei\",\"image\":{\"@type\":\"ImageObject\",\"inLanguage\":\"hu\",\"@id\":\"https:\\\/\\\/secure.gravatar.com\\\/avatar\\\/f2d48dce47b76c650bfce345a02e13ea58588c82f63ca35fd6d53776005ab90a?s=96&d=mm&r=g\",\"url\":\"https:\\\/\\\/secure.gravatar.com\\\/avatar\\\/f2d48dce47b76c650bfce345a02e13ea58588c82f63ca35fd6d53776005ab90a?s=96&d=mm&r=g\",\"contentUrl\":\"https:\\\/\\\/secure.gravatar.com\\\/avatar\\\/f2d48dce47b76c650bfce345a02e13ea58588c82f63ca35fd6d53776005ab90a?s=96&d=mm&r=g\",\"caption\":\"Fr. Andras Mezei\"},\"url\":\"https:\\\/\\\/stemeric.com\\\/hu\\\/author\\\/mezeiandras\\\/\"}]}<\/script>\n<!-- \/ Yoast SEO plugin. -->","yoast_head_json":{"title":"\u00c9vk\u00f6zi m\u00e1sodik vas\u00e1rnap, 2017. janu\u00e1r 15. - St. Emeric Church","robots":{"index":"index","follow":"follow","max-snippet":"max-snippet:-1","max-image-preview":"max-image-preview:large","max-video-preview":"max-video-preview:-1"},"canonical":"https:\/\/stemeric.com\/second-sunday-ordinary-time-january-15-2017\/","og_locale":"hu_HU","og_type":"article","og_title":"\u00c9vk\u00f6zi m\u00e1sodik vas\u00e1rnap, 2017. janu\u00e1r 15. - St. Emeric Church","og_description":"2nd Sunday in Ordinary Time \u2013 2017. Janu\u00e1r 15. \u2013 \u00c9vk\u00f6zi 2. vas\u00e1rnap V\u00c1LASZOS ZSOLT\u00c1R: \u00cdme elj\u00f6v\u00f6k, Uram,* hogy teljes\u00edtsem azt,\u00a0amit k\u00edv\u00e1nsz. TODAY\u2019S \u00a0MASS: 11:00 AM, for Lida Mae Petrella, by Jol\u00e1n Profusz and Family MASS INTENTIONS FOR THE COMING WEEK:\u00a0 January 16 Monday \u00a09:00 \u00a0\u00a0AM For Julianna Tam\u00e1s Sz\u00f3ra January 18 Wednesday \u00a09:00 \u00a0\u00a0AM [&hellip;]","og_url":"https:\/\/stemeric.com\/second-sunday-ordinary-time-january-15-2017\/","og_site_name":"St. Emeric Church","article_publisher":"https:\/\/www.facebook.com\/saintemeric","article_published_time":"2017-01-15T01:43:36+00:00","article_modified_time":"2017-01-15T01:47:58+00:00","og_image":[{"width":800,"height":522,"url":"https:\/\/stemeric.com\/wp-content\/uploads\/2017\/01\/Urunk-Megkeresztelked\u00e9se.jpg","type":"image\/jpeg"}],"author":"Fr. Andras Mezei","twitter_card":"summary_large_image","twitter_misc":{"Szerz\u0151:":"Fr. Andras Mezei","Becs\u00fclt olvas\u00e1si id\u0151":"3 perc"},"schema":{"@context":"https:\/\/schema.org","@graph":[{"@type":"Article","@id":"https:\/\/stemeric.com\/second-sunday-ordinary-time-january-15-2017\/#article","isPartOf":{"@id":"https:\/\/stemeric.com\/second-sunday-ordinary-time-january-15-2017\/"},"author":{"name":"Fr. Andras Mezei","@id":"https:\/\/stemeric.com\/#\/schema\/person\/a9129aeb3a3d72fc6b7a387c4252eeb7"},"headline":"\u00c9vk\u00f6zi m\u00e1sodik vas\u00e1rnap, 2017. janu\u00e1r 15.","datePublished":"2017-01-15T01:43:36+00:00","dateModified":"2017-01-15T01:47:58+00:00","mainEntityOfPage":{"@id":"https:\/\/stemeric.com\/second-sunday-ordinary-time-january-15-2017\/"},"wordCount":606,"commentCount":0,"publisher":{"@id":"https:\/\/stemeric.com\/#organization"},"image":{"@id":"https:\/\/stemeric.com\/second-sunday-ordinary-time-january-15-2017\/#primaryimage"},"thumbnailUrl":"https:\/\/i0.wp.com\/stemeric.com\/wp-content\/uploads\/2017\/01\/Urunk-Megkeresztelked%C3%A9se.jpg?fit=800%2C522&ssl=1","articleSection":["\u00c9rtes\u00edt\u0151"],"inLanguage":"hu","potentialAction":[{"@type":"CommentAction","name":"Comment","target":["https:\/\/stemeric.com\/second-sunday-ordinary-time-january-15-2017\/#respond"]}]},{"@type":"WebPage","@id":"https:\/\/stemeric.com\/second-sunday-ordinary-time-january-15-2017\/","url":"https:\/\/stemeric.com\/second-sunday-ordinary-time-january-15-2017\/","name":"\u00c9vk\u00f6zi m\u00e1sodik vas\u00e1rnap, 2017. janu\u00e1r 15. - St. Emeric Church","isPartOf":{"@id":"https:\/\/stemeric.com\/#website"},"primaryImageOfPage":{"@id":"https:\/\/stemeric.com\/second-sunday-ordinary-time-january-15-2017\/#primaryimage"},"image":{"@id":"https:\/\/stemeric.com\/second-sunday-ordinary-time-january-15-2017\/#primaryimage"},"thumbnailUrl":"https:\/\/i0.wp.com\/stemeric.com\/wp-content\/uploads\/2017\/01\/Urunk-Megkeresztelked%C3%A9se.jpg?fit=800%2C522&ssl=1","datePublished":"2017-01-15T01:43:36+00:00","dateModified":"2017-01-15T01:47:58+00:00","breadcrumb":{"@id":"https:\/\/stemeric.com\/second-sunday-ordinary-time-january-15-2017\/#breadcrumb"},"inLanguage":"hu","potentialAction":[{"@type":"ReadAction","target":["https:\/\/stemeric.com\/second-sunday-ordinary-time-january-15-2017\/"]}]},{"@type":"ImageObject","inLanguage":"hu","@id":"https:\/\/stemeric.com\/second-sunday-ordinary-time-january-15-2017\/#primaryimage","url":"https:\/\/i0.wp.com\/stemeric.com\/wp-content\/uploads\/2017\/01\/Urunk-Megkeresztelked%C3%A9se.jpg?fit=800%2C522&ssl=1","contentUrl":"https:\/\/i0.wp.com\/stemeric.com\/wp-content\/uploads\/2017\/01\/Urunk-Megkeresztelked%C3%A9se.jpg?fit=800%2C522&ssl=1","width":800,"height":522},{"@type":"BreadcrumbList","@id":"https:\/\/stemeric.com\/second-sunday-ordinary-time-january-15-2017\/#breadcrumb","itemListElement":[{"@type":"ListItem","position":1,"name":"Home","item":"https:\/\/stemeric.com\/hu\/"},{"@type":"ListItem","position":2,"name":"\u00c9vk\u00f6zi m\u00e1sodik vas\u00e1rnap, 2017. janu\u00e1r 15."}]},{"@type":"WebSite","@id":"https:\/\/stemeric.com\/#website","url":"https:\/\/stemeric.com\/","name":"St. Emeric Church","description":"Szent Imre R\u00f3mai Katolikus Magyar Egyh\u00e1zk\u00f6zs\u00e9g","publisher":{"@id":"https:\/\/stemeric.com\/#organization"},"potentialAction":[{"@type":"SearchAction","target":{"@type":"EntryPoint","urlTemplate":"https:\/\/stemeric.com\/?s={search_term_string}"},"query-input":{"@type":"PropertyValueSpecification","valueRequired":true,"valueName":"search_term_string"}}],"inLanguage":"hu"},{"@type":"Organization","@id":"https:\/\/stemeric.com\/#organization","name":"St. Emeric Church","url":"https:\/\/stemeric.com\/","logo":{"@type":"ImageObject","inLanguage":"hu","@id":"https:\/\/stemeric.com\/#\/schema\/logo\/image\/","url":"https:\/\/stemeric.com\/wp-content\/uploads\/2015\/11\/SzentImre4.png","contentUrl":"https:\/\/stemeric.com\/wp-content\/uploads\/2015\/11\/SzentImre4.png","width":800,"height":167,"caption":"St. Emeric Church"},"image":{"@id":"https:\/\/stemeric.com\/#\/schema\/logo\/image\/"},"sameAs":["https:\/\/www.facebook.com\/saintemeric"]},{"@type":"Person","@id":"https:\/\/stemeric.com\/#\/schema\/person\/a9129aeb3a3d72fc6b7a387c4252eeb7","name":"Fr. Andras Mezei","image":{"@type":"ImageObject","inLanguage":"hu","@id":"https:\/\/secure.gravatar.com\/avatar\/f2d48dce47b76c650bfce345a02e13ea58588c82f63ca35fd6d53776005ab90a?s=96&d=mm&r=g","url":"https:\/\/secure.gravatar.com\/avatar\/f2d48dce47b76c650bfce345a02e13ea58588c82f63ca35fd6d53776005ab90a?s=96&d=mm&r=g","contentUrl":"https:\/\/secure.gravatar.com\/avatar\/f2d48dce47b76c650bfce345a02e13ea58588c82f63ca35fd6d53776005ab90a?s=96&d=mm&r=g","caption":"Fr. Andras Mezei"},"url":"https:\/\/stemeric.com\/hu\/author\/mezeiandras\/"}]}},"jetpack_publicize_connections":[],"jetpack_featured_media_url":"https:\/\/i0.wp.com\/stemeric.com\/wp-content\/uploads\/2017\/01\/Urunk-Megkeresztelked%C3%A9se.jpg?fit=800%2C522&ssl=1","jetpack_sharing_enabled":true,"jetpack_shortlink":"https:\/\/wp.me\/pffxLh-zh","_links":{"self":[{"href":"https:\/\/stemeric.com\/hu\/wp-json\/wp\/v2\/posts\/2187","targetHints":{"allow":["GET"]}}],"collection":[{"href":"https:\/\/stemeric.com\/hu\/wp-json\/wp\/v2\/posts"}],"about":[{"href":"https:\/\/stemeric.com\/hu\/wp-json\/wp\/v2\/types\/post"}],"author":[{"embeddable":true,"href":"https:\/\/stemeric.com\/hu\/wp-json\/wp\/v2\/users\/3"}],"replies":[{"embeddable":true,"href":"https:\/\/stemeric.com\/hu\/wp-json\/wp\/v2\/comments?post=2187"}],"version-history":[{"count":1,"href":"https:\/\/stemeric.com\/hu\/wp-json\/wp\/v2\/posts\/2187\/revisions"}],"predecessor-version":[{"id":2188,"href":"https:\/\/stemeric.com\/hu\/wp-json\/wp\/v2\/posts\/2187\/revisions\/2188"}],"wp:featuredmedia":[{"embeddable":true,"href":"https:\/\/stemeric.com\/hu\/wp-json\/wp\/v2\/media\/2184"}],"wp:attachment":[{"href":"https:\/\/stemeric.com\/hu\/wp-json\/wp\/v2\/media?parent=2187"}],"wp:term":[{"taxonomy":"category","embeddable":true,"href":"https:\/\/stemeric.com\/hu\/wp-json\/wp\/v2\/categories?post=2187"},{"taxonomy":"post_tag","embeddable":true,"href":"https:\/\/stemeric.com\/hu\/wp-json\/wp\/v2\/tags?post=2187"}],"curies":[{"name":"wp","href":"https:\/\/api.w.org\/{rel}","templated":true}]}}