{"id":2688,"date":"2017-08-12T23:39:58","date_gmt":"2017-08-13T03:39:58","guid":{"rendered":"https:\/\/stemeric.com\/?p=2688\/"},"modified":"2017-08-15T22:59:12","modified_gmt":"2017-08-16T02:59:12","slug":"evkozi-19-vasarnap-2017-augusztus-13","status":"publish","type":"post","link":"https:\/\/stemeric.com\/hu\/evkozi-19-vasarnap-2017-augusztus-13\/","title":{"rendered":"\u00c9vk\u00f6zi 19. vas\u00e1rnap &#8211; 2017. augusztus 13."},"content":{"rendered":"<p><a href=\"https:\/\/stemeric.com\/hu\/evkozi-19-vasarnap-2017-augusztus-13\/jezus-a-vizen-jar\/\" rel=\"attachment wp-att-2689\"><img data-recalc-dims=\"1\" decoding=\"async\" class=\"alignnone size-medium wp-image-2689 lazyload\" data-src=\"https:\/\/i0.wp.com\/stemeric.com\/wp-content\/uploads\/2017\/08\/J%C3%A9zus-a-vizen-j%C3%A1r.jpg?resize=230%2C300&#038;ssl=1\" alt=\"\" width=\"230\" height=\"300\" data-srcset=\"https:\/\/i0.wp.com\/stemeric.com\/wp-content\/uploads\/2017\/08\/J%C3%A9zus-a-vizen-j%C3%A1r.jpg?resize=230%2C300&amp;ssl=1 230w, https:\/\/i0.wp.com\/stemeric.com\/wp-content\/uploads\/2017\/08\/J%C3%A9zus-a-vizen-j%C3%A1r.jpg?w=536&amp;ssl=1 536w\" data-sizes=\"(max-width: 230px) 100vw, 230px\" src=\"data:image\/svg+xml;base64,PHN2ZyB3aWR0aD0iMSIgaGVpZ2h0PSIxIiB4bWxucz0iaHR0cDovL3d3dy53My5vcmcvMjAwMC9zdmciPjwvc3ZnPg==\" style=\"--smush-placeholder-width: 230px; --smush-placeholder-aspect-ratio: 230\/300;\" \/><\/a><\/p>\n<h5>19<sup>th<\/sup> SUNDAY IN ORDINARY TIME\u00a0\u00a0 &#8211; \u00a0\u00a0AUGUST 13, 2017\u00a0\u00a0 &#8211;\u00a0\u00a0\u00a0\u00a0\u00c9VK\u00d6ZI 19. VAS\u00c1RNAP<\/h5>\n<h5>V\u00c1LASZOS ZSOLT\u00c1R: Urunk, mutasd meg nek\u00fcnk irgalmas sz\u00edvedet * \u00e9s \u00fcdv\u00f6ss\u00e9g\u00fcnket add meg n\u00e9k\u00fcnk!<\/h5>\n<h5>RESPONSORIAL PSALM: Lord, let us see your kindness, and grant us your salvation.<\/h5>\n<h5>THIS SUNDAY\u2019S MASS: 11:00 AM, For Erzs\u00e9bet Simon, by Altar Guild<\/h5>\n<p><strong><u>MASS INTENTIONS FOR THE COMING WEEK:\u00a0 <\/u><\/strong><\/p>\n<table>\n<tbody>\n<tr>\n<td width=\"77\">August<\/td>\n<td width=\"36\">14<\/td>\n<td width=\"102\">Monday<\/td>\n<td width=\"82\">\u00a09:00 \u00a0\u00a0AM<\/td>\n<td width=\"339\">No Mass (ITT-OTT convention) Lake Hope<\/td>\n<\/tr>\n<tr>\n<td width=\"77\"><strong>August<\/strong><\/td>\n<td width=\"36\"><strong>15<\/strong><\/td>\n<td width=\"102\"><strong>Tuesday <\/strong><\/td>\n<td width=\"82\"><strong>\u00a07:00\u00a0\u00a0 PM<\/strong><\/td>\n<td width=\"339\">For Ferenc and Anna Moln\u00e1r, by Hunyadi Family<\/td>\n<\/tr>\n<tr>\n<td width=\"77\">August<\/td>\n<td width=\"36\">16<\/td>\n<td width=\"102\">Wednesday<\/td>\n<td width=\"82\">\u00a09:00 \u00a0\u00a0AM<\/td>\n<td width=\"339\">For the sick<\/td>\n<\/tr>\n<tr>\n<td width=\"77\">August<\/td>\n<td width=\"36\">18<\/td>\n<td width=\"102\">Friday<\/td>\n<td width=\"82\"><strong>\u00a0<\/strong>9:00\u00a0 \u00a0AM<\/td>\n<td width=\"339\">For priestly vocations<\/td>\n<\/tr>\n<tr>\n<td width=\"77\"><strong>August<\/strong><\/td>\n<td width=\"36\"><strong>19<\/strong><\/td>\n<td width=\"102\"><strong>Saturday<\/strong><\/td>\n<td width=\"82\">\u00a03:00\u00a0\u00a0 PM<\/td>\n<td width=\"339\">Ecumenical liturgy,<\/td>\n<\/tr>\n<tr>\n<td width=\"77\">August<\/td>\n<td width=\"36\">20<\/td>\n<td width=\"102\">Sunday<\/td>\n<td width=\"82\">11:00\u00a0 AM<\/td>\n<td width=\"339\">For the Hungarian Nation<\/p>\n<p>&nbsp;<\/td>\n<\/tr>\n<\/tbody>\n<\/table>\n<p>&nbsp;<\/p>\n<p>&nbsp;<\/p>\n<p>&nbsp;<\/p>\n<p><strong><u>A \u00a0SZENT IMRE R\u00d3MAI KATOLIKUS MAGYAR EGYH\u00c1ZK\u00d6ZS\u00c9G \u00c9RTES\u00cdT\u0150JE<\/u><\/strong><\/p>\n<p><strong><u>SZENTGY\u00d3N\u00c1S:<\/u><\/strong> A szentmis\u00e9k el\u0151tt, illetve megbesz\u00e9l\u00e9s szerint lehet szentgy\u00f3n\u00e1st v\u00e9gezni.<\/p>\n<p>&nbsp;<\/p>\n<p><strong><u>ITT<\/u><\/strong><u>&#8211;<strong>OTT<\/strong><\/u>: A Magyar Bar\u00e1ti K\u00f6z\u00f6ss\u00e9g vezet\u0151s\u00e9ge szeretettel megh\u00edv mindenkit az ITT-OTT Tal\u00e1lkoz\u00f3ra, melyet\u00a0 2017. augusztus 12-19. k\u00f6z\u00f6tt tart meg, a szok\u00e1sos Ohio-i Lake Hope State Park &#8211; ban. A tal\u00e1lkoz\u00f3 m\u00e1r t\u00f6bb mint harminc \u00e9ve \u00e9rtelmis\u00e9gi programok mellett lehet\u0151s\u00e9get ny\u00fajt csal\u00e1dok k\u00f6z\u00f6s nyaral\u00e1s\u00e1ra. Tal\u00e1lkoz\u00f3 vez\u00e9rgondolata:\u00a0\u00a0 Zene, \u00c9let, L\u00e9lek.\u200b\u00a0\u00a0\u00a0\u00a0\u00a0\u00a0\u00a0 R\u00e9szletek a <a href=\"https:\/\/www.itt-ott.org\/hu\">https:\/\/www.itt-ott.org\/hu<\/a>\u00a0\u00a0 weboldalon.<\/p>\n<p><strong><u>62.CSERK\u00c9SZNAP: <\/u><\/strong>Szept. 3-\u00e1n, vas\u00e1rnap lesz a cserk\u00e9sznap, amelyre mindenkit szeretettel h\u00edvnak. R\u00e9szletek a hirdet\u0151t\u00e1bl\u00e1n.<\/p>\n<p><strong><u>NAGYBOLDOGASSZONY &#8211; K\u00d6TELEZ\u0150 F\u0150\u00dcNNEP<\/u><\/strong>: A Boldogs\u00e1gos Sz\u0171z M\u00e1ria mennybevitele f\u0151\u00fcnnep a M\u00e1ria-\u00fcnnepek k\u00f6z\u00f6tt. XII. Piusz p\u00e1pa hirdette ki 1950-ben hitt\u00e9telk\u00e9nt, hogy hal\u00e1la ut\u00e1n M\u00e1ria f\u00f6lvitetett a mennybe an\u00e9lk\u00fcl, hogy teste roml\u00e1st l\u00e1tott volna. A kr\u00f3nik\u00e1k szerint Szent Istv\u00e1n kir\u00e1ly e napon, augusztus 15-\u00e9n aj\u00e1nlotta Magyarorsz\u00e1got a Sz\u0171zanya oltalm\u00e1ba, \u00e9s Nagyboldogasszony napj\u00e1n hunyt el, 1038-ban.<\/p>\n<p><strong>AKIK A H\u00c9TEN \u00dcNNEPLIK SZ\u00dcLET\u00c9S VAGY N\u00c9VNAPJUKAT, AZOK SZ\u00c1M\u00c1RA ISTEN \u00c1LD\u00c1S\u00c1T K\u00c9RJ\u00dcK<\/strong><\/p>\n","protected":false},"excerpt":{"rendered":"<p>19th SUNDAY IN ORDINARY TIME\u00a0\u00a0 &#8211; \u00a0\u00a0AUGUST 13, 2017\u00a0\u00a0 &#8211;\u00a0\u00a0\u00a0\u00a0\u00c9VK\u00d6ZI 19. VAS\u00c1RNAP V\u00c1LASZOS ZSOLT\u00c1R: Urunk, mutasd meg nek\u00fcnk irgalmas sz\u00edvedet * \u00e9s \u00fcdv\u00f6ss\u00e9g\u00fcnket add meg n\u00e9k\u00fcnk! RESPONSORIAL PSALM: Lord, let us see your kindness, and grant us your salvation. THIS SUNDAY\u2019S MASS: 11:00 AM, For Erzs\u00e9bet Simon, by Altar Guild MASS INTENTIONS FOR THE COMING [&hellip;]<\/p>\n","protected":false},"author":3,"featured_media":2689,"comment_status":"open","ping_status":"open","sticky":false,"template":"","format":"standard","meta":{"jetpack_post_was_ever_published":false,"_jetpack_newsletter_access":"","_jetpack_dont_email_post_to_subs":false,"_jetpack_newsletter_tier_id":0,"_jetpack_memberships_contains_paywalled_content":false,"_jetpack_memberships_contains_paid_content":false,"footnotes":"","jetpack_publicize_message":"","jetpack_publicize_feature_enabled":true,"jetpack_social_post_already_shared":true,"jetpack_social_options":{"image_generator_settings":{"template":"highway","default_image_id":0,"font":"","enabled":false},"version":2}},"categories":[12],"tags":[],"class_list":["post-2688","post","type-post","status-publish","format-standard","has-post-thumbnail","hentry","category-ertesito"],"yoast_head":"<!-- This site is optimized with the Yoast SEO plugin v27.4 - https:\/\/yoast.com\/product\/yoast-seo-wordpress\/ -->\n<title>\u00c9vk\u00f6zi 19. vas\u00e1rnap - 2017. augusztus 13. - St. Emeric Church<\/title>\n<meta name=\"robots\" content=\"index, follow, max-snippet:-1, max-image-preview:large, max-video-preview:-1\" \/>\n<link rel=\"canonical\" href=\"https:\/\/stemeric.com\/19th-sunday-ordinary-time-august-13-2017\/\" \/>\n<meta property=\"og:locale\" content=\"hu_HU\" \/>\n<meta property=\"og:type\" content=\"article\" \/>\n<meta property=\"og:title\" content=\"\u00c9vk\u00f6zi 19. vas\u00e1rnap - 2017. augusztus 13. - St. Emeric Church\" \/>\n<meta property=\"og:description\" content=\"19th SUNDAY IN ORDINARY TIME\u00a0\u00a0 &#8211; \u00a0\u00a0AUGUST 13, 2017\u00a0\u00a0 &#8211;\u00a0\u00a0\u00a0\u00a0\u00c9VK\u00d6ZI 19. VAS\u00c1RNAP V\u00c1LASZOS ZSOLT\u00c1R: Urunk, mutasd meg nek\u00fcnk irgalmas sz\u00edvedet * \u00e9s \u00fcdv\u00f6ss\u00e9g\u00fcnket add meg n\u00e9k\u00fcnk! RESPONSORIAL PSALM: Lord, let us see your kindness, and grant us your salvation. THIS SUNDAY\u2019S MASS: 11:00 AM, For Erzs\u00e9bet Simon, by Altar Guild MASS INTENTIONS FOR THE COMING [&hellip;]\" \/>\n<meta property=\"og:url\" content=\"https:\/\/stemeric.com\/19th-sunday-ordinary-time-august-13-2017\/\" \/>\n<meta property=\"og:site_name\" content=\"St. Emeric Church\" \/>\n<meta property=\"article:publisher\" content=\"https:\/\/www.facebook.com\/saintemeric\" \/>\n<meta property=\"article:published_time\" content=\"2017-08-13T03:39:58+00:00\" \/>\n<meta property=\"article:modified_time\" content=\"2017-08-16T02:59:12+00:00\" \/>\n<meta property=\"og:image\" content=\"https:\/\/stemeric.com\/wp-content\/uploads\/2017\/08\/J\u00e9zus-a-vizen-j\u00e1r.jpg\" \/>\n\t<meta property=\"og:image:width\" content=\"536\" \/>\n\t<meta property=\"og:image:height\" content=\"700\" \/>\n\t<meta property=\"og:image:type\" content=\"image\/jpeg\" \/>\n<meta name=\"author\" content=\"Fr. Andras Mezei\" \/>\n<meta name=\"twitter:card\" content=\"summary_large_image\" \/>\n<meta name=\"twitter:label1\" content=\"Szerz\u0151:\" \/>\n\t<meta name=\"twitter:data1\" content=\"Fr. Andras Mezei\" \/>\n\t<meta name=\"twitter:label2\" content=\"Becs\u00fclt olvas\u00e1si id\u0151\" \/>\n\t<meta name=\"twitter:data2\" content=\"2 perc\" \/>\n<script type=\"application\/ld+json\" class=\"yoast-schema-graph\">{\"@context\":\"https:\\\/\\\/schema.org\",\"@graph\":[{\"@type\":\"Article\",\"@id\":\"https:\\\/\\\/stemeric.com\\\/19th-sunday-ordinary-time-august-13-2017\\\/#article\",\"isPartOf\":{\"@id\":\"https:\\\/\\\/stemeric.com\\\/19th-sunday-ordinary-time-august-13-2017\\\/\"},\"author\":{\"name\":\"Fr. Andras Mezei\",\"@id\":\"https:\\\/\\\/stemeric.com\\\/#\\\/schema\\\/person\\\/a9129aeb3a3d72fc6b7a387c4252eeb7\"},\"headline\":\"\u00c9vk\u00f6zi 19. vas\u00e1rnap &#8211; 2017. augusztus 13.\",\"datePublished\":\"2017-08-13T03:39:58+00:00\",\"dateModified\":\"2017-08-16T02:59:12+00:00\",\"mainEntityOfPage\":{\"@id\":\"https:\\\/\\\/stemeric.com\\\/19th-sunday-ordinary-time-august-13-2017\\\/\"},\"wordCount\":368,\"commentCount\":0,\"publisher\":{\"@id\":\"https:\\\/\\\/stemeric.com\\\/#organization\"},\"image\":{\"@id\":\"https:\\\/\\\/stemeric.com\\\/19th-sunday-ordinary-time-august-13-2017\\\/#primaryimage\"},\"thumbnailUrl\":\"https:\\\/\\\/i0.wp.com\\\/stemeric.com\\\/wp-content\\\/uploads\\\/2017\\\/08\\\/J%C3%A9zus-a-vizen-j%C3%A1r.jpg?fit=536%2C700&ssl=1\",\"articleSection\":[\"\u00c9rtes\u00edt\u0151\"],\"inLanguage\":\"hu\",\"potentialAction\":[{\"@type\":\"CommentAction\",\"name\":\"Comment\",\"target\":[\"https:\\\/\\\/stemeric.com\\\/19th-sunday-ordinary-time-august-13-2017\\\/#respond\"]}]},{\"@type\":\"WebPage\",\"@id\":\"https:\\\/\\\/stemeric.com\\\/19th-sunday-ordinary-time-august-13-2017\\\/\",\"url\":\"https:\\\/\\\/stemeric.com\\\/19th-sunday-ordinary-time-august-13-2017\\\/\",\"name\":\"\u00c9vk\u00f6zi 19. vas\u00e1rnap - 2017. augusztus 13. - St. Emeric Church\",\"isPartOf\":{\"@id\":\"https:\\\/\\\/stemeric.com\\\/#website\"},\"primaryImageOfPage\":{\"@id\":\"https:\\\/\\\/stemeric.com\\\/19th-sunday-ordinary-time-august-13-2017\\\/#primaryimage\"},\"image\":{\"@id\":\"https:\\\/\\\/stemeric.com\\\/19th-sunday-ordinary-time-august-13-2017\\\/#primaryimage\"},\"thumbnailUrl\":\"https:\\\/\\\/i0.wp.com\\\/stemeric.com\\\/wp-content\\\/uploads\\\/2017\\\/08\\\/J%C3%A9zus-a-vizen-j%C3%A1r.jpg?fit=536%2C700&ssl=1\",\"datePublished\":\"2017-08-13T03:39:58+00:00\",\"dateModified\":\"2017-08-16T02:59:12+00:00\",\"breadcrumb\":{\"@id\":\"https:\\\/\\\/stemeric.com\\\/19th-sunday-ordinary-time-august-13-2017\\\/#breadcrumb\"},\"inLanguage\":\"hu\",\"potentialAction\":[{\"@type\":\"ReadAction\",\"target\":[\"https:\\\/\\\/stemeric.com\\\/19th-sunday-ordinary-time-august-13-2017\\\/\"]}]},{\"@type\":\"ImageObject\",\"inLanguage\":\"hu\",\"@id\":\"https:\\\/\\\/stemeric.com\\\/19th-sunday-ordinary-time-august-13-2017\\\/#primaryimage\",\"url\":\"https:\\\/\\\/i0.wp.com\\\/stemeric.com\\\/wp-content\\\/uploads\\\/2017\\\/08\\\/J%C3%A9zus-a-vizen-j%C3%A1r.jpg?fit=536%2C700&ssl=1\",\"contentUrl\":\"https:\\\/\\\/i0.wp.com\\\/stemeric.com\\\/wp-content\\\/uploads\\\/2017\\\/08\\\/J%C3%A9zus-a-vizen-j%C3%A1r.jpg?fit=536%2C700&ssl=1\",\"width\":536,\"height\":700},{\"@type\":\"BreadcrumbList\",\"@id\":\"https:\\\/\\\/stemeric.com\\\/19th-sunday-ordinary-time-august-13-2017\\\/#breadcrumb\",\"itemListElement\":[{\"@type\":\"ListItem\",\"position\":1,\"name\":\"Home\",\"item\":\"https:\\\/\\\/stemeric.com\\\/hu\\\/\"},{\"@type\":\"ListItem\",\"position\":2,\"name\":\"\u00c9vk\u00f6zi 19. vas\u00e1rnap &#8211; 2017. augusztus 13.\"}]},{\"@type\":\"WebSite\",\"@id\":\"https:\\\/\\\/stemeric.com\\\/#website\",\"url\":\"https:\\\/\\\/stemeric.com\\\/\",\"name\":\"St. Emeric Church\",\"description\":\"Szent Imre R\u00f3mai Katolikus Magyar Egyh\u00e1zk\u00f6zs\u00e9g\",\"publisher\":{\"@id\":\"https:\\\/\\\/stemeric.com\\\/#organization\"},\"potentialAction\":[{\"@type\":\"SearchAction\",\"target\":{\"@type\":\"EntryPoint\",\"urlTemplate\":\"https:\\\/\\\/stemeric.com\\\/?s={search_term_string}\"},\"query-input\":{\"@type\":\"PropertyValueSpecification\",\"valueRequired\":true,\"valueName\":\"search_term_string\"}}],\"inLanguage\":\"hu\"},{\"@type\":\"Organization\",\"@id\":\"https:\\\/\\\/stemeric.com\\\/#organization\",\"name\":\"St. Emeric Church\",\"url\":\"https:\\\/\\\/stemeric.com\\\/\",\"logo\":{\"@type\":\"ImageObject\",\"inLanguage\":\"hu\",\"@id\":\"https:\\\/\\\/stemeric.com\\\/#\\\/schema\\\/logo\\\/image\\\/\",\"url\":\"https:\\\/\\\/stemeric.com\\\/wp-content\\\/uploads\\\/2015\\\/11\\\/SzentImre4.png\",\"contentUrl\":\"https:\\\/\\\/stemeric.com\\\/wp-content\\\/uploads\\\/2015\\\/11\\\/SzentImre4.png\",\"width\":800,\"height\":167,\"caption\":\"St. Emeric Church\"},\"image\":{\"@id\":\"https:\\\/\\\/stemeric.com\\\/#\\\/schema\\\/logo\\\/image\\\/\"},\"sameAs\":[\"https:\\\/\\\/www.facebook.com\\\/saintemeric\"]},{\"@type\":\"Person\",\"@id\":\"https:\\\/\\\/stemeric.com\\\/#\\\/schema\\\/person\\\/a9129aeb3a3d72fc6b7a387c4252eeb7\",\"name\":\"Fr. Andras Mezei\",\"image\":{\"@type\":\"ImageObject\",\"inLanguage\":\"hu\",\"@id\":\"https:\\\/\\\/secure.gravatar.com\\\/avatar\\\/f2d48dce47b76c650bfce345a02e13ea58588c82f63ca35fd6d53776005ab90a?s=96&d=mm&r=g\",\"url\":\"https:\\\/\\\/secure.gravatar.com\\\/avatar\\\/f2d48dce47b76c650bfce345a02e13ea58588c82f63ca35fd6d53776005ab90a?s=96&d=mm&r=g\",\"contentUrl\":\"https:\\\/\\\/secure.gravatar.com\\\/avatar\\\/f2d48dce47b76c650bfce345a02e13ea58588c82f63ca35fd6d53776005ab90a?s=96&d=mm&r=g\",\"caption\":\"Fr. Andras Mezei\"},\"url\":\"https:\\\/\\\/stemeric.com\\\/hu\\\/author\\\/mezeiandras\\\/\"}]}<\/script>\n<!-- \/ Yoast SEO plugin. -->","yoast_head_json":{"title":"\u00c9vk\u00f6zi 19. vas\u00e1rnap - 2017. augusztus 13. - St. Emeric Church","robots":{"index":"index","follow":"follow","max-snippet":"max-snippet:-1","max-image-preview":"max-image-preview:large","max-video-preview":"max-video-preview:-1"},"canonical":"https:\/\/stemeric.com\/19th-sunday-ordinary-time-august-13-2017\/","og_locale":"hu_HU","og_type":"article","og_title":"\u00c9vk\u00f6zi 19. vas\u00e1rnap - 2017. augusztus 13. - St. Emeric Church","og_description":"19th SUNDAY IN ORDINARY TIME\u00a0\u00a0 &#8211; \u00a0\u00a0AUGUST 13, 2017\u00a0\u00a0 &#8211;\u00a0\u00a0\u00a0\u00a0\u00c9VK\u00d6ZI 19. VAS\u00c1RNAP V\u00c1LASZOS ZSOLT\u00c1R: Urunk, mutasd meg nek\u00fcnk irgalmas sz\u00edvedet * \u00e9s \u00fcdv\u00f6ss\u00e9g\u00fcnket add meg n\u00e9k\u00fcnk! RESPONSORIAL PSALM: Lord, let us see your kindness, and grant us your salvation. THIS SUNDAY\u2019S MASS: 11:00 AM, For Erzs\u00e9bet Simon, by Altar Guild MASS INTENTIONS FOR THE COMING [&hellip;]","og_url":"https:\/\/stemeric.com\/19th-sunday-ordinary-time-august-13-2017\/","og_site_name":"St. Emeric Church","article_publisher":"https:\/\/www.facebook.com\/saintemeric","article_published_time":"2017-08-13T03:39:58+00:00","article_modified_time":"2017-08-16T02:59:12+00:00","og_image":[{"width":536,"height":700,"url":"https:\/\/stemeric.com\/wp-content\/uploads\/2017\/08\/J\u00e9zus-a-vizen-j\u00e1r.jpg","type":"image\/jpeg"}],"author":"Fr. Andras Mezei","twitter_card":"summary_large_image","twitter_misc":{"Szerz\u0151:":"Fr. Andras Mezei","Becs\u00fclt olvas\u00e1si id\u0151":"2 perc"},"schema":{"@context":"https:\/\/schema.org","@graph":[{"@type":"Article","@id":"https:\/\/stemeric.com\/19th-sunday-ordinary-time-august-13-2017\/#article","isPartOf":{"@id":"https:\/\/stemeric.com\/19th-sunday-ordinary-time-august-13-2017\/"},"author":{"name":"Fr. Andras Mezei","@id":"https:\/\/stemeric.com\/#\/schema\/person\/a9129aeb3a3d72fc6b7a387c4252eeb7"},"headline":"\u00c9vk\u00f6zi 19. vas\u00e1rnap &#8211; 2017. augusztus 13.","datePublished":"2017-08-13T03:39:58+00:00","dateModified":"2017-08-16T02:59:12+00:00","mainEntityOfPage":{"@id":"https:\/\/stemeric.com\/19th-sunday-ordinary-time-august-13-2017\/"},"wordCount":368,"commentCount":0,"publisher":{"@id":"https:\/\/stemeric.com\/#organization"},"image":{"@id":"https:\/\/stemeric.com\/19th-sunday-ordinary-time-august-13-2017\/#primaryimage"},"thumbnailUrl":"https:\/\/i0.wp.com\/stemeric.com\/wp-content\/uploads\/2017\/08\/J%C3%A9zus-a-vizen-j%C3%A1r.jpg?fit=536%2C700&ssl=1","articleSection":["\u00c9rtes\u00edt\u0151"],"inLanguage":"hu","potentialAction":[{"@type":"CommentAction","name":"Comment","target":["https:\/\/stemeric.com\/19th-sunday-ordinary-time-august-13-2017\/#respond"]}]},{"@type":"WebPage","@id":"https:\/\/stemeric.com\/19th-sunday-ordinary-time-august-13-2017\/","url":"https:\/\/stemeric.com\/19th-sunday-ordinary-time-august-13-2017\/","name":"\u00c9vk\u00f6zi 19. vas\u00e1rnap - 2017. augusztus 13. - St. Emeric Church","isPartOf":{"@id":"https:\/\/stemeric.com\/#website"},"primaryImageOfPage":{"@id":"https:\/\/stemeric.com\/19th-sunday-ordinary-time-august-13-2017\/#primaryimage"},"image":{"@id":"https:\/\/stemeric.com\/19th-sunday-ordinary-time-august-13-2017\/#primaryimage"},"thumbnailUrl":"https:\/\/i0.wp.com\/stemeric.com\/wp-content\/uploads\/2017\/08\/J%C3%A9zus-a-vizen-j%C3%A1r.jpg?fit=536%2C700&ssl=1","datePublished":"2017-08-13T03:39:58+00:00","dateModified":"2017-08-16T02:59:12+00:00","breadcrumb":{"@id":"https:\/\/stemeric.com\/19th-sunday-ordinary-time-august-13-2017\/#breadcrumb"},"inLanguage":"hu","potentialAction":[{"@type":"ReadAction","target":["https:\/\/stemeric.com\/19th-sunday-ordinary-time-august-13-2017\/"]}]},{"@type":"ImageObject","inLanguage":"hu","@id":"https:\/\/stemeric.com\/19th-sunday-ordinary-time-august-13-2017\/#primaryimage","url":"https:\/\/i0.wp.com\/stemeric.com\/wp-content\/uploads\/2017\/08\/J%C3%A9zus-a-vizen-j%C3%A1r.jpg?fit=536%2C700&ssl=1","contentUrl":"https:\/\/i0.wp.com\/stemeric.com\/wp-content\/uploads\/2017\/08\/J%C3%A9zus-a-vizen-j%C3%A1r.jpg?fit=536%2C700&ssl=1","width":536,"height":700},{"@type":"BreadcrumbList","@id":"https:\/\/stemeric.com\/19th-sunday-ordinary-time-august-13-2017\/#breadcrumb","itemListElement":[{"@type":"ListItem","position":1,"name":"Home","item":"https:\/\/stemeric.com\/hu\/"},{"@type":"ListItem","position":2,"name":"\u00c9vk\u00f6zi 19. vas\u00e1rnap &#8211; 2017. augusztus 13."}]},{"@type":"WebSite","@id":"https:\/\/stemeric.com\/#website","url":"https:\/\/stemeric.com\/","name":"St. Emeric Church","description":"Szent Imre R\u00f3mai Katolikus Magyar Egyh\u00e1zk\u00f6zs\u00e9g","publisher":{"@id":"https:\/\/stemeric.com\/#organization"},"potentialAction":[{"@type":"SearchAction","target":{"@type":"EntryPoint","urlTemplate":"https:\/\/stemeric.com\/?s={search_term_string}"},"query-input":{"@type":"PropertyValueSpecification","valueRequired":true,"valueName":"search_term_string"}}],"inLanguage":"hu"},{"@type":"Organization","@id":"https:\/\/stemeric.com\/#organization","name":"St. Emeric Church","url":"https:\/\/stemeric.com\/","logo":{"@type":"ImageObject","inLanguage":"hu","@id":"https:\/\/stemeric.com\/#\/schema\/logo\/image\/","url":"https:\/\/stemeric.com\/wp-content\/uploads\/2015\/11\/SzentImre4.png","contentUrl":"https:\/\/stemeric.com\/wp-content\/uploads\/2015\/11\/SzentImre4.png","width":800,"height":167,"caption":"St. Emeric Church"},"image":{"@id":"https:\/\/stemeric.com\/#\/schema\/logo\/image\/"},"sameAs":["https:\/\/www.facebook.com\/saintemeric"]},{"@type":"Person","@id":"https:\/\/stemeric.com\/#\/schema\/person\/a9129aeb3a3d72fc6b7a387c4252eeb7","name":"Fr. Andras Mezei","image":{"@type":"ImageObject","inLanguage":"hu","@id":"https:\/\/secure.gravatar.com\/avatar\/f2d48dce47b76c650bfce345a02e13ea58588c82f63ca35fd6d53776005ab90a?s=96&d=mm&r=g","url":"https:\/\/secure.gravatar.com\/avatar\/f2d48dce47b76c650bfce345a02e13ea58588c82f63ca35fd6d53776005ab90a?s=96&d=mm&r=g","contentUrl":"https:\/\/secure.gravatar.com\/avatar\/f2d48dce47b76c650bfce345a02e13ea58588c82f63ca35fd6d53776005ab90a?s=96&d=mm&r=g","caption":"Fr. Andras Mezei"},"url":"https:\/\/stemeric.com\/hu\/author\/mezeiandras\/"}]}},"jetpack_publicize_connections":[],"jetpack_featured_media_url":"https:\/\/i0.wp.com\/stemeric.com\/wp-content\/uploads\/2017\/08\/J%C3%A9zus-a-vizen-j%C3%A1r.jpg?fit=536%2C700&ssl=1","jetpack_sharing_enabled":true,"jetpack_shortlink":"https:\/\/wp.me\/pffxLh-Hm","_links":{"self":[{"href":"https:\/\/stemeric.com\/hu\/wp-json\/wp\/v2\/posts\/2688","targetHints":{"allow":["GET"]}}],"collection":[{"href":"https:\/\/stemeric.com\/hu\/wp-json\/wp\/v2\/posts"}],"about":[{"href":"https:\/\/stemeric.com\/hu\/wp-json\/wp\/v2\/types\/post"}],"author":[{"embeddable":true,"href":"https:\/\/stemeric.com\/hu\/wp-json\/wp\/v2\/users\/3"}],"replies":[{"embeddable":true,"href":"https:\/\/stemeric.com\/hu\/wp-json\/wp\/v2\/comments?post=2688"}],"version-history":[{"count":3,"href":"https:\/\/stemeric.com\/hu\/wp-json\/wp\/v2\/posts\/2688\/revisions"}],"predecessor-version":[{"id":2696,"href":"https:\/\/stemeric.com\/hu\/wp-json\/wp\/v2\/posts\/2688\/revisions\/2696"}],"wp:featuredmedia":[{"embeddable":true,"href":"https:\/\/stemeric.com\/hu\/wp-json\/wp\/v2\/media\/2689"}],"wp:attachment":[{"href":"https:\/\/stemeric.com\/hu\/wp-json\/wp\/v2\/media?parent=2688"}],"wp:term":[{"taxonomy":"category","embeddable":true,"href":"https:\/\/stemeric.com\/hu\/wp-json\/wp\/v2\/categories?post=2688"},{"taxonomy":"post_tag","embeddable":true,"href":"https:\/\/stemeric.com\/hu\/wp-json\/wp\/v2\/tags?post=2688"}],"curies":[{"name":"wp","href":"https:\/\/api.w.org\/{rel}","templated":true}]}}