{"id":3173,"date":"2018-02-03T20:59:16","date_gmt":"2018-02-04T01:59:16","guid":{"rendered":"https:\/\/stemeric.com\/?p=3173"},"modified":"2018-02-03T21:02:30","modified_gmt":"2018-02-04T02:02:30","slug":"evkozi-5-vasarnap-2018-februar-4","status":"publish","type":"post","link":"https:\/\/stemeric.com\/hu\/evkozi-5-vasarnap-2018-februar-4\/","title":{"rendered":"\u00c9vk\u00f6zi 5. vas\u00e1rnap &#8211; 2018. febru\u00e1r 4."},"content":{"rendered":"<p><a href=\"https:\/\/stemeric.com\/5th-sunday-ordinary-time-february-4-2018\/1-jezus-tanitasa\/\" rel=\"attachment wp-att-3170\"><img data-recalc-dims=\"1\" decoding=\"async\" class=\"alignnone size-medium wp-image-3170 lazyload\" data-src=\"https:\/\/i0.wp.com\/stemeric.com\/wp-content\/uploads\/2018\/02\/1-J%C3%A9zus-tan%C3%ADt%C3%A1sa.jpg?resize=267%2C300&#038;ssl=1\" alt=\"\" width=\"267\" height=\"300\" data-srcset=\"https:\/\/i0.wp.com\/stemeric.com\/wp-content\/uploads\/2018\/02\/1-J%C3%A9zus-tan%C3%ADt%C3%A1sa.jpg?resize=267%2C300&amp;ssl=1 267w, https:\/\/i0.wp.com\/stemeric.com\/wp-content\/uploads\/2018\/02\/1-J%C3%A9zus-tan%C3%ADt%C3%A1sa.jpg?w=666&amp;ssl=1 666w\" data-sizes=\"(max-width: 267px) 100vw, 267px\" src=\"data:image\/svg+xml;base64,PHN2ZyB3aWR0aD0iMSIgaGVpZ2h0PSIxIiB4bWxucz0iaHR0cDovL3d3dy53My5vcmcvMjAwMC9zdmciPjwvc3ZnPg==\" style=\"--smush-placeholder-width: 267px; --smush-placeholder-aspect-ratio: 267\/300;\" \/><\/a><\/p>\n<h5>5<sup>th<\/sup> SUNDAY IN ORDINARY TIME &#8211; February 4, 2018 \u2013 \u00c9VK\u00d6ZI 5. VAS\u00c1RNAP<\/h5>\n<h5>V\u00c1LASZOS ZSOLT\u00c1R: Dics\u00e9rj\u00e9tek az Urat, * aki a megt\u00f6rt sz\u00edv\u0171eket meggy\u00f3gy\u00edtja.<\/h5>\n<h5>RESPONSORIAL PSALM: Praise the Lord, who heals the brokenhearted.<\/h5>\n<h5>THIS SUNDAY\u2019S MASS: \u00a0For Viktor Simonyi, by R\u00e9ka Simonyi<\/h5>\n<p><strong><u>MASS INTENTIONS FOR THE COMING WEEK:\u00a0 <\/u><\/strong><\/p>\n<table>\n<tbody>\n<tr>\n<td width=\"80\">February<\/td>\n<td width=\"36\">\u00a0\u00a0 5<\/td>\n<td width=\"102\">Monday<\/td>\n<td width=\"91\">\u00a09:00 \u00a0\u00a0AM<\/td>\n<td width=\"339\">For health of living Jose Sotero, by Family<\/td>\n<\/tr>\n<tr>\n<td width=\"80\">February<\/td>\n<td width=\"36\">\u00a0\u00a0 7<\/td>\n<td width=\"102\">Wednesday<\/td>\n<td width=\"91\">\u00a09:00 \u00a0\u00a0AM<\/td>\n<td width=\"339\">For J\u00e1nos P\u00e1d\u00e1r, by Family<\/td>\n<\/tr>\n<tr>\n<td width=\"80\">February<\/td>\n<td width=\"36\">\u00a0\u00a0 9<\/td>\n<td width=\"102\">Friday<\/td>\n<td width=\"91\">\u00a09:00\u00a0 \u00a0AM<\/td>\n<td width=\"339\">For Baldramina Irizzary Garcia, by Sotero Family<\/td>\n<\/tr>\n<tr>\n<td width=\"80\">February<\/td>\n<td width=\"36\">\u00a010<\/td>\n<td width=\"102\">Saturday<\/td>\n<td width=\"91\">\u00a05:00\u00a0\u00a0 \u00a0PM<\/td>\n<td width=\"339\">For Joseph and Anna Cseh, by Family<\/td>\n<\/tr>\n<tr>\n<td width=\"80\">February<\/td>\n<td width=\"36\">\u00a011&nbsp;<\/td>\n<td width=\"102\">Sunday<\/td>\n<td width=\"91\">11:00\u00a0 AM<strong>\u00a0 <\/strong><\/td>\n<td width=\"339\">For Szabolcs L\u00e1szl\u00f3 and Erzs\u00e9bet, by D\u00f6m\u00f6t\u00f6rffy Family<\/td>\n<\/tr>\n<\/tbody>\n<\/table>\n<p><strong><u>A \u00a0SZENT IMRE R\u00d3MAI KATOLIKUS MAGYAR EGYH\u00c1ZK\u00d6ZS\u00c9G \u00c9RTES\u00cdT\u0150JE<\/u><\/strong><\/p>\n<p><strong><u>IFJ\u00daS\u00c1GI SZENTMISE: <\/u><\/strong>J\u00f6v\u0151 vas\u00e1rnap ifj\u00fas\u00e1gi mise lesz, amelyre mindenkit v\u00e1runk szeretettel, valamint az azt k\u00f6vet\u0151 szer\u00e9ny agap\u00e9ra, amelyet az egyik tanteremben tartunk meg!<\/p>\n<p><strong><u>SZENTGY\u00d3N\u00c1S:<\/u> <\/strong>A szentmis\u00e9k el\u0151tt, illetve megbesz\u00e9l\u00e9s szerint lehet szentgy\u00f3n\u00e1st v\u00e9gezni.<\/p>\n<p><strong><u>ADOM\u00c1NY BOR\u00cdT\u00c9KOK<\/u><\/strong>: K\u00e9rj\u00fck a kedves h\u00edveinket, hogy az adom\u00e1nybor\u00edt\u00e9kokat sz\u00edveskedjenek felvenni a vas\u00e1rnapi irod\u00e1b\u00f3l! Isten fizesse meg j\u00f3s\u00e1gukat, hogy sz\u00edv\u0171gy\u00fcknek tartj\u00e1k templomunk fenntart\u00e1s\u00e1t!<\/p>\n<p><strong><u>FARSANGI DISZN<\/u><\/strong><strong><u>\u00d3TOROS MULATS\u00c1G<\/u><\/strong>: Febru\u00e1r 11-\u00e9n, vas\u00e1rnap a szentmise ut\u00e1n tartjuk hagyom\u00e1nyos farsangi eb\u00e9d\u00fcnket mulats\u00e1ggal egybek\u00f6tve. Men\u00fc: Hagyom\u00e1nyos h\u00fasleves gazdagon, diszn\u00f3toros s\u00fclt hurka \u00e9s kolb\u00e1sz, p\u00e1rolt sonk\u00e1s-cs\u00fclk\u00f6s k\u00e1poszta \u00e9s petrezselymes burgonya k\u00f6rettel, valamint t\u00f6lt\u00f6tt k\u00e1poszta. Desszertk\u00e9nt farsangi h\u00e1jas t\u00e9szt\u00e1t szolg\u00e1lunk fel. A j\u00f3 magyar zen\u00e9t a <strong>HARM\u00d3NIA ZENEKAR<\/strong> szolg\u00e1ltatja! Aki szeretne r\u00e9szt venni, k\u00e9rem jelentkezzen helyfoglal\u00e1s\u00e9rt febru\u00e1r 8-ig az al\u00e1bbi asszonyok egyik\u00e9n\u00e9l<strong>: Zsula Marika 216-676-5863 vagy Sedenszky Orsolya 330-963-7035-\u00f6s telefonsz\u00e1mon<\/strong>. Eb\u00e9djegy \u00e1ra: $25 feln\u0151tteknek, $15 di\u00e1koknak, kisebb gyerekeknek ingyenes. Tombola nyerem\u00e9nyek illetve a j\u00f3 farsangi hangulat biztos\u00edtva. Feleleven\u00edtj\u00fck a farsangot b\u00facs\u00faztat\u00f3 B\u0150G\u0150TEMET\u00c9ST! Hurka-kolb\u00e1sz elvitelre is rendelhet\u0151 3 fontos csomagol\u00e1sban $18., valamint h\u00e1jasz t\u00e9szta egy tucat $9. T\u00f6lt\u00f6tt k\u00e1poszta is rendelhet\u0151 elvitelre: 1 tucat (12db.) $20.<\/p>\n<p><strong><u>GYERTYASZENTEL\u0150 BOLDOGASSZONY \u2013 URUNK BEMUTAT\u00c1SA A TEMPLOMBAN- FEBRU\u00c1R 2.<\/u><\/strong> \u00a0A Sz\u0171zanya \u00e9s Szent J\u00f3zsef az \u00dar t\u00f6rv\u00e9ny\u00e9t k\u00f6telez\u0151nek \u00e9rezt\u00e9k magukra n\u00e9zve, ez\u00e9rt vitt\u00e9k a gyermeket a templomba. J\u00e9zus, mint a n\u00e9pek vil\u00e1goss\u00e1ga jelenik meg az eg\u00e9sz vil\u00e1gon. Mai szentmise keret\u00e9ben is tartunk gyertyaszentel\u00e9st-, a megszentelt gyerty\u00e1kb\u00f3l lehet hazavinni!<\/p>\n<p><strong><u>SZENT BAL\u00c1ZS P\u00dcSP\u00d6K \u00c9S V\u00c9RTAN\u00da<\/u><\/strong>: A szentmise ut\u00e1n mindenki aki k\u00e9ri, Bal\u00e1zs-\u00e1ld\u00e1sban r\u00e9szes\u00edtem!<\/p>\n<p><strong>AKIK A H\u00c9TEN \u00dcNNEPLIK SZ\u00dcLET\u00c9S VAGY N\u00c9VNAPJUKAT, AZOK SZ\u00c1M\u00c1RA ISTEN \u00c1LD\u00c1S\u00c1T K\u00c9RJ\u00dcK!<\/strong><\/p>\n","protected":false},"excerpt":{"rendered":"<p>5th SUNDAY IN ORDINARY TIME &#8211; February 4, 2018 \u2013 \u00c9VK\u00d6ZI 5. VAS\u00c1RNAP V\u00c1LASZOS ZSOLT\u00c1R: Dics\u00e9rj\u00e9tek az Urat, * aki a megt\u00f6rt sz\u00edv\u0171eket meggy\u00f3gy\u00edtja. RESPONSORIAL PSALM: Praise the Lord, who heals the brokenhearted. THIS SUNDAY\u2019S MASS: \u00a0For Viktor Simonyi, by R\u00e9ka Simonyi MASS INTENTIONS FOR THE COMING WEEK:\u00a0 February \u00a0\u00a0 5 Monday \u00a09:00 \u00a0\u00a0AM For [&hellip;]<\/p>\n","protected":false},"author":3,"featured_media":3170,"comment_status":"open","ping_status":"open","sticky":false,"template":"","format":"standard","meta":{"jetpack_post_was_ever_published":false,"_jetpack_newsletter_access":"","_jetpack_dont_email_post_to_subs":false,"_jetpack_newsletter_tier_id":0,"_jetpack_memberships_contains_paywalled_content":false,"_jetpack_memberships_contains_paid_content":false,"footnotes":"","jetpack_publicize_message":"","jetpack_publicize_feature_enabled":true,"jetpack_social_post_already_shared":true,"jetpack_social_options":{"image_generator_settings":{"template":"highway","default_image_id":0,"font":"","enabled":false},"version":2}},"categories":[12],"tags":[],"class_list":["post-3173","post","type-post","status-publish","format-standard","has-post-thumbnail","hentry","category-ertesito"],"yoast_head":"<!-- This site is optimized with the Yoast SEO plugin v27.5 - https:\/\/yoast.com\/product\/yoast-seo-wordpress\/ -->\n<title>\u00c9vk\u00f6zi 5. vas\u00e1rnap - 2018. febru\u00e1r 4. - St. Emeric Church<\/title>\n<meta name=\"robots\" content=\"index, follow, max-snippet:-1, max-image-preview:large, max-video-preview:-1\" \/>\n<link rel=\"canonical\" href=\"https:\/\/stemeric.com\/5th-sunday-ordinary-time-february-4-2018\/\" \/>\n<meta property=\"og:locale\" content=\"hu_HU\" \/>\n<meta property=\"og:type\" content=\"article\" \/>\n<meta property=\"og:title\" content=\"\u00c9vk\u00f6zi 5. vas\u00e1rnap - 2018. febru\u00e1r 4. - St. Emeric Church\" \/>\n<meta property=\"og:description\" content=\"5th SUNDAY IN ORDINARY TIME &#8211; February 4, 2018 \u2013 \u00c9VK\u00d6ZI 5. VAS\u00c1RNAP V\u00c1LASZOS ZSOLT\u00c1R: Dics\u00e9rj\u00e9tek az Urat, * aki a megt\u00f6rt sz\u00edv\u0171eket meggy\u00f3gy\u00edtja. RESPONSORIAL PSALM: Praise the Lord, who heals the brokenhearted. THIS SUNDAY\u2019S MASS: \u00a0For Viktor Simonyi, by R\u00e9ka Simonyi MASS INTENTIONS FOR THE COMING WEEK:\u00a0 February \u00a0\u00a0 5 Monday \u00a09:00 \u00a0\u00a0AM For [&hellip;]\" \/>\n<meta property=\"og:url\" content=\"https:\/\/stemeric.com\/5th-sunday-ordinary-time-february-4-2018\/\" \/>\n<meta property=\"og:site_name\" content=\"St. Emeric Church\" \/>\n<meta property=\"article:publisher\" content=\"https:\/\/www.facebook.com\/saintemeric\" \/>\n<meta property=\"article:published_time\" content=\"2018-02-04T01:59:16+00:00\" \/>\n<meta property=\"article:modified_time\" content=\"2018-02-04T02:02:30+00:00\" \/>\n<meta property=\"og:image\" content=\"https:\/\/stemeric.com\/wp-content\/uploads\/2018\/02\/1-J\u00e9zus-tan\u00edt\u00e1sa.jpg\" \/>\n\t<meta property=\"og:image:width\" content=\"666\" \/>\n\t<meta property=\"og:image:height\" content=\"747\" \/>\n\t<meta property=\"og:image:type\" content=\"image\/jpeg\" \/>\n<meta name=\"author\" content=\"Fr. Andras Mezei\" \/>\n<meta name=\"twitter:card\" content=\"summary_large_image\" \/>\n<meta name=\"twitter:label1\" content=\"Szerz\u0151:\" \/>\n\t<meta name=\"twitter:data1\" content=\"Fr. Andras Mezei\" \/>\n\t<meta name=\"twitter:label2\" content=\"Becs\u00fclt olvas\u00e1si id\u0151\" \/>\n\t<meta name=\"twitter:data2\" content=\"3 perc\" \/>\n<script type=\"application\/ld+json\" class=\"yoast-schema-graph\">{\"@context\":\"https:\\\/\\\/schema.org\",\"@graph\":[{\"@type\":\"Article\",\"@id\":\"https:\\\/\\\/stemeric.com\\\/5th-sunday-ordinary-time-february-4-2018\\\/#article\",\"isPartOf\":{\"@id\":\"https:\\\/\\\/stemeric.com\\\/5th-sunday-ordinary-time-february-4-2018\\\/\"},\"author\":{\"name\":\"Fr. Andras Mezei\",\"@id\":\"https:\\\/\\\/stemeric.com\\\/#\\\/schema\\\/person\\\/a9129aeb3a3d72fc6b7a387c4252eeb7\"},\"headline\":\"\u00c9vk\u00f6zi 5. vas\u00e1rnap &#8211; 2018. febru\u00e1r 4.\",\"datePublished\":\"2018-02-04T01:59:16+00:00\",\"dateModified\":\"2018-02-04T02:02:30+00:00\",\"mainEntityOfPage\":{\"@id\":\"https:\\\/\\\/stemeric.com\\\/5th-sunday-ordinary-time-february-4-2018\\\/\"},\"wordCount\":519,\"commentCount\":0,\"publisher\":{\"@id\":\"https:\\\/\\\/stemeric.com\\\/#organization\"},\"image\":{\"@id\":\"https:\\\/\\\/stemeric.com\\\/5th-sunday-ordinary-time-february-4-2018\\\/#primaryimage\"},\"thumbnailUrl\":\"https:\\\/\\\/i0.wp.com\\\/stemeric.com\\\/wp-content\\\/uploads\\\/2018\\\/02\\\/1-J%C3%A9zus-tan%C3%ADt%C3%A1sa.jpg?fit=666%2C747&ssl=1\",\"articleSection\":[\"\u00c9rtes\u00edt\u0151\"],\"inLanguage\":\"hu\",\"potentialAction\":[{\"@type\":\"CommentAction\",\"name\":\"Comment\",\"target\":[\"https:\\\/\\\/stemeric.com\\\/5th-sunday-ordinary-time-february-4-2018\\\/#respond\"]}]},{\"@type\":\"WebPage\",\"@id\":\"https:\\\/\\\/stemeric.com\\\/5th-sunday-ordinary-time-february-4-2018\\\/\",\"url\":\"https:\\\/\\\/stemeric.com\\\/5th-sunday-ordinary-time-february-4-2018\\\/\",\"name\":\"\u00c9vk\u00f6zi 5. vas\u00e1rnap - 2018. febru\u00e1r 4. - St. Emeric Church\",\"isPartOf\":{\"@id\":\"https:\\\/\\\/stemeric.com\\\/#website\"},\"primaryImageOfPage\":{\"@id\":\"https:\\\/\\\/stemeric.com\\\/5th-sunday-ordinary-time-february-4-2018\\\/#primaryimage\"},\"image\":{\"@id\":\"https:\\\/\\\/stemeric.com\\\/5th-sunday-ordinary-time-february-4-2018\\\/#primaryimage\"},\"thumbnailUrl\":\"https:\\\/\\\/i0.wp.com\\\/stemeric.com\\\/wp-content\\\/uploads\\\/2018\\\/02\\\/1-J%C3%A9zus-tan%C3%ADt%C3%A1sa.jpg?fit=666%2C747&ssl=1\",\"datePublished\":\"2018-02-04T01:59:16+00:00\",\"dateModified\":\"2018-02-04T02:02:30+00:00\",\"breadcrumb\":{\"@id\":\"https:\\\/\\\/stemeric.com\\\/5th-sunday-ordinary-time-february-4-2018\\\/#breadcrumb\"},\"inLanguage\":\"hu\",\"potentialAction\":[{\"@type\":\"ReadAction\",\"target\":[\"https:\\\/\\\/stemeric.com\\\/5th-sunday-ordinary-time-february-4-2018\\\/\"]}]},{\"@type\":\"ImageObject\",\"inLanguage\":\"hu\",\"@id\":\"https:\\\/\\\/stemeric.com\\\/5th-sunday-ordinary-time-february-4-2018\\\/#primaryimage\",\"url\":\"https:\\\/\\\/i0.wp.com\\\/stemeric.com\\\/wp-content\\\/uploads\\\/2018\\\/02\\\/1-J%C3%A9zus-tan%C3%ADt%C3%A1sa.jpg?fit=666%2C747&ssl=1\",\"contentUrl\":\"https:\\\/\\\/i0.wp.com\\\/stemeric.com\\\/wp-content\\\/uploads\\\/2018\\\/02\\\/1-J%C3%A9zus-tan%C3%ADt%C3%A1sa.jpg?fit=666%2C747&ssl=1\",\"width\":666,\"height\":747},{\"@type\":\"BreadcrumbList\",\"@id\":\"https:\\\/\\\/stemeric.com\\\/5th-sunday-ordinary-time-february-4-2018\\\/#breadcrumb\",\"itemListElement\":[{\"@type\":\"ListItem\",\"position\":1,\"name\":\"Home\",\"item\":\"https:\\\/\\\/stemeric.com\\\/hu\\\/\"},{\"@type\":\"ListItem\",\"position\":2,\"name\":\"\u00c9vk\u00f6zi 5. vas\u00e1rnap &#8211; 2018. febru\u00e1r 4.\"}]},{\"@type\":\"WebSite\",\"@id\":\"https:\\\/\\\/stemeric.com\\\/#website\",\"url\":\"https:\\\/\\\/stemeric.com\\\/\",\"name\":\"St. Emeric Church\",\"description\":\"Szent Imre R\u00f3mai Katolikus Magyar Egyh\u00e1zk\u00f6zs\u00e9g\",\"publisher\":{\"@id\":\"https:\\\/\\\/stemeric.com\\\/#organization\"},\"potentialAction\":[{\"@type\":\"SearchAction\",\"target\":{\"@type\":\"EntryPoint\",\"urlTemplate\":\"https:\\\/\\\/stemeric.com\\\/?s={search_term_string}\"},\"query-input\":{\"@type\":\"PropertyValueSpecification\",\"valueRequired\":true,\"valueName\":\"search_term_string\"}}],\"inLanguage\":\"hu\"},{\"@type\":\"Organization\",\"@id\":\"https:\\\/\\\/stemeric.com\\\/#organization\",\"name\":\"St. Emeric Church\",\"url\":\"https:\\\/\\\/stemeric.com\\\/\",\"logo\":{\"@type\":\"ImageObject\",\"inLanguage\":\"hu\",\"@id\":\"https:\\\/\\\/stemeric.com\\\/#\\\/schema\\\/logo\\\/image\\\/\",\"url\":\"https:\\\/\\\/stemeric.com\\\/wp-content\\\/uploads\\\/2015\\\/11\\\/SzentImre4.png\",\"contentUrl\":\"https:\\\/\\\/stemeric.com\\\/wp-content\\\/uploads\\\/2015\\\/11\\\/SzentImre4.png\",\"width\":800,\"height\":167,\"caption\":\"St. Emeric Church\"},\"image\":{\"@id\":\"https:\\\/\\\/stemeric.com\\\/#\\\/schema\\\/logo\\\/image\\\/\"},\"sameAs\":[\"https:\\\/\\\/www.facebook.com\\\/saintemeric\"]},{\"@type\":\"Person\",\"@id\":\"https:\\\/\\\/stemeric.com\\\/#\\\/schema\\\/person\\\/a9129aeb3a3d72fc6b7a387c4252eeb7\",\"name\":\"Fr. Andras Mezei\",\"image\":{\"@type\":\"ImageObject\",\"inLanguage\":\"hu\",\"@id\":\"https:\\\/\\\/secure.gravatar.com\\\/avatar\\\/f2d48dce47b76c650bfce345a02e13ea58588c82f63ca35fd6d53776005ab90a?s=96&d=mm&r=g\",\"url\":\"https:\\\/\\\/secure.gravatar.com\\\/avatar\\\/f2d48dce47b76c650bfce345a02e13ea58588c82f63ca35fd6d53776005ab90a?s=96&d=mm&r=g\",\"contentUrl\":\"https:\\\/\\\/secure.gravatar.com\\\/avatar\\\/f2d48dce47b76c650bfce345a02e13ea58588c82f63ca35fd6d53776005ab90a?s=96&d=mm&r=g\",\"caption\":\"Fr. Andras Mezei\"},\"url\":\"https:\\\/\\\/stemeric.com\\\/hu\\\/author\\\/mezeiandras\\\/\"}]}<\/script>\n<!-- \/ Yoast SEO plugin. -->","yoast_head_json":{"title":"\u00c9vk\u00f6zi 5. vas\u00e1rnap - 2018. febru\u00e1r 4. - St. Emeric Church","robots":{"index":"index","follow":"follow","max-snippet":"max-snippet:-1","max-image-preview":"max-image-preview:large","max-video-preview":"max-video-preview:-1"},"canonical":"https:\/\/stemeric.com\/5th-sunday-ordinary-time-february-4-2018\/","og_locale":"hu_HU","og_type":"article","og_title":"\u00c9vk\u00f6zi 5. vas\u00e1rnap - 2018. febru\u00e1r 4. - St. Emeric Church","og_description":"5th SUNDAY IN ORDINARY TIME &#8211; February 4, 2018 \u2013 \u00c9VK\u00d6ZI 5. VAS\u00c1RNAP V\u00c1LASZOS ZSOLT\u00c1R: Dics\u00e9rj\u00e9tek az Urat, * aki a megt\u00f6rt sz\u00edv\u0171eket meggy\u00f3gy\u00edtja. RESPONSORIAL PSALM: Praise the Lord, who heals the brokenhearted. THIS SUNDAY\u2019S MASS: \u00a0For Viktor Simonyi, by R\u00e9ka Simonyi MASS INTENTIONS FOR THE COMING WEEK:\u00a0 February \u00a0\u00a0 5 Monday \u00a09:00 \u00a0\u00a0AM For [&hellip;]","og_url":"https:\/\/stemeric.com\/5th-sunday-ordinary-time-february-4-2018\/","og_site_name":"St. Emeric Church","article_publisher":"https:\/\/www.facebook.com\/saintemeric","article_published_time":"2018-02-04T01:59:16+00:00","article_modified_time":"2018-02-04T02:02:30+00:00","og_image":[{"width":666,"height":747,"url":"https:\/\/stemeric.com\/wp-content\/uploads\/2018\/02\/1-J\u00e9zus-tan\u00edt\u00e1sa.jpg","type":"image\/jpeg"}],"author":"Fr. Andras Mezei","twitter_card":"summary_large_image","twitter_misc":{"Szerz\u0151:":"Fr. Andras Mezei","Becs\u00fclt olvas\u00e1si id\u0151":"3 perc"},"schema":{"@context":"https:\/\/schema.org","@graph":[{"@type":"Article","@id":"https:\/\/stemeric.com\/5th-sunday-ordinary-time-february-4-2018\/#article","isPartOf":{"@id":"https:\/\/stemeric.com\/5th-sunday-ordinary-time-february-4-2018\/"},"author":{"name":"Fr. Andras Mezei","@id":"https:\/\/stemeric.com\/#\/schema\/person\/a9129aeb3a3d72fc6b7a387c4252eeb7"},"headline":"\u00c9vk\u00f6zi 5. vas\u00e1rnap &#8211; 2018. febru\u00e1r 4.","datePublished":"2018-02-04T01:59:16+00:00","dateModified":"2018-02-04T02:02:30+00:00","mainEntityOfPage":{"@id":"https:\/\/stemeric.com\/5th-sunday-ordinary-time-february-4-2018\/"},"wordCount":519,"commentCount":0,"publisher":{"@id":"https:\/\/stemeric.com\/#organization"},"image":{"@id":"https:\/\/stemeric.com\/5th-sunday-ordinary-time-february-4-2018\/#primaryimage"},"thumbnailUrl":"https:\/\/i0.wp.com\/stemeric.com\/wp-content\/uploads\/2018\/02\/1-J%C3%A9zus-tan%C3%ADt%C3%A1sa.jpg?fit=666%2C747&ssl=1","articleSection":["\u00c9rtes\u00edt\u0151"],"inLanguage":"hu","potentialAction":[{"@type":"CommentAction","name":"Comment","target":["https:\/\/stemeric.com\/5th-sunday-ordinary-time-february-4-2018\/#respond"]}]},{"@type":"WebPage","@id":"https:\/\/stemeric.com\/5th-sunday-ordinary-time-february-4-2018\/","url":"https:\/\/stemeric.com\/5th-sunday-ordinary-time-february-4-2018\/","name":"\u00c9vk\u00f6zi 5. vas\u00e1rnap - 2018. febru\u00e1r 4. - St. Emeric Church","isPartOf":{"@id":"https:\/\/stemeric.com\/#website"},"primaryImageOfPage":{"@id":"https:\/\/stemeric.com\/5th-sunday-ordinary-time-february-4-2018\/#primaryimage"},"image":{"@id":"https:\/\/stemeric.com\/5th-sunday-ordinary-time-february-4-2018\/#primaryimage"},"thumbnailUrl":"https:\/\/i0.wp.com\/stemeric.com\/wp-content\/uploads\/2018\/02\/1-J%C3%A9zus-tan%C3%ADt%C3%A1sa.jpg?fit=666%2C747&ssl=1","datePublished":"2018-02-04T01:59:16+00:00","dateModified":"2018-02-04T02:02:30+00:00","breadcrumb":{"@id":"https:\/\/stemeric.com\/5th-sunday-ordinary-time-february-4-2018\/#breadcrumb"},"inLanguage":"hu","potentialAction":[{"@type":"ReadAction","target":["https:\/\/stemeric.com\/5th-sunday-ordinary-time-february-4-2018\/"]}]},{"@type":"ImageObject","inLanguage":"hu","@id":"https:\/\/stemeric.com\/5th-sunday-ordinary-time-february-4-2018\/#primaryimage","url":"https:\/\/i0.wp.com\/stemeric.com\/wp-content\/uploads\/2018\/02\/1-J%C3%A9zus-tan%C3%ADt%C3%A1sa.jpg?fit=666%2C747&ssl=1","contentUrl":"https:\/\/i0.wp.com\/stemeric.com\/wp-content\/uploads\/2018\/02\/1-J%C3%A9zus-tan%C3%ADt%C3%A1sa.jpg?fit=666%2C747&ssl=1","width":666,"height":747},{"@type":"BreadcrumbList","@id":"https:\/\/stemeric.com\/5th-sunday-ordinary-time-february-4-2018\/#breadcrumb","itemListElement":[{"@type":"ListItem","position":1,"name":"Home","item":"https:\/\/stemeric.com\/hu\/"},{"@type":"ListItem","position":2,"name":"\u00c9vk\u00f6zi 5. vas\u00e1rnap &#8211; 2018. febru\u00e1r 4."}]},{"@type":"WebSite","@id":"https:\/\/stemeric.com\/#website","url":"https:\/\/stemeric.com\/","name":"St. Emeric Church","description":"Szent Imre R\u00f3mai Katolikus Magyar Egyh\u00e1zk\u00f6zs\u00e9g","publisher":{"@id":"https:\/\/stemeric.com\/#organization"},"potentialAction":[{"@type":"SearchAction","target":{"@type":"EntryPoint","urlTemplate":"https:\/\/stemeric.com\/?s={search_term_string}"},"query-input":{"@type":"PropertyValueSpecification","valueRequired":true,"valueName":"search_term_string"}}],"inLanguage":"hu"},{"@type":"Organization","@id":"https:\/\/stemeric.com\/#organization","name":"St. Emeric Church","url":"https:\/\/stemeric.com\/","logo":{"@type":"ImageObject","inLanguage":"hu","@id":"https:\/\/stemeric.com\/#\/schema\/logo\/image\/","url":"https:\/\/stemeric.com\/wp-content\/uploads\/2015\/11\/SzentImre4.png","contentUrl":"https:\/\/stemeric.com\/wp-content\/uploads\/2015\/11\/SzentImre4.png","width":800,"height":167,"caption":"St. Emeric Church"},"image":{"@id":"https:\/\/stemeric.com\/#\/schema\/logo\/image\/"},"sameAs":["https:\/\/www.facebook.com\/saintemeric"]},{"@type":"Person","@id":"https:\/\/stemeric.com\/#\/schema\/person\/a9129aeb3a3d72fc6b7a387c4252eeb7","name":"Fr. Andras Mezei","image":{"@type":"ImageObject","inLanguage":"hu","@id":"https:\/\/secure.gravatar.com\/avatar\/f2d48dce47b76c650bfce345a02e13ea58588c82f63ca35fd6d53776005ab90a?s=96&d=mm&r=g","url":"https:\/\/secure.gravatar.com\/avatar\/f2d48dce47b76c650bfce345a02e13ea58588c82f63ca35fd6d53776005ab90a?s=96&d=mm&r=g","contentUrl":"https:\/\/secure.gravatar.com\/avatar\/f2d48dce47b76c650bfce345a02e13ea58588c82f63ca35fd6d53776005ab90a?s=96&d=mm&r=g","caption":"Fr. Andras Mezei"},"url":"https:\/\/stemeric.com\/hu\/author\/mezeiandras\/"}]}},"jetpack_publicize_connections":[],"jetpack_featured_media_url":"https:\/\/i0.wp.com\/stemeric.com\/wp-content\/uploads\/2018\/02\/1-J%C3%A9zus-tan%C3%ADt%C3%A1sa.jpg?fit=666%2C747&ssl=1","jetpack_sharing_enabled":true,"jetpack_shortlink":"https:\/\/wp.me\/pffxLh-Pb","_links":{"self":[{"href":"https:\/\/stemeric.com\/hu\/wp-json\/wp\/v2\/posts\/3173","targetHints":{"allow":["GET"]}}],"collection":[{"href":"https:\/\/stemeric.com\/hu\/wp-json\/wp\/v2\/posts"}],"about":[{"href":"https:\/\/stemeric.com\/hu\/wp-json\/wp\/v2\/types\/post"}],"author":[{"embeddable":true,"href":"https:\/\/stemeric.com\/hu\/wp-json\/wp\/v2\/users\/3"}],"replies":[{"embeddable":true,"href":"https:\/\/stemeric.com\/hu\/wp-json\/wp\/v2\/comments?post=3173"}],"version-history":[{"count":1,"href":"https:\/\/stemeric.com\/hu\/wp-json\/wp\/v2\/posts\/3173\/revisions"}],"predecessor-version":[{"id":3174,"href":"https:\/\/stemeric.com\/hu\/wp-json\/wp\/v2\/posts\/3173\/revisions\/3174"}],"wp:featuredmedia":[{"embeddable":true,"href":"https:\/\/stemeric.com\/hu\/wp-json\/wp\/v2\/media\/3170"}],"wp:attachment":[{"href":"https:\/\/stemeric.com\/hu\/wp-json\/wp\/v2\/media?parent=3173"}],"wp:term":[{"taxonomy":"category","embeddable":true,"href":"https:\/\/stemeric.com\/hu\/wp-json\/wp\/v2\/categories?post=3173"},{"taxonomy":"post_tag","embeddable":true,"href":"https:\/\/stemeric.com\/hu\/wp-json\/wp\/v2\/tags?post=3173"}],"curies":[{"name":"wp","href":"https:\/\/api.w.org\/{rel}","templated":true}]}}