{"id":3257,"date":"2018-04-07T21:12:41","date_gmt":"2018-04-08T01:12:41","guid":{"rendered":"https:\/\/stemeric.com\/?p=3257"},"modified":"2018-04-07T21:16:53","modified_gmt":"2018-04-08T01:16:53","slug":"husvet-2-az-isteni-irgalmassag-vasarnapja-2018-aprilis-8","status":"publish","type":"post","link":"https:\/\/stemeric.com\/hu\/husvet-2-az-isteni-irgalmassag-vasarnapja-2018-aprilis-8\/","title":{"rendered":"H\u00daSV\u00c9T 2. &#8211; AZ ISTENI IRGALMASS\u00c1G &#8211; VAS\u00c1RNAPJA, 2018. \u00c1PRILIS 8."},"content":{"rendered":"<p><a href=\"https:\/\/stemeric.com\/second-sunday-of-easter-april-8-2018\/thomas_caravaggio\/\" rel=\"attachment wp-att-3254\"><img data-recalc-dims=\"1\" decoding=\"async\" class=\"alignnone size-medium wp-image-3254 lazyload\" data-src=\"https:\/\/i0.wp.com\/stemeric.com\/wp-content\/uploads\/2018\/04\/thomas_caravaggio.jpg?resize=300%2C248&#038;ssl=1\" alt=\"\" width=\"300\" height=\"248\" data-srcset=\"https:\/\/i0.wp.com\/stemeric.com\/wp-content\/uploads\/2018\/04\/thomas_caravaggio.jpg?resize=300%2C248&amp;ssl=1 300w, https:\/\/i0.wp.com\/stemeric.com\/wp-content\/uploads\/2018\/04\/thomas_caravaggio.jpg?resize=768%2C634&amp;ssl=1 768w, https:\/\/i0.wp.com\/stemeric.com\/wp-content\/uploads\/2018\/04\/thomas_caravaggio.jpg?w=800&amp;ssl=1 800w\" data-sizes=\"(max-width: 300px) 100vw, 300px\" src=\"data:image\/svg+xml;base64,PHN2ZyB3aWR0aD0iMSIgaGVpZ2h0PSIxIiB4bWxucz0iaHR0cDovL3d3dy53My5vcmcvMjAwMC9zdmciPjwvc3ZnPg==\" style=\"--smush-placeholder-width: 300px; --smush-placeholder-aspect-ratio: 300\/248;\" \/><\/a><\/p>\n<h5>SECOND SUNDAY OF EASTER \u2013 April 8, 2018 \u2013 H\u00daSV\u00c9T 2. VAS\u00c1RNAPJA \u2013 ISTENI IRGALMASS\u00c1G VAS\u00c1RNAPJA<\/h5>\n<h5>V\u00c1LASZOS ZSOLT\u00c1R: Adjatok h\u00e1l\u00e1t az \u00darnak, mert j\u00f3, * mivel irgalma \u00f6r\u00f6kk\u00e9 megmarad.<\/h5>\n<h5>RESPONSORIAL PSALM: Give thanks to the LORD, for he is good, his love is everlasting.<\/h5>\n<h5>THIS SUNDAY\u2019S MASS: For Gizella D\u00f6m\u00f6t\u00f6r, by Family (Erzs\u00e9bet Kov\u00e1cs)<\/h5>\n<p><strong><u>MASS INTENTIONS FOR THE COMING WEEK:\u00a0 <\/u><\/strong><\/p>\n<table width=\"0\">\n<tbody>\n<tr>\n<td width=\"80\"><strong>April \u00a0<\/strong><\/td>\n<td width=\"36\"><strong>\u00a0\u00a0 9<\/strong><\/td>\n<td width=\"102\"><strong>Monday\u00a0\u00a0\u00a0 <\/strong><\/td>\n<td width=\"91\"><strong>\u00a09:00 \u00a0\u00a0AM<\/strong><\/td>\n<td width=\"362\"><strong>In honor of Our Blessed Mother, Mother of God <\/strong><\/td>\n<\/tr>\n<tr>\n<td width=\"80\">April<\/td>\n<td width=\"36\">\u00a011<\/td>\n<td width=\"102\">Wednesday<\/td>\n<td width=\"91\">\u00a09:00 \u00a0\u00a0AM<\/td>\n<td width=\"362\">For the sick of the parish<\/td>\n<\/tr>\n<tr>\n<td width=\"80\">April<\/td>\n<td width=\"36\">\u00a013<\/td>\n<td width=\"102\">Friday<\/td>\n<td width=\"91\">\u00a09:00\u00a0\u00a0 AM<\/td>\n<td width=\"362\">For priestly vocations<\/td>\n<\/tr>\n<tr>\n<td width=\"80\">April<\/td>\n<td width=\"36\">\u00a014<\/td>\n<td width=\"102\">Saturday<\/td>\n<td width=\"91\">\u00a05:00\u00a0\u00a0 \u00a0PM<\/td>\n<td width=\"362\">For deceased members of Peller Family, byFamily<\/td>\n<\/tr>\n<tr>\n<td width=\"80\">April<\/td>\n<td width=\"36\">\u00a015&nbsp;<\/td>\n<td width=\"102\">Sunday<\/td>\n<td width=\"91\">11:00\u00a0 AM&nbsp;<\/td>\n<td width=\"362\">Bela Kocskar, by Family<\/td>\n<\/tr>\n<\/tbody>\n<\/table>\n<p><strong><u>A \u00a0SZENT IMRE R\u00d3MAI KATOLIKUS MAGYAR EGYH\u00c1ZK\u00d6ZS\u00c9G \u00c9RTES\u00cdT\u0150JE<\/u><\/strong><\/p>\n<p><strong><u>ISTENI IRGALMASS\u00c1G VAS\u00c1RNAPJA<\/u><\/strong>: Szent II. J\u00e1nos P\u00e1l p\u00e1pa, 2000. \u00e1prilis 30-\u00e1n kihirdette, hogy h\u00fasv\u00e9t II. vas\u00e1rnapj\u00e1n az eg\u00e9sz egyh\u00e1zban tarts\u00e1k meg az isteni irgalmass\u00e1g \u00fcnnep\u00e9t. Ezen a napon iktatta a szentek k\u00f6z\u00e9 Fausztina n\u0151v\u00e9rt, a III. kereszt\u00e9ny \u00e9vezred els\u0151 szentj\u00e9t, az isteni irgalmass\u00e1g apostol\u00e1t. A liturgia szerint ezen a vas\u00e1rnapon J\u00e9zus megmutatkozik apostolainak, megmutatja \u00f6v\u00e9inek kez\u00e9t \u00e9s oldal\u00e1t, a szenved\u00e9s sebeit, mindenekel\u0151tt azonban sz\u00edv\u00e9nek sebhely\u00e9t, amely az irgalom forr\u00e1sa.<\/p>\n<p><strong><u>K\u00d6SZ\u00d6NET:<\/u><\/strong> H\u00e1l\u00e1san k\u00f6sz\u00f6n\u00f6m ism\u00e9telten mindazon \u00f6nk\u00e9ntesek seg\u00edts\u00e9g\u00e9t, akik r\u00e9szt vettek a h\u00fasv\u00e9ti \u00fcnnepek el\u0151k\u00e9sz\u00edt\u00e9s\u00e9ben: \u00e9nek-zenei szolg\u00e1latban, liturgia assziszt\u00e1l\u00e1sban, templom d\u00edsz\u00edt\u00e9s\u00e9ben, vir\u00e1gok beszerz\u00e9s\u00e9ben, elektronikus t\u00e1j\u00e9koztat\u00e1sban, takar\u00edt\u00e1sban, kinti \u00e9s benti munk\u00e1latokban egyar\u00e1nt \u00e9s nem utols\u00f3 sorban a Cserk\u00e9sz-Reg\u00f6s\u00f6knek a viseletes jelenl\u00e9t\u00fcket! ISTEN FIZESSE MEG!<\/p>\n<p><strong><u>H\u00daSV\u00c9TI VIR\u00c1GOK<\/u><\/strong>: Ism\u00e9telten k\u00f6sz\u00f6nj\u00fck a h\u00fasv\u00e9ti vir\u00e1gokra sz\u00e1nt adom\u00e1nyaikat!<\/p>\n<p><strong><u>SZENTGY\u00d3N\u00c1S:<\/u> <\/strong>A szentmis\u00e9k el\u0151tt, illetve megbesz\u00e9l\u00e9s szerint lehet szentgy\u00f3n\u00e1st v\u00e9gezni.<\/p>\n<p><strong><u>GULY\u00c1SLEVES \u2013 L\u00c1NGOS EB\u00c9D<\/u>: <\/strong>\u00c1prilis 22-\u00e9n, vas\u00e1rnap du. 12-2 \u00f3ra k\u00f6z\u00f6tt a Cserk\u00e9sz-Reg\u00f6s csapat p\u00e9nzgy\u0171jt\u0151 akci\u00f3 keret\u00e9ben finom eb\u00e9det \u00e1rul elvitelre valamint helybeni fogyaszt\u00e1sra a Szent Imre templomn\u00e1l! Men\u00fc: Guly\u00e1sleves $7., L\u00e1ngos $4., Guly\u00e1s-l\u00e1ngos $10., Csal\u00e1di eb\u00e9d 4 f\u0151re $35. A nyeres\u00e9g a novemberi g\u00e1lam\u0171sorra lesz ford\u00edtva!<\/p>\n<p><strong><u>IFJ\u00daS\u00c1GI MISE:<\/u><\/strong> \u00c1prilis 22-\u00e9n lesz az ifj\u00fas\u00e1gi mise-, az el\u0151z\u0151 h\u00edrlevel\u00fcnkben el\u00edr\u00e1s t\u00f6rt\u00e9nt!<\/p>\n<p><strong><u>CSERK\u00c9SZ B\u00c1L:<\/u><\/strong> \u00a0\u201e<em>\u00dcnnepelje vel\u00fcnk a Cserk\u00e9sz Bar\u00e1tok K\u00f6re 60. \u00e9v\u00e9t! Poharaz\u00e1s el\u0151\u00e9telekkel, pezsg\u0151s koccint\u00e1s, finom vacsora, els\u0151 b\u00e1loz\u00f3k nyit\u00f3 t\u00e1nc, Harm\u00f3nia zenekar, Reg\u00f6s palot\u00e1s \u00e9s \u00e9jf\u00e9li \u00e9des finoms\u00e1g! R\u00e9szletes inform\u00e1ci\u00f3 a honlapunkon. R\u00e9szletek a sz\u00f3r\u00f3lapokon!<\/em> <em>Helysz\u00edn: Woodside Event Center at St Michael&#8217;s\u00a0<\/em><em>5025 Mill Rd, Broadview Heights, OH 44147, Egyes\u00fclt \u00c1llamok\u201d <\/em><strong>(Forr\u00e1s: <a href=\"https:\/\/csbk.org\/\">https:\/\/csbk.org\/<\/a> )<\/strong><\/p>\n<p><strong><u>GY\u00dcM\u00d6LCSOLT\u00d3 BOLDOGASSZONY:<\/u><\/strong> H\u00e9tf\u0151n \u00fcnnepelj\u00fck Urunk J\u00e9zus fogantat\u00e1s\u00e1snak h\u00edr\u00fclad\u00e1s\u00e1t, m\u00e1rcius 25. helyett!<\/p>\n<p><strong>AKIK A H\u00c9TEN \u00dcNNEPLIK SZ\u00dcLET\u00c9S VAGY N\u00c9VNAPJUKAT, AZOK SZ\u00c1M\u00c1RA ISTEN \u00c1LD\u00c1S\u00c1T K\u00c9RJ\u00dcK!<\/strong><\/p>\n","protected":false},"excerpt":{"rendered":"<p>SECOND SUNDAY OF EASTER \u2013 April 8, 2018 \u2013 H\u00daSV\u00c9T 2. VAS\u00c1RNAPJA \u2013 ISTENI IRGALMASS\u00c1G VAS\u00c1RNAPJA V\u00c1LASZOS ZSOLT\u00c1R: Adjatok h\u00e1l\u00e1t az \u00darnak, mert j\u00f3, * mivel irgalma \u00f6r\u00f6kk\u00e9 megmarad. RESPONSORIAL PSALM: Give thanks to the LORD, for he is good, his love is everlasting. THIS SUNDAY\u2019S MASS: For Gizella D\u00f6m\u00f6t\u00f6r, by Family (Erzs\u00e9bet Kov\u00e1cs) MASS [&hellip;]<\/p>\n","protected":false},"author":3,"featured_media":3254,"comment_status":"open","ping_status":"open","sticky":false,"template":"","format":"standard","meta":{"jetpack_post_was_ever_published":false,"_jetpack_newsletter_access":"","_jetpack_dont_email_post_to_subs":false,"_jetpack_newsletter_tier_id":0,"_jetpack_memberships_contains_paywalled_content":false,"_jetpack_memberships_contains_paid_content":false,"footnotes":"","jetpack_publicize_message":"","jetpack_publicize_feature_enabled":true,"jetpack_social_post_already_shared":true,"jetpack_social_options":{"image_generator_settings":{"template":"highway","default_image_id":0,"font":"","enabled":false},"version":2}},"categories":[12],"tags":[],"class_list":["post-3257","post","type-post","status-publish","format-standard","has-post-thumbnail","hentry","category-ertesito"],"yoast_head":"<!-- This site is optimized with the Yoast SEO plugin v27.4 - https:\/\/yoast.com\/product\/yoast-seo-wordpress\/ -->\n<title>H\u00daSV\u00c9T 2. - AZ ISTENI IRGALMASS\u00c1G - VAS\u00c1RNAPJA, 2018. \u00c1PRILIS 8. - St. Emeric Church<\/title>\n<meta name=\"robots\" content=\"index, follow, max-snippet:-1, max-image-preview:large, max-video-preview:-1\" \/>\n<link rel=\"canonical\" href=\"https:\/\/stemeric.com\/second-sunday-of-easter-april-8-2018\/\" \/>\n<meta property=\"og:locale\" content=\"hu_HU\" \/>\n<meta property=\"og:type\" content=\"article\" \/>\n<meta property=\"og:title\" content=\"H\u00daSV\u00c9T 2. - AZ ISTENI IRGALMASS\u00c1G - VAS\u00c1RNAPJA, 2018. \u00c1PRILIS 8. - St. Emeric Church\" \/>\n<meta property=\"og:description\" content=\"SECOND SUNDAY OF EASTER \u2013 April 8, 2018 \u2013 H\u00daSV\u00c9T 2. VAS\u00c1RNAPJA \u2013 ISTENI IRGALMASS\u00c1G VAS\u00c1RNAPJA V\u00c1LASZOS ZSOLT\u00c1R: Adjatok h\u00e1l\u00e1t az \u00darnak, mert j\u00f3, * mivel irgalma \u00f6r\u00f6kk\u00e9 megmarad. RESPONSORIAL PSALM: Give thanks to the LORD, for he is good, his love is everlasting. THIS SUNDAY\u2019S MASS: For Gizella D\u00f6m\u00f6t\u00f6r, by Family (Erzs\u00e9bet Kov\u00e1cs) MASS [&hellip;]\" \/>\n<meta property=\"og:url\" content=\"https:\/\/stemeric.com\/second-sunday-of-easter-april-8-2018\/\" \/>\n<meta property=\"og:site_name\" content=\"St. Emeric Church\" \/>\n<meta property=\"article:publisher\" content=\"https:\/\/www.facebook.com\/saintemeric\" \/>\n<meta property=\"article:published_time\" content=\"2018-04-08T01:12:41+00:00\" \/>\n<meta property=\"article:modified_time\" content=\"2018-04-08T01:16:53+00:00\" \/>\n<meta property=\"og:image\" content=\"https:\/\/stemeric.com\/wp-content\/uploads\/2018\/04\/thomas_caravaggio.jpg\" \/>\n\t<meta property=\"og:image:width\" content=\"800\" \/>\n\t<meta property=\"og:image:height\" content=\"660\" \/>\n\t<meta property=\"og:image:type\" content=\"image\/jpeg\" \/>\n<meta name=\"author\" content=\"Fr. Andras Mezei\" \/>\n<meta name=\"twitter:card\" content=\"summary_large_image\" \/>\n<meta name=\"twitter:label1\" content=\"Szerz\u0151:\" \/>\n\t<meta name=\"twitter:data1\" content=\"Fr. Andras Mezei\" \/>\n\t<meta name=\"twitter:label2\" content=\"Becs\u00fclt olvas\u00e1si id\u0151\" \/>\n\t<meta name=\"twitter:data2\" content=\"3 perc\" \/>\n<script type=\"application\/ld+json\" class=\"yoast-schema-graph\">{\"@context\":\"https:\\\/\\\/schema.org\",\"@graph\":[{\"@type\":\"Article\",\"@id\":\"https:\\\/\\\/stemeric.com\\\/second-sunday-of-easter-april-8-2018\\\/#article\",\"isPartOf\":{\"@id\":\"https:\\\/\\\/stemeric.com\\\/second-sunday-of-easter-april-8-2018\\\/\"},\"author\":{\"name\":\"Fr. Andras Mezei\",\"@id\":\"https:\\\/\\\/stemeric.com\\\/#\\\/schema\\\/person\\\/a9129aeb3a3d72fc6b7a387c4252eeb7\"},\"headline\":\"H\u00daSV\u00c9T 2. &#8211; AZ ISTENI IRGALMASS\u00c1G &#8211; VAS\u00c1RNAPJA, 2018. \u00c1PRILIS 8.\",\"datePublished\":\"2018-04-08T01:12:41+00:00\",\"dateModified\":\"2018-04-08T01:16:53+00:00\",\"mainEntityOfPage\":{\"@id\":\"https:\\\/\\\/stemeric.com\\\/second-sunday-of-easter-april-8-2018\\\/\"},\"wordCount\":582,\"commentCount\":0,\"publisher\":{\"@id\":\"https:\\\/\\\/stemeric.com\\\/#organization\"},\"image\":{\"@id\":\"https:\\\/\\\/stemeric.com\\\/second-sunday-of-easter-april-8-2018\\\/#primaryimage\"},\"thumbnailUrl\":\"https:\\\/\\\/i0.wp.com\\\/stemeric.com\\\/wp-content\\\/uploads\\\/2018\\\/04\\\/thomas_caravaggio.jpg?fit=800%2C660&ssl=1\",\"articleSection\":[\"\u00c9rtes\u00edt\u0151\"],\"inLanguage\":\"hu\",\"potentialAction\":[{\"@type\":\"CommentAction\",\"name\":\"Comment\",\"target\":[\"https:\\\/\\\/stemeric.com\\\/second-sunday-of-easter-april-8-2018\\\/#respond\"]}]},{\"@type\":\"WebPage\",\"@id\":\"https:\\\/\\\/stemeric.com\\\/second-sunday-of-easter-april-8-2018\\\/\",\"url\":\"https:\\\/\\\/stemeric.com\\\/second-sunday-of-easter-april-8-2018\\\/\",\"name\":\"H\u00daSV\u00c9T 2. - AZ ISTENI IRGALMASS\u00c1G - VAS\u00c1RNAPJA, 2018. \u00c1PRILIS 8. - St. Emeric Church\",\"isPartOf\":{\"@id\":\"https:\\\/\\\/stemeric.com\\\/#website\"},\"primaryImageOfPage\":{\"@id\":\"https:\\\/\\\/stemeric.com\\\/second-sunday-of-easter-april-8-2018\\\/#primaryimage\"},\"image\":{\"@id\":\"https:\\\/\\\/stemeric.com\\\/second-sunday-of-easter-april-8-2018\\\/#primaryimage\"},\"thumbnailUrl\":\"https:\\\/\\\/i0.wp.com\\\/stemeric.com\\\/wp-content\\\/uploads\\\/2018\\\/04\\\/thomas_caravaggio.jpg?fit=800%2C660&ssl=1\",\"datePublished\":\"2018-04-08T01:12:41+00:00\",\"dateModified\":\"2018-04-08T01:16:53+00:00\",\"breadcrumb\":{\"@id\":\"https:\\\/\\\/stemeric.com\\\/second-sunday-of-easter-april-8-2018\\\/#breadcrumb\"},\"inLanguage\":\"hu\",\"potentialAction\":[{\"@type\":\"ReadAction\",\"target\":[\"https:\\\/\\\/stemeric.com\\\/second-sunday-of-easter-april-8-2018\\\/\"]}]},{\"@type\":\"ImageObject\",\"inLanguage\":\"hu\",\"@id\":\"https:\\\/\\\/stemeric.com\\\/second-sunday-of-easter-april-8-2018\\\/#primaryimage\",\"url\":\"https:\\\/\\\/i0.wp.com\\\/stemeric.com\\\/wp-content\\\/uploads\\\/2018\\\/04\\\/thomas_caravaggio.jpg?fit=800%2C660&ssl=1\",\"contentUrl\":\"https:\\\/\\\/i0.wp.com\\\/stemeric.com\\\/wp-content\\\/uploads\\\/2018\\\/04\\\/thomas_caravaggio.jpg?fit=800%2C660&ssl=1\",\"width\":800,\"height\":660},{\"@type\":\"BreadcrumbList\",\"@id\":\"https:\\\/\\\/stemeric.com\\\/second-sunday-of-easter-april-8-2018\\\/#breadcrumb\",\"itemListElement\":[{\"@type\":\"ListItem\",\"position\":1,\"name\":\"Home\",\"item\":\"https:\\\/\\\/stemeric.com\\\/hu\\\/\"},{\"@type\":\"ListItem\",\"position\":2,\"name\":\"H\u00daSV\u00c9T 2. &#8211; AZ ISTENI IRGALMASS\u00c1G &#8211; VAS\u00c1RNAPJA, 2018. \u00c1PRILIS 8.\"}]},{\"@type\":\"WebSite\",\"@id\":\"https:\\\/\\\/stemeric.com\\\/#website\",\"url\":\"https:\\\/\\\/stemeric.com\\\/\",\"name\":\"St. Emeric Church\",\"description\":\"Szent Imre R\u00f3mai Katolikus Magyar Egyh\u00e1zk\u00f6zs\u00e9g\",\"publisher\":{\"@id\":\"https:\\\/\\\/stemeric.com\\\/#organization\"},\"potentialAction\":[{\"@type\":\"SearchAction\",\"target\":{\"@type\":\"EntryPoint\",\"urlTemplate\":\"https:\\\/\\\/stemeric.com\\\/?s={search_term_string}\"},\"query-input\":{\"@type\":\"PropertyValueSpecification\",\"valueRequired\":true,\"valueName\":\"search_term_string\"}}],\"inLanguage\":\"hu\"},{\"@type\":\"Organization\",\"@id\":\"https:\\\/\\\/stemeric.com\\\/#organization\",\"name\":\"St. Emeric Church\",\"url\":\"https:\\\/\\\/stemeric.com\\\/\",\"logo\":{\"@type\":\"ImageObject\",\"inLanguage\":\"hu\",\"@id\":\"https:\\\/\\\/stemeric.com\\\/#\\\/schema\\\/logo\\\/image\\\/\",\"url\":\"https:\\\/\\\/stemeric.com\\\/wp-content\\\/uploads\\\/2015\\\/11\\\/SzentImre4.png\",\"contentUrl\":\"https:\\\/\\\/stemeric.com\\\/wp-content\\\/uploads\\\/2015\\\/11\\\/SzentImre4.png\",\"width\":800,\"height\":167,\"caption\":\"St. Emeric Church\"},\"image\":{\"@id\":\"https:\\\/\\\/stemeric.com\\\/#\\\/schema\\\/logo\\\/image\\\/\"},\"sameAs\":[\"https:\\\/\\\/www.facebook.com\\\/saintemeric\"]},{\"@type\":\"Person\",\"@id\":\"https:\\\/\\\/stemeric.com\\\/#\\\/schema\\\/person\\\/a9129aeb3a3d72fc6b7a387c4252eeb7\",\"name\":\"Fr. Andras Mezei\",\"image\":{\"@type\":\"ImageObject\",\"inLanguage\":\"hu\",\"@id\":\"https:\\\/\\\/secure.gravatar.com\\\/avatar\\\/f2d48dce47b76c650bfce345a02e13ea58588c82f63ca35fd6d53776005ab90a?s=96&d=mm&r=g\",\"url\":\"https:\\\/\\\/secure.gravatar.com\\\/avatar\\\/f2d48dce47b76c650bfce345a02e13ea58588c82f63ca35fd6d53776005ab90a?s=96&d=mm&r=g\",\"contentUrl\":\"https:\\\/\\\/secure.gravatar.com\\\/avatar\\\/f2d48dce47b76c650bfce345a02e13ea58588c82f63ca35fd6d53776005ab90a?s=96&d=mm&r=g\",\"caption\":\"Fr. Andras Mezei\"},\"url\":\"https:\\\/\\\/stemeric.com\\\/hu\\\/author\\\/mezeiandras\\\/\"}]}<\/script>\n<!-- \/ Yoast SEO plugin. -->","yoast_head_json":{"title":"H\u00daSV\u00c9T 2. - AZ ISTENI IRGALMASS\u00c1G - VAS\u00c1RNAPJA, 2018. \u00c1PRILIS 8. - St. Emeric Church","robots":{"index":"index","follow":"follow","max-snippet":"max-snippet:-1","max-image-preview":"max-image-preview:large","max-video-preview":"max-video-preview:-1"},"canonical":"https:\/\/stemeric.com\/second-sunday-of-easter-april-8-2018\/","og_locale":"hu_HU","og_type":"article","og_title":"H\u00daSV\u00c9T 2. - AZ ISTENI IRGALMASS\u00c1G - VAS\u00c1RNAPJA, 2018. \u00c1PRILIS 8. - St. Emeric Church","og_description":"SECOND SUNDAY OF EASTER \u2013 April 8, 2018 \u2013 H\u00daSV\u00c9T 2. VAS\u00c1RNAPJA \u2013 ISTENI IRGALMASS\u00c1G VAS\u00c1RNAPJA V\u00c1LASZOS ZSOLT\u00c1R: Adjatok h\u00e1l\u00e1t az \u00darnak, mert j\u00f3, * mivel irgalma \u00f6r\u00f6kk\u00e9 megmarad. RESPONSORIAL PSALM: Give thanks to the LORD, for he is good, his love is everlasting. THIS SUNDAY\u2019S MASS: For Gizella D\u00f6m\u00f6t\u00f6r, by Family (Erzs\u00e9bet Kov\u00e1cs) MASS [&hellip;]","og_url":"https:\/\/stemeric.com\/second-sunday-of-easter-april-8-2018\/","og_site_name":"St. Emeric Church","article_publisher":"https:\/\/www.facebook.com\/saintemeric","article_published_time":"2018-04-08T01:12:41+00:00","article_modified_time":"2018-04-08T01:16:53+00:00","og_image":[{"width":800,"height":660,"url":"https:\/\/stemeric.com\/wp-content\/uploads\/2018\/04\/thomas_caravaggio.jpg","type":"image\/jpeg"}],"author":"Fr. Andras Mezei","twitter_card":"summary_large_image","twitter_misc":{"Szerz\u0151:":"Fr. Andras Mezei","Becs\u00fclt olvas\u00e1si id\u0151":"3 perc"},"schema":{"@context":"https:\/\/schema.org","@graph":[{"@type":"Article","@id":"https:\/\/stemeric.com\/second-sunday-of-easter-april-8-2018\/#article","isPartOf":{"@id":"https:\/\/stemeric.com\/second-sunday-of-easter-april-8-2018\/"},"author":{"name":"Fr. Andras Mezei","@id":"https:\/\/stemeric.com\/#\/schema\/person\/a9129aeb3a3d72fc6b7a387c4252eeb7"},"headline":"H\u00daSV\u00c9T 2. &#8211; AZ ISTENI IRGALMASS\u00c1G &#8211; VAS\u00c1RNAPJA, 2018. \u00c1PRILIS 8.","datePublished":"2018-04-08T01:12:41+00:00","dateModified":"2018-04-08T01:16:53+00:00","mainEntityOfPage":{"@id":"https:\/\/stemeric.com\/second-sunday-of-easter-april-8-2018\/"},"wordCount":582,"commentCount":0,"publisher":{"@id":"https:\/\/stemeric.com\/#organization"},"image":{"@id":"https:\/\/stemeric.com\/second-sunday-of-easter-april-8-2018\/#primaryimage"},"thumbnailUrl":"https:\/\/i0.wp.com\/stemeric.com\/wp-content\/uploads\/2018\/04\/thomas_caravaggio.jpg?fit=800%2C660&ssl=1","articleSection":["\u00c9rtes\u00edt\u0151"],"inLanguage":"hu","potentialAction":[{"@type":"CommentAction","name":"Comment","target":["https:\/\/stemeric.com\/second-sunday-of-easter-april-8-2018\/#respond"]}]},{"@type":"WebPage","@id":"https:\/\/stemeric.com\/second-sunday-of-easter-april-8-2018\/","url":"https:\/\/stemeric.com\/second-sunday-of-easter-april-8-2018\/","name":"H\u00daSV\u00c9T 2. - AZ ISTENI IRGALMASS\u00c1G - VAS\u00c1RNAPJA, 2018. \u00c1PRILIS 8. - St. Emeric Church","isPartOf":{"@id":"https:\/\/stemeric.com\/#website"},"primaryImageOfPage":{"@id":"https:\/\/stemeric.com\/second-sunday-of-easter-april-8-2018\/#primaryimage"},"image":{"@id":"https:\/\/stemeric.com\/second-sunday-of-easter-april-8-2018\/#primaryimage"},"thumbnailUrl":"https:\/\/i0.wp.com\/stemeric.com\/wp-content\/uploads\/2018\/04\/thomas_caravaggio.jpg?fit=800%2C660&ssl=1","datePublished":"2018-04-08T01:12:41+00:00","dateModified":"2018-04-08T01:16:53+00:00","breadcrumb":{"@id":"https:\/\/stemeric.com\/second-sunday-of-easter-april-8-2018\/#breadcrumb"},"inLanguage":"hu","potentialAction":[{"@type":"ReadAction","target":["https:\/\/stemeric.com\/second-sunday-of-easter-april-8-2018\/"]}]},{"@type":"ImageObject","inLanguage":"hu","@id":"https:\/\/stemeric.com\/second-sunday-of-easter-april-8-2018\/#primaryimage","url":"https:\/\/i0.wp.com\/stemeric.com\/wp-content\/uploads\/2018\/04\/thomas_caravaggio.jpg?fit=800%2C660&ssl=1","contentUrl":"https:\/\/i0.wp.com\/stemeric.com\/wp-content\/uploads\/2018\/04\/thomas_caravaggio.jpg?fit=800%2C660&ssl=1","width":800,"height":660},{"@type":"BreadcrumbList","@id":"https:\/\/stemeric.com\/second-sunday-of-easter-april-8-2018\/#breadcrumb","itemListElement":[{"@type":"ListItem","position":1,"name":"Home","item":"https:\/\/stemeric.com\/hu\/"},{"@type":"ListItem","position":2,"name":"H\u00daSV\u00c9T 2. &#8211; AZ ISTENI IRGALMASS\u00c1G &#8211; VAS\u00c1RNAPJA, 2018. \u00c1PRILIS 8."}]},{"@type":"WebSite","@id":"https:\/\/stemeric.com\/#website","url":"https:\/\/stemeric.com\/","name":"St. Emeric Church","description":"Szent Imre R\u00f3mai Katolikus Magyar Egyh\u00e1zk\u00f6zs\u00e9g","publisher":{"@id":"https:\/\/stemeric.com\/#organization"},"potentialAction":[{"@type":"SearchAction","target":{"@type":"EntryPoint","urlTemplate":"https:\/\/stemeric.com\/?s={search_term_string}"},"query-input":{"@type":"PropertyValueSpecification","valueRequired":true,"valueName":"search_term_string"}}],"inLanguage":"hu"},{"@type":"Organization","@id":"https:\/\/stemeric.com\/#organization","name":"St. Emeric Church","url":"https:\/\/stemeric.com\/","logo":{"@type":"ImageObject","inLanguage":"hu","@id":"https:\/\/stemeric.com\/#\/schema\/logo\/image\/","url":"https:\/\/stemeric.com\/wp-content\/uploads\/2015\/11\/SzentImre4.png","contentUrl":"https:\/\/stemeric.com\/wp-content\/uploads\/2015\/11\/SzentImre4.png","width":800,"height":167,"caption":"St. Emeric Church"},"image":{"@id":"https:\/\/stemeric.com\/#\/schema\/logo\/image\/"},"sameAs":["https:\/\/www.facebook.com\/saintemeric"]},{"@type":"Person","@id":"https:\/\/stemeric.com\/#\/schema\/person\/a9129aeb3a3d72fc6b7a387c4252eeb7","name":"Fr. Andras Mezei","image":{"@type":"ImageObject","inLanguage":"hu","@id":"https:\/\/secure.gravatar.com\/avatar\/f2d48dce47b76c650bfce345a02e13ea58588c82f63ca35fd6d53776005ab90a?s=96&d=mm&r=g","url":"https:\/\/secure.gravatar.com\/avatar\/f2d48dce47b76c650bfce345a02e13ea58588c82f63ca35fd6d53776005ab90a?s=96&d=mm&r=g","contentUrl":"https:\/\/secure.gravatar.com\/avatar\/f2d48dce47b76c650bfce345a02e13ea58588c82f63ca35fd6d53776005ab90a?s=96&d=mm&r=g","caption":"Fr. Andras Mezei"},"url":"https:\/\/stemeric.com\/hu\/author\/mezeiandras\/"}]}},"jetpack_publicize_connections":[],"jetpack_featured_media_url":"https:\/\/i0.wp.com\/stemeric.com\/wp-content\/uploads\/2018\/04\/thomas_caravaggio.jpg?fit=800%2C660&ssl=1","jetpack_sharing_enabled":true,"jetpack_shortlink":"https:\/\/wp.me\/pffxLh-Qx","_links":{"self":[{"href":"https:\/\/stemeric.com\/hu\/wp-json\/wp\/v2\/posts\/3257","targetHints":{"allow":["GET"]}}],"collection":[{"href":"https:\/\/stemeric.com\/hu\/wp-json\/wp\/v2\/posts"}],"about":[{"href":"https:\/\/stemeric.com\/hu\/wp-json\/wp\/v2\/types\/post"}],"author":[{"embeddable":true,"href":"https:\/\/stemeric.com\/hu\/wp-json\/wp\/v2\/users\/3"}],"replies":[{"embeddable":true,"href":"https:\/\/stemeric.com\/hu\/wp-json\/wp\/v2\/comments?post=3257"}],"version-history":[{"count":3,"href":"https:\/\/stemeric.com\/hu\/wp-json\/wp\/v2\/posts\/3257\/revisions"}],"predecessor-version":[{"id":3260,"href":"https:\/\/stemeric.com\/hu\/wp-json\/wp\/v2\/posts\/3257\/revisions\/3260"}],"wp:featuredmedia":[{"embeddable":true,"href":"https:\/\/stemeric.com\/hu\/wp-json\/wp\/v2\/media\/3254"}],"wp:attachment":[{"href":"https:\/\/stemeric.com\/hu\/wp-json\/wp\/v2\/media?parent=3257"}],"wp:term":[{"taxonomy":"category","embeddable":true,"href":"https:\/\/stemeric.com\/hu\/wp-json\/wp\/v2\/categories?post=3257"},{"taxonomy":"post_tag","embeddable":true,"href":"https:\/\/stemeric.com\/hu\/wp-json\/wp\/v2\/tags?post=3257"}],"curies":[{"name":"wp","href":"https:\/\/api.w.org\/{rel}","templated":true}]}}