{"id":3324,"date":"2018-04-21T21:55:36","date_gmt":"2018-04-22T01:55:36","guid":{"rendered":"https:\/\/stemeric.com\/?p=3324"},"modified":"2018-04-21T22:01:17","modified_gmt":"2018-04-22T02:01:17","slug":"husvet-4-vasarnapja-papi-es-szerzetesei-hivatasok-vasarnapja-2018-aprilis-22","status":"publish","type":"post","link":"https:\/\/stemeric.com\/hu\/husvet-4-vasarnapja-papi-es-szerzetesei-hivatasok-vasarnapja-2018-aprilis-22\/","title":{"rendered":"H\u00daSV\u00c9T 4. VAS\u00c1RNAPJA &#8211; PAPI \u00c9S SZERZETESEI HIVAT\u00c1SOK VAS\u00c1RNAPJA &#8211; 2018. \u00c1PRILIS 22."},"content":{"rendered":"<p><a href=\"https:\/\/stemeric.com\/fourth-sunday-of-easter-april-22-2018\/bernhard_plockhorst_-_good_shephard\/\" rel=\"attachment wp-att-3321\"><img data-recalc-dims=\"1\" decoding=\"async\" class=\"alignnone size-medium wp-image-3321 lazyload\" data-src=\"https:\/\/i0.wp.com\/stemeric.com\/wp-content\/uploads\/2018\/04\/Bernhard_Plockhorst_-_Good_Shephard.jpg?resize=204%2C300&#038;ssl=1\" alt=\"\" width=\"204\" height=\"300\" data-srcset=\"https:\/\/i0.wp.com\/stemeric.com\/wp-content\/uploads\/2018\/04\/Bernhard_Plockhorst_-_Good_Shephard.jpg?resize=204%2C300&amp;ssl=1 204w, https:\/\/i0.wp.com\/stemeric.com\/wp-content\/uploads\/2018\/04\/Bernhard_Plockhorst_-_Good_Shephard.jpg?resize=768%2C1129&amp;ssl=1 768w, https:\/\/i0.wp.com\/stemeric.com\/wp-content\/uploads\/2018\/04\/Bernhard_Plockhorst_-_Good_Shephard.jpg?w=544&amp;ssl=1 544w\" data-sizes=\"(max-width: 204px) 100vw, 204px\" src=\"data:image\/svg+xml;base64,PHN2ZyB3aWR0aD0iMSIgaGVpZ2h0PSIxIiB4bWxucz0iaHR0cDovL3d3dy53My5vcmcvMjAwMC9zdmciPjwvc3ZnPg==\" style=\"--smush-placeholder-width: 204px; --smush-placeholder-aspect-ratio: 204\/300;\" \/><\/a><\/p>\n<h5>FOURTH SUNDAY OF EASTER \u2013 April 22, 2018 \u2013 H\u00daSV\u00c9T 4. PAPI \u00c9S SZERZETESI HIVAT\u00c1SOK &#8211; VAS\u00c1RNAPJA<\/h5>\n<h5>V\u00c1LASZOS ZSOLT\u00c1R: A k\u0151, amelyet az \u00e9p\u00edt\u0151k f\u00e9lredobtak, * \u00edme, az lett szegletk\u0151v\u00e9.<\/h5>\n<h5>RESPONSORIAL PSALM: The stone rejected by the builders has become the cornerstone.<\/h5>\n<h5>THIS SUNDAY\u2019S MASS: For J\u00e1nos Moln\u00e1r, by Family<\/h5>\n<p><strong><u>MASS INTENTIONS FOR THE COMING WEEK:\u00a0 <\/u><\/strong><\/p>\n<table width=\"0\">\n<tbody>\n<tr>\n<td width=\"80\">April<\/td>\n<td width=\"36\">\u00a023<\/td>\n<td width=\"102\">Monday<\/td>\n<td width=\"91\">\u00a09:00 \u00a0\u00a0AM<\/td>\n<td width=\"362\">No Intention requested<\/td>\n<\/tr>\n<tr>\n<td width=\"80\">April<\/td>\n<td width=\"36\">\u00a025<\/td>\n<td width=\"102\">Wednesday<\/td>\n<td width=\"91\">\u00a09:00 \u00a0\u00a0AM<\/td>\n<td width=\"362\">For the poor souls in Purgatory<\/td>\n<\/tr>\n<tr>\n<td width=\"80\">April<\/td>\n<td width=\"36\">\u00a027<\/td>\n<td width=\"102\">Friday<\/td>\n<td width=\"91\">\u00a09:00\u00a0\u00a0 AM<\/td>\n<td width=\"362\">For priestly vocations<\/td>\n<\/tr>\n<tr>\n<td width=\"80\">April<\/td>\n<td width=\"36\">\u00a028<\/td>\n<td width=\"102\">Saturday<\/td>\n<td width=\"91\">\u00a05:00\u00a0\u00a0 \u00a0PM<\/td>\n<td width=\"362\">For the parishioners of St. Emeric<\/td>\n<\/tr>\n<tr>\n<td width=\"80\">April<\/td>\n<td width=\"36\">\u00a029&nbsp;<\/td>\n<td width=\"102\">Sunday<\/td>\n<td width=\"91\">11:00\u00a0 AM&nbsp;<\/td>\n<td width=\"362\">For B\u00e9la Kocsk\u00e1r, by Family<\/td>\n<\/tr>\n<\/tbody>\n<\/table>\n<p>Memorial donations in loving memory of John K\u0151r\u00f6ssy: $200. from Edith Lauer; and $25. From Markus Family. THANK YOU ALL FOR YOUR GENEROSITY!<\/p>\n<p><strong><u>A \u00a0SZENT IMRE R\u00d3MAI KATOLIKUS MAGYAR EGYH\u00c1ZK\u00d6ZS\u00c9G \u00c9RTES\u00cdT\u0150JE<\/u><\/strong><\/p>\n<p><strong><u>IFJ\u00daS\u00c1GI MISE:<\/u><\/strong> Szeretettel k\u00f6sz\u00f6nt\u00fcnk mindenkit templomunkban! Az ifj\u00fas\u00e1gi mise ut\u00e1n szeretettel v\u00e1runk mindenkit k\u00e1v\u00e9ra \u00e9s tort\u00e1ra, valamint \u00e1prilis h\u00f3nap sz\u00fcl\u00f6tteinek k\u00f6sz\u00f6nt\u00e9s\u00e9re! Ugyanakkor a Cserk\u00e9sz-Reg\u00f6s\u00f6k guly\u00e1slevest \u00e1rulnak elvitelre vagy helybeni fogyaszt\u00e1sra! Fogyaszt\u00e1sukkal t\u00e1mogass\u00e1k a Reg\u00f6s\u00f6k 45. g\u00e1lam\u0171sor\u00e1nak megszervez\u00e9s\u00e9t!<\/p>\n<p><strong><u>SZENTGY\u00d3N\u00c1S:<\/u> <\/strong>A szentmis\u00e9k el\u0151tt, illetve megbesz\u00e9l\u00e9s szerint lehet szentgy\u00f3n\u00e1st v\u00e9gezni.<\/p>\n<p><strong><u>GULY\u00c1SLEVES \u2013 L\u00c1NGOS EB\u00c9D<\/u>: Mai<\/strong> vas\u00e1rnap du. 12-2 \u00f3ra k\u00f6z\u00f6tt a Cserk\u00e9sz-Reg\u00f6s csapat p\u00e9nzgy\u0171jt\u0151 akci\u00f3 keret\u00e9ben finom eb\u00e9det \u00e1rul elvitelre valamint helybeni fogyaszt\u00e1sra a Szent Imre templomn\u00e1l! Men\u00fc: Guly\u00e1sleves $7., L\u00e1ngos $4., Guly\u00e1s-l\u00e1ngos $10., Csal\u00e1di eb\u00e9d 4 f\u0151re $35. A nyeres\u00e9g a novemberi g\u00e1lam\u0171sorra lesz ford\u00edtva!<\/p>\n<p><strong><u>CSERK\u00c9SZ B\u00c1L:<\/u><\/strong>\u00a0 \u201e<em>\u00dcnnepelje vel\u00fcnk a Cserk\u00e9sz Bar\u00e1tok K\u00f6re 60. \u00e9v\u00e9t! Poharaz\u00e1s el\u0151\u00e9telekkel, pezsg\u0151s koccint\u00e1s, finom vacsora, els\u0151 b\u00e1loz\u00f3k nyit\u00f3 t\u00e1nc, Harm\u00f3nia zenekar, Reg\u00f6s palot\u00e1s \u00e9s \u00e9jf\u00e9li \u00e9des finoms\u00e1g! R\u00e9szletes inform\u00e1ci\u00f3 a honlapunkon. R\u00e9szletek a sz\u00f3r\u00f3lapokon!<\/em> <em>Helysz\u00edn: Woodside Event Center at St Michael&#8217;s<\/em><\/p>\n<p><em>5025 Mill Rd, Broadview Heights, OH 44147, Egyes\u00fclt \u00c1llamok\u201d <\/em><strong>(Forr\u00e1s: <\/strong><a href=\"https:\/\/csbk.org\/\"><strong>https:\/\/csbk.org\/<\/strong><\/a><strong> )<\/strong><\/p>\n<p><strong><u>M\u00c1SODIK GY\u0170JT\u00c9S<\/u><\/strong>: J\u00f6v\u0151 vas\u00e1rnap m\u00e1sodik gy\u0171jt\u00e9s lesz a helyi misszi\u00f3 \u2013 a Clevelandi Egyh\u00e1zmegye \u2013 jav\u00e1ra!<\/p>\n<p><strong><u>GY\u00c1SZJELENT\u00c9S:<\/u><\/strong> F\u00e1jdalommal, de Isten akarat\u00e1ban megnyugodva tudatjuk, hogy K\u00f6ll\u0151 Lajos, \u00e9let\u00e9nek 83. \u00e9v\u00e9ben\u00a0 hosszas de t\u00fcrelmesen viselt szenved\u00e9sei ut\u00e1n magsz\u00fcnt a sz\u00edve dobogni. Virraszt\u00e1s \u2013 l\u00e1togat\u00e1s a ravataloz\u00f3ban, \u00e1prilis 22-\u00e9n 4-7PM k\u00f6z\u00f6tt. K\u00f6z\u00f6s ima\u00f3ra este 6PM \u00f3rakor lesz az al\u00e1bbi c\u00edmen tal\u00e1lhat\u00f3 ravataloz\u00f3ban: Hopko Funeral Home, 6020 Broadview Rd, Cleveland. Temet\u00e9si b\u00facs\u00faztat\u00f3ja, \u00e1prilis 23-\u00e1n, h\u00e9tf\u0151n 11 \u00f3rakor, \u00a0lesz a Hopko Funeral Home k\u00e1poln\u00e1j\u00e1ban. Gy\u00e1szmise lelki \u00fcdv\u00f6ss\u00e9g\u00e9\u00e9rt a k\u00e9s\u0151bbiekben lesz, amelyr\u0151l a k\u00e9s\u0151bbiekben t\u00e1j\u00e9koztat a csal\u00e1d! ADJ URAM \u00d6R\u00d6K NYUGODALMAT NEKI!<\/p>\n<p><strong>AKIK A H\u00c9TEN \u00dcNNEPLIK SZ\u00dcLET\u00c9S VAGY N\u00c9VNAPJUKAT, AZOK SZ\u00c1M\u00c1RA ISTEN \u00c1LD\u00c1S\u00c1T K\u00c9RJ\u00dcK!<\/strong><\/p>\n<p>&nbsp;<\/p>\n","protected":false},"excerpt":{"rendered":"<p>FOURTH SUNDAY OF EASTER \u2013 April 22, 2018 \u2013 H\u00daSV\u00c9T 4. PAPI \u00c9S SZERZETESI HIVAT\u00c1SOK &#8211; VAS\u00c1RNAPJA V\u00c1LASZOS ZSOLT\u00c1R: A k\u0151, amelyet az \u00e9p\u00edt\u0151k f\u00e9lredobtak, * \u00edme, az lett szegletk\u0151v\u00e9. RESPONSORIAL PSALM: The stone rejected by the builders has become the cornerstone. THIS SUNDAY\u2019S MASS: For J\u00e1nos Moln\u00e1r, by Family MASS INTENTIONS FOR THE COMING [&hellip;]<\/p>\n","protected":false},"author":3,"featured_media":3321,"comment_status":"open","ping_status":"open","sticky":false,"template":"","format":"standard","meta":{"jetpack_post_was_ever_published":false,"_jetpack_newsletter_access":"","_jetpack_dont_email_post_to_subs":false,"_jetpack_newsletter_tier_id":0,"_jetpack_memberships_contains_paywalled_content":false,"_jetpack_memberships_contains_paid_content":false,"footnotes":"","jetpack_publicize_message":"","jetpack_publicize_feature_enabled":true,"jetpack_social_post_already_shared":true,"jetpack_social_options":{"image_generator_settings":{"template":"highway","default_image_id":0,"font":"","enabled":false},"version":2}},"categories":[12],"tags":[],"class_list":["post-3324","post","type-post","status-publish","format-standard","has-post-thumbnail","hentry","category-ertesito"],"yoast_head":"<!-- This site is optimized with the Yoast SEO plugin v27.4 - https:\/\/yoast.com\/product\/yoast-seo-wordpress\/ -->\n<title>H\u00daSV\u00c9T 4. VAS\u00c1RNAPJA - PAPI \u00c9S SZERZETESEI HIVAT\u00c1SOK VAS\u00c1RNAPJA - 2018. \u00c1PRILIS 22. - St. Emeric Church<\/title>\n<meta name=\"robots\" content=\"index, follow, max-snippet:-1, max-image-preview:large, max-video-preview:-1\" \/>\n<link rel=\"canonical\" href=\"https:\/\/stemeric.com\/fourth-sunday-of-easter-april-22-2018\/\" \/>\n<meta property=\"og:locale\" content=\"hu_HU\" \/>\n<meta property=\"og:type\" content=\"article\" \/>\n<meta property=\"og:title\" content=\"H\u00daSV\u00c9T 4. VAS\u00c1RNAPJA - PAPI \u00c9S SZERZETESEI HIVAT\u00c1SOK VAS\u00c1RNAPJA - 2018. \u00c1PRILIS 22. - St. Emeric Church\" \/>\n<meta property=\"og:description\" content=\"FOURTH SUNDAY OF EASTER \u2013 April 22, 2018 \u2013 H\u00daSV\u00c9T 4. PAPI \u00c9S SZERZETESI HIVAT\u00c1SOK &#8211; VAS\u00c1RNAPJA V\u00c1LASZOS ZSOLT\u00c1R: A k\u0151, amelyet az \u00e9p\u00edt\u0151k f\u00e9lredobtak, * \u00edme, az lett szegletk\u0151v\u00e9. RESPONSORIAL PSALM: The stone rejected by the builders has become the cornerstone. THIS SUNDAY\u2019S MASS: For J\u00e1nos Moln\u00e1r, by Family MASS INTENTIONS FOR THE COMING [&hellip;]\" \/>\n<meta property=\"og:url\" content=\"https:\/\/stemeric.com\/fourth-sunday-of-easter-april-22-2018\/\" \/>\n<meta property=\"og:site_name\" content=\"St. Emeric Church\" \/>\n<meta property=\"article:publisher\" content=\"https:\/\/www.facebook.com\/saintemeric\" \/>\n<meta property=\"article:published_time\" content=\"2018-04-22T01:55:36+00:00\" \/>\n<meta property=\"article:modified_time\" content=\"2018-04-22T02:01:17+00:00\" \/>\n<meta property=\"og:image\" content=\"https:\/\/stemeric.com\/wp-content\/uploads\/2018\/04\/Bernhard_Plockhorst_-_Good_Shephard.jpg\" \/>\n\t<meta property=\"og:image:width\" content=\"544\" \/>\n\t<meta property=\"og:image:height\" content=\"800\" \/>\n\t<meta property=\"og:image:type\" content=\"image\/jpeg\" \/>\n<meta name=\"author\" content=\"Fr. Andras Mezei\" \/>\n<meta name=\"twitter:card\" content=\"summary_large_image\" \/>\n<meta name=\"twitter:label1\" content=\"Szerz\u0151:\" \/>\n\t<meta name=\"twitter:data1\" content=\"Fr. Andras Mezei\" \/>\n\t<meta name=\"twitter:label2\" content=\"Becs\u00fclt olvas\u00e1si id\u0151\" \/>\n\t<meta name=\"twitter:data2\" content=\"3 perc\" \/>\n<script type=\"application\/ld+json\" class=\"yoast-schema-graph\">{\"@context\":\"https:\\\/\\\/schema.org\",\"@graph\":[{\"@type\":\"Article\",\"@id\":\"https:\\\/\\\/stemeric.com\\\/fourth-sunday-of-easter-april-22-2018\\\/#article\",\"isPartOf\":{\"@id\":\"https:\\\/\\\/stemeric.com\\\/fourth-sunday-of-easter-april-22-2018\\\/\"},\"author\":{\"name\":\"Fr. Andras Mezei\",\"@id\":\"https:\\\/\\\/stemeric.com\\\/#\\\/schema\\\/person\\\/a9129aeb3a3d72fc6b7a387c4252eeb7\"},\"headline\":\"H\u00daSV\u00c9T 4. VAS\u00c1RNAPJA &#8211; PAPI \u00c9S SZERZETESEI HIVAT\u00c1SOK VAS\u00c1RNAPJA &#8211; 2018. \u00c1PRILIS 22.\",\"datePublished\":\"2018-04-22T01:55:36+00:00\",\"dateModified\":\"2018-04-22T02:01:17+00:00\",\"mainEntityOfPage\":{\"@id\":\"https:\\\/\\\/stemeric.com\\\/fourth-sunday-of-easter-april-22-2018\\\/\"},\"wordCount\":563,\"commentCount\":0,\"publisher\":{\"@id\":\"https:\\\/\\\/stemeric.com\\\/#organization\"},\"image\":{\"@id\":\"https:\\\/\\\/stemeric.com\\\/fourth-sunday-of-easter-april-22-2018\\\/#primaryimage\"},\"thumbnailUrl\":\"https:\\\/\\\/i0.wp.com\\\/stemeric.com\\\/wp-content\\\/uploads\\\/2018\\\/04\\\/Bernhard_Plockhorst_-_Good_Shephard.jpg?fit=544%2C800&ssl=1\",\"articleSection\":[\"\u00c9rtes\u00edt\u0151\"],\"inLanguage\":\"hu\",\"potentialAction\":[{\"@type\":\"CommentAction\",\"name\":\"Comment\",\"target\":[\"https:\\\/\\\/stemeric.com\\\/fourth-sunday-of-easter-april-22-2018\\\/#respond\"]}]},{\"@type\":\"WebPage\",\"@id\":\"https:\\\/\\\/stemeric.com\\\/fourth-sunday-of-easter-april-22-2018\\\/\",\"url\":\"https:\\\/\\\/stemeric.com\\\/fourth-sunday-of-easter-april-22-2018\\\/\",\"name\":\"H\u00daSV\u00c9T 4. VAS\u00c1RNAPJA - PAPI \u00c9S SZERZETESEI HIVAT\u00c1SOK VAS\u00c1RNAPJA - 2018. \u00c1PRILIS 22. - St. Emeric Church\",\"isPartOf\":{\"@id\":\"https:\\\/\\\/stemeric.com\\\/#website\"},\"primaryImageOfPage\":{\"@id\":\"https:\\\/\\\/stemeric.com\\\/fourth-sunday-of-easter-april-22-2018\\\/#primaryimage\"},\"image\":{\"@id\":\"https:\\\/\\\/stemeric.com\\\/fourth-sunday-of-easter-april-22-2018\\\/#primaryimage\"},\"thumbnailUrl\":\"https:\\\/\\\/i0.wp.com\\\/stemeric.com\\\/wp-content\\\/uploads\\\/2018\\\/04\\\/Bernhard_Plockhorst_-_Good_Shephard.jpg?fit=544%2C800&ssl=1\",\"datePublished\":\"2018-04-22T01:55:36+00:00\",\"dateModified\":\"2018-04-22T02:01:17+00:00\",\"breadcrumb\":{\"@id\":\"https:\\\/\\\/stemeric.com\\\/fourth-sunday-of-easter-april-22-2018\\\/#breadcrumb\"},\"inLanguage\":\"hu\",\"potentialAction\":[{\"@type\":\"ReadAction\",\"target\":[\"https:\\\/\\\/stemeric.com\\\/fourth-sunday-of-easter-april-22-2018\\\/\"]}]},{\"@type\":\"ImageObject\",\"inLanguage\":\"hu\",\"@id\":\"https:\\\/\\\/stemeric.com\\\/fourth-sunday-of-easter-april-22-2018\\\/#primaryimage\",\"url\":\"https:\\\/\\\/i0.wp.com\\\/stemeric.com\\\/wp-content\\\/uploads\\\/2018\\\/04\\\/Bernhard_Plockhorst_-_Good_Shephard.jpg?fit=544%2C800&ssl=1\",\"contentUrl\":\"https:\\\/\\\/i0.wp.com\\\/stemeric.com\\\/wp-content\\\/uploads\\\/2018\\\/04\\\/Bernhard_Plockhorst_-_Good_Shephard.jpg?fit=544%2C800&ssl=1\",\"width\":544,\"height\":800},{\"@type\":\"BreadcrumbList\",\"@id\":\"https:\\\/\\\/stemeric.com\\\/fourth-sunday-of-easter-april-22-2018\\\/#breadcrumb\",\"itemListElement\":[{\"@type\":\"ListItem\",\"position\":1,\"name\":\"Home\",\"item\":\"https:\\\/\\\/stemeric.com\\\/hu\\\/\"},{\"@type\":\"ListItem\",\"position\":2,\"name\":\"H\u00daSV\u00c9T 4. VAS\u00c1RNAPJA &#8211; PAPI \u00c9S SZERZETESEI HIVAT\u00c1SOK VAS\u00c1RNAPJA &#8211; 2018. \u00c1PRILIS 22.\"}]},{\"@type\":\"WebSite\",\"@id\":\"https:\\\/\\\/stemeric.com\\\/#website\",\"url\":\"https:\\\/\\\/stemeric.com\\\/\",\"name\":\"St. Emeric Church\",\"description\":\"Szent Imre R\u00f3mai Katolikus Magyar Egyh\u00e1zk\u00f6zs\u00e9g\",\"publisher\":{\"@id\":\"https:\\\/\\\/stemeric.com\\\/#organization\"},\"potentialAction\":[{\"@type\":\"SearchAction\",\"target\":{\"@type\":\"EntryPoint\",\"urlTemplate\":\"https:\\\/\\\/stemeric.com\\\/?s={search_term_string}\"},\"query-input\":{\"@type\":\"PropertyValueSpecification\",\"valueRequired\":true,\"valueName\":\"search_term_string\"}}],\"inLanguage\":\"hu\"},{\"@type\":\"Organization\",\"@id\":\"https:\\\/\\\/stemeric.com\\\/#organization\",\"name\":\"St. Emeric Church\",\"url\":\"https:\\\/\\\/stemeric.com\\\/\",\"logo\":{\"@type\":\"ImageObject\",\"inLanguage\":\"hu\",\"@id\":\"https:\\\/\\\/stemeric.com\\\/#\\\/schema\\\/logo\\\/image\\\/\",\"url\":\"https:\\\/\\\/stemeric.com\\\/wp-content\\\/uploads\\\/2015\\\/11\\\/SzentImre4.png\",\"contentUrl\":\"https:\\\/\\\/stemeric.com\\\/wp-content\\\/uploads\\\/2015\\\/11\\\/SzentImre4.png\",\"width\":800,\"height\":167,\"caption\":\"St. Emeric Church\"},\"image\":{\"@id\":\"https:\\\/\\\/stemeric.com\\\/#\\\/schema\\\/logo\\\/image\\\/\"},\"sameAs\":[\"https:\\\/\\\/www.facebook.com\\\/saintemeric\"]},{\"@type\":\"Person\",\"@id\":\"https:\\\/\\\/stemeric.com\\\/#\\\/schema\\\/person\\\/a9129aeb3a3d72fc6b7a387c4252eeb7\",\"name\":\"Fr. Andras Mezei\",\"image\":{\"@type\":\"ImageObject\",\"inLanguage\":\"hu\",\"@id\":\"https:\\\/\\\/secure.gravatar.com\\\/avatar\\\/f2d48dce47b76c650bfce345a02e13ea58588c82f63ca35fd6d53776005ab90a?s=96&d=mm&r=g\",\"url\":\"https:\\\/\\\/secure.gravatar.com\\\/avatar\\\/f2d48dce47b76c650bfce345a02e13ea58588c82f63ca35fd6d53776005ab90a?s=96&d=mm&r=g\",\"contentUrl\":\"https:\\\/\\\/secure.gravatar.com\\\/avatar\\\/f2d48dce47b76c650bfce345a02e13ea58588c82f63ca35fd6d53776005ab90a?s=96&d=mm&r=g\",\"caption\":\"Fr. Andras Mezei\"},\"url\":\"https:\\\/\\\/stemeric.com\\\/hu\\\/author\\\/mezeiandras\\\/\"}]}<\/script>\n<!-- \/ Yoast SEO plugin. -->","yoast_head_json":{"title":"H\u00daSV\u00c9T 4. VAS\u00c1RNAPJA - PAPI \u00c9S SZERZETESEI HIVAT\u00c1SOK VAS\u00c1RNAPJA - 2018. \u00c1PRILIS 22. - St. Emeric Church","robots":{"index":"index","follow":"follow","max-snippet":"max-snippet:-1","max-image-preview":"max-image-preview:large","max-video-preview":"max-video-preview:-1"},"canonical":"https:\/\/stemeric.com\/fourth-sunday-of-easter-april-22-2018\/","og_locale":"hu_HU","og_type":"article","og_title":"H\u00daSV\u00c9T 4. VAS\u00c1RNAPJA - PAPI \u00c9S SZERZETESEI HIVAT\u00c1SOK VAS\u00c1RNAPJA - 2018. \u00c1PRILIS 22. - St. Emeric Church","og_description":"FOURTH SUNDAY OF EASTER \u2013 April 22, 2018 \u2013 H\u00daSV\u00c9T 4. PAPI \u00c9S SZERZETESI HIVAT\u00c1SOK &#8211; VAS\u00c1RNAPJA V\u00c1LASZOS ZSOLT\u00c1R: A k\u0151, amelyet az \u00e9p\u00edt\u0151k f\u00e9lredobtak, * \u00edme, az lett szegletk\u0151v\u00e9. RESPONSORIAL PSALM: The stone rejected by the builders has become the cornerstone. THIS SUNDAY\u2019S MASS: For J\u00e1nos Moln\u00e1r, by Family MASS INTENTIONS FOR THE COMING [&hellip;]","og_url":"https:\/\/stemeric.com\/fourth-sunday-of-easter-april-22-2018\/","og_site_name":"St. Emeric Church","article_publisher":"https:\/\/www.facebook.com\/saintemeric","article_published_time":"2018-04-22T01:55:36+00:00","article_modified_time":"2018-04-22T02:01:17+00:00","og_image":[{"width":544,"height":800,"url":"https:\/\/stemeric.com\/wp-content\/uploads\/2018\/04\/Bernhard_Plockhorst_-_Good_Shephard.jpg","type":"image\/jpeg"}],"author":"Fr. Andras Mezei","twitter_card":"summary_large_image","twitter_misc":{"Szerz\u0151:":"Fr. Andras Mezei","Becs\u00fclt olvas\u00e1si id\u0151":"3 perc"},"schema":{"@context":"https:\/\/schema.org","@graph":[{"@type":"Article","@id":"https:\/\/stemeric.com\/fourth-sunday-of-easter-april-22-2018\/#article","isPartOf":{"@id":"https:\/\/stemeric.com\/fourth-sunday-of-easter-april-22-2018\/"},"author":{"name":"Fr. Andras Mezei","@id":"https:\/\/stemeric.com\/#\/schema\/person\/a9129aeb3a3d72fc6b7a387c4252eeb7"},"headline":"H\u00daSV\u00c9T 4. VAS\u00c1RNAPJA &#8211; PAPI \u00c9S SZERZETESEI HIVAT\u00c1SOK VAS\u00c1RNAPJA &#8211; 2018. \u00c1PRILIS 22.","datePublished":"2018-04-22T01:55:36+00:00","dateModified":"2018-04-22T02:01:17+00:00","mainEntityOfPage":{"@id":"https:\/\/stemeric.com\/fourth-sunday-of-easter-april-22-2018\/"},"wordCount":563,"commentCount":0,"publisher":{"@id":"https:\/\/stemeric.com\/#organization"},"image":{"@id":"https:\/\/stemeric.com\/fourth-sunday-of-easter-april-22-2018\/#primaryimage"},"thumbnailUrl":"https:\/\/i0.wp.com\/stemeric.com\/wp-content\/uploads\/2018\/04\/Bernhard_Plockhorst_-_Good_Shephard.jpg?fit=544%2C800&ssl=1","articleSection":["\u00c9rtes\u00edt\u0151"],"inLanguage":"hu","potentialAction":[{"@type":"CommentAction","name":"Comment","target":["https:\/\/stemeric.com\/fourth-sunday-of-easter-april-22-2018\/#respond"]}]},{"@type":"WebPage","@id":"https:\/\/stemeric.com\/fourth-sunday-of-easter-april-22-2018\/","url":"https:\/\/stemeric.com\/fourth-sunday-of-easter-april-22-2018\/","name":"H\u00daSV\u00c9T 4. VAS\u00c1RNAPJA - PAPI \u00c9S SZERZETESEI HIVAT\u00c1SOK VAS\u00c1RNAPJA - 2018. \u00c1PRILIS 22. - St. Emeric Church","isPartOf":{"@id":"https:\/\/stemeric.com\/#website"},"primaryImageOfPage":{"@id":"https:\/\/stemeric.com\/fourth-sunday-of-easter-april-22-2018\/#primaryimage"},"image":{"@id":"https:\/\/stemeric.com\/fourth-sunday-of-easter-april-22-2018\/#primaryimage"},"thumbnailUrl":"https:\/\/i0.wp.com\/stemeric.com\/wp-content\/uploads\/2018\/04\/Bernhard_Plockhorst_-_Good_Shephard.jpg?fit=544%2C800&ssl=1","datePublished":"2018-04-22T01:55:36+00:00","dateModified":"2018-04-22T02:01:17+00:00","breadcrumb":{"@id":"https:\/\/stemeric.com\/fourth-sunday-of-easter-april-22-2018\/#breadcrumb"},"inLanguage":"hu","potentialAction":[{"@type":"ReadAction","target":["https:\/\/stemeric.com\/fourth-sunday-of-easter-april-22-2018\/"]}]},{"@type":"ImageObject","inLanguage":"hu","@id":"https:\/\/stemeric.com\/fourth-sunday-of-easter-april-22-2018\/#primaryimage","url":"https:\/\/i0.wp.com\/stemeric.com\/wp-content\/uploads\/2018\/04\/Bernhard_Plockhorst_-_Good_Shephard.jpg?fit=544%2C800&ssl=1","contentUrl":"https:\/\/i0.wp.com\/stemeric.com\/wp-content\/uploads\/2018\/04\/Bernhard_Plockhorst_-_Good_Shephard.jpg?fit=544%2C800&ssl=1","width":544,"height":800},{"@type":"BreadcrumbList","@id":"https:\/\/stemeric.com\/fourth-sunday-of-easter-april-22-2018\/#breadcrumb","itemListElement":[{"@type":"ListItem","position":1,"name":"Home","item":"https:\/\/stemeric.com\/hu\/"},{"@type":"ListItem","position":2,"name":"H\u00daSV\u00c9T 4. VAS\u00c1RNAPJA &#8211; PAPI \u00c9S SZERZETESEI HIVAT\u00c1SOK VAS\u00c1RNAPJA &#8211; 2018. \u00c1PRILIS 22."}]},{"@type":"WebSite","@id":"https:\/\/stemeric.com\/#website","url":"https:\/\/stemeric.com\/","name":"St. Emeric Church","description":"Szent Imre R\u00f3mai Katolikus Magyar Egyh\u00e1zk\u00f6zs\u00e9g","publisher":{"@id":"https:\/\/stemeric.com\/#organization"},"potentialAction":[{"@type":"SearchAction","target":{"@type":"EntryPoint","urlTemplate":"https:\/\/stemeric.com\/?s={search_term_string}"},"query-input":{"@type":"PropertyValueSpecification","valueRequired":true,"valueName":"search_term_string"}}],"inLanguage":"hu"},{"@type":"Organization","@id":"https:\/\/stemeric.com\/#organization","name":"St. Emeric Church","url":"https:\/\/stemeric.com\/","logo":{"@type":"ImageObject","inLanguage":"hu","@id":"https:\/\/stemeric.com\/#\/schema\/logo\/image\/","url":"https:\/\/stemeric.com\/wp-content\/uploads\/2015\/11\/SzentImre4.png","contentUrl":"https:\/\/stemeric.com\/wp-content\/uploads\/2015\/11\/SzentImre4.png","width":800,"height":167,"caption":"St. Emeric Church"},"image":{"@id":"https:\/\/stemeric.com\/#\/schema\/logo\/image\/"},"sameAs":["https:\/\/www.facebook.com\/saintemeric"]},{"@type":"Person","@id":"https:\/\/stemeric.com\/#\/schema\/person\/a9129aeb3a3d72fc6b7a387c4252eeb7","name":"Fr. Andras Mezei","image":{"@type":"ImageObject","inLanguage":"hu","@id":"https:\/\/secure.gravatar.com\/avatar\/f2d48dce47b76c650bfce345a02e13ea58588c82f63ca35fd6d53776005ab90a?s=96&d=mm&r=g","url":"https:\/\/secure.gravatar.com\/avatar\/f2d48dce47b76c650bfce345a02e13ea58588c82f63ca35fd6d53776005ab90a?s=96&d=mm&r=g","contentUrl":"https:\/\/secure.gravatar.com\/avatar\/f2d48dce47b76c650bfce345a02e13ea58588c82f63ca35fd6d53776005ab90a?s=96&d=mm&r=g","caption":"Fr. Andras Mezei"},"url":"https:\/\/stemeric.com\/hu\/author\/mezeiandras\/"}]}},"jetpack_publicize_connections":[],"jetpack_featured_media_url":"https:\/\/i0.wp.com\/stemeric.com\/wp-content\/uploads\/2018\/04\/Bernhard_Plockhorst_-_Good_Shephard.jpg?fit=544%2C800&ssl=1","jetpack_sharing_enabled":true,"jetpack_shortlink":"https:\/\/wp.me\/pffxLh-RC","_links":{"self":[{"href":"https:\/\/stemeric.com\/hu\/wp-json\/wp\/v2\/posts\/3324","targetHints":{"allow":["GET"]}}],"collection":[{"href":"https:\/\/stemeric.com\/hu\/wp-json\/wp\/v2\/posts"}],"about":[{"href":"https:\/\/stemeric.com\/hu\/wp-json\/wp\/v2\/types\/post"}],"author":[{"embeddable":true,"href":"https:\/\/stemeric.com\/hu\/wp-json\/wp\/v2\/users\/3"}],"replies":[{"embeddable":true,"href":"https:\/\/stemeric.com\/hu\/wp-json\/wp\/v2\/comments?post=3324"}],"version-history":[{"count":2,"href":"https:\/\/stemeric.com\/hu\/wp-json\/wp\/v2\/posts\/3324\/revisions"}],"predecessor-version":[{"id":3326,"href":"https:\/\/stemeric.com\/hu\/wp-json\/wp\/v2\/posts\/3324\/revisions\/3326"}],"wp:featuredmedia":[{"embeddable":true,"href":"https:\/\/stemeric.com\/hu\/wp-json\/wp\/v2\/media\/3321"}],"wp:attachment":[{"href":"https:\/\/stemeric.com\/hu\/wp-json\/wp\/v2\/media?parent=3324"}],"wp:term":[{"taxonomy":"category","embeddable":true,"href":"https:\/\/stemeric.com\/hu\/wp-json\/wp\/v2\/categories?post=3324"},{"taxonomy":"post_tag","embeddable":true,"href":"https:\/\/stemeric.com\/hu\/wp-json\/wp\/v2\/tags?post=3324"}],"curies":[{"name":"wp","href":"https:\/\/api.w.org\/{rel}","templated":true}]}}