{"id":8475,"date":"2021-04-27T22:05:41","date_gmt":"2021-04-28T02:05:41","guid":{"rendered":"https:\/\/stemeric.com\/?p=8475"},"modified":"2021-04-27T22:08:37","modified_gmt":"2021-04-28T02:08:37","slug":"maria-koronazas","status":"publish","type":"post","link":"https:\/\/stemeric.com\/hu\/maria-koronazas\/","title":{"rendered":"M\u00e1ria koron\u00e1z\u00e1s &#8211; m\u00e1j. 2."},"content":{"rendered":"<p><strong><u>M<\/u><\/strong><strong><u>\u00c1RIA-KORON\u00c1Z\u00c1S: M\u00c1JUS 2.<\/u><\/strong>\u00a0M\u00edg sok orsz\u00e1g m\u00e1jus m\u00e1sodik vas\u00e1rnapj\u00e1n \u00fcnnepli az any\u00e1k napj\u00e1t, legal\u00e1bb 30 d\u00e1tumot ismer\u00fcnk, amelyen a vil\u00e1g orsz\u00e1gai megtartj\u00e1k ezt az \u00fcnnepet. Magyarorsz\u00e1g nyolc orsz\u00e1ggal egy\u00fctt m\u00e1jus els\u0151 vas\u00e1rnapj\u00e1n eml\u00e9kszik az any\u00e1kra. A Szent Imrei hagyom\u00e1nyhoz h\u00edven, Magyarorsz\u00e1gi Any\u00e1k napj\u00e1n, m\u00e1jus 2-\u00e1n, eml\u00e9kez\u00fcnk meg \u00e9s adunk tiszteletet a Mennyei Any\u00e1nknak a szobra megkoron\u00e1z\u00e1s\u00e1val. K\u00e9rj\u00fck azokat a gyerekeket, akik szeretn\u00e9nek r\u00e9szt venni ebben a szertart\u00e1sban,\u00a0<strong>hogy \u00f6lt\u00f6zzenek \u00fcnnepl\u0151be, a l\u00e1nyok feh\u00e9r vagy kr\u00e9msz\u00edn\u0171 ruh\u00e1ba<\/strong>! Egy r\u00f6vid tal\u00e1lkoz\u00f3 a r\u00e9szletek megbesz\u00e9l\u00e9s\u00e9re, 15 perccel a m\u00e1jus 2-i, vas\u00e1rnapi szentmise el\u0151tt lesz\u00a0ami reggel 11:15-kor kezd\u0151dik.<\/p>\n<p><img data-recalc-dims=\"1\" decoding=\"async\" data-attachment-id=\"8471\" data-permalink=\"https:\/\/stemeric.com\/hu\/maria-koronazas\/may-crowning-2\/\" data-orig-file=\"https:\/\/i0.wp.com\/stemeric.com\/wp-content\/uploads\/2021\/04\/may-crowning.jpg?fit=291%2C200&amp;ssl=1\" data-orig-size=\"291,200\" data-comments-opened=\"1\" data-image-meta=\"{&quot;aperture&quot;:&quot;0&quot;,&quot;credit&quot;:&quot;&quot;,&quot;camera&quot;:&quot;&quot;,&quot;caption&quot;:&quot;&quot;,&quot;created_timestamp&quot;:&quot;0&quot;,&quot;copyright&quot;:&quot;&quot;,&quot;focal_length&quot;:&quot;0&quot;,&quot;iso&quot;:&quot;0&quot;,&quot;shutter_speed&quot;:&quot;0&quot;,&quot;title&quot;:&quot;&quot;,&quot;orientation&quot;:&quot;0&quot;}\" data-image-title=\"may crowning\" data-image-description=\"\" data-image-caption=\"\" data-large-file=\"https:\/\/i0.wp.com\/stemeric.com\/wp-content\/uploads\/2021\/04\/may-crowning.jpg?fit=291%2C200&amp;ssl=1\" class=\"alignleft size-full wp-image-8471 lazyload\" data-src=\"https:\/\/i0.wp.com\/stemeric.com\/wp-content\/uploads\/2021\/04\/may-crowning.jpg?resize=291%2C200&#038;ssl=1\" alt=\"\" width=\"291\" height=\"200\" src=\"data:image\/svg+xml;base64,PHN2ZyB3aWR0aD0iMSIgaGVpZ2h0PSIxIiB4bWxucz0iaHR0cDovL3d3dy53My5vcmcvMjAwMC9zdmciPjwvc3ZnPg==\" style=\"--smush-placeholder-width: 291px; --smush-placeholder-aspect-ratio: 291\/200;\" \/><\/p>\n","protected":false},"excerpt":{"rendered":"<p>M\u00c1RIA-KORON\u00c1Z\u00c1S: M\u00c1JUS 2.\u00a0M\u00edg sok orsz\u00e1g m\u00e1jus m\u00e1sodik vas\u00e1rnapj\u00e1n \u00fcnnepli az any\u00e1k napj\u00e1t, legal\u00e1bb 30 d\u00e1tumot ismer\u00fcnk, amelyen a vil\u00e1g orsz\u00e1gai megtartj\u00e1k ezt az \u00fcnnepet. Magyarorsz\u00e1g nyolc orsz\u00e1ggal egy\u00fctt m\u00e1jus els\u0151 vas\u00e1rnapj\u00e1n eml\u00e9kszik az any\u00e1kra. A Szent Imrei hagyom\u00e1nyhoz h\u00edven, Magyarorsz\u00e1gi Any\u00e1k napj\u00e1n, m\u00e1jus 2-\u00e1n, eml\u00e9kez\u00fcnk meg \u00e9s adunk tiszteletet a Mennyei Any\u00e1nknak a szobra megkoron\u00e1z\u00e1s\u00e1val. [&hellip;]<\/p>\n","protected":false},"author":7,"featured_media":8471,"comment_status":"open","ping_status":"open","sticky":false,"template":"","format":"standard","meta":{"jetpack_post_was_ever_published":false,"_jetpack_newsletter_access":"","_jetpack_dont_email_post_to_subs":false,"_jetpack_newsletter_tier_id":0,"_jetpack_memberships_contains_paywalled_content":false,"_jetpack_memberships_contains_paid_content":false,"footnotes":"","jetpack_publicize_message":"","jetpack_publicize_feature_enabled":true,"jetpack_social_post_already_shared":true,"jetpack_social_options":{"image_generator_settings":{"template":"highway","default_image_id":0,"font":"","enabled":false},"version":2}},"categories":[13],"tags":[],"class_list":["post-8475","post","type-post","status-publish","format-standard","has-post-thumbnail","hentry","category-hirek"],"yoast_head":"<!-- This site is optimized with the Yoast SEO plugin v27.5 - https:\/\/yoast.com\/product\/yoast-seo-wordpress\/ -->\n<title>M\u00e1ria koron\u00e1z\u00e1s - m\u00e1j. 2. - St. Emeric Church<\/title>\n<meta name=\"robots\" content=\"index, follow, max-snippet:-1, max-image-preview:large, max-video-preview:-1\" \/>\n<link rel=\"canonical\" href=\"https:\/\/stemeric.com\/hu\/maria-koronazas\/\" \/>\n<meta property=\"og:locale\" content=\"hu_HU\" \/>\n<meta property=\"og:type\" content=\"article\" \/>\n<meta property=\"og:title\" content=\"M\u00e1ria koron\u00e1z\u00e1s - m\u00e1j. 2. - St. Emeric Church\" \/>\n<meta property=\"og:description\" content=\"M\u00c1RIA-KORON\u00c1Z\u00c1S: M\u00c1JUS 2.\u00a0M\u00edg sok orsz\u00e1g m\u00e1jus m\u00e1sodik vas\u00e1rnapj\u00e1n \u00fcnnepli az any\u00e1k napj\u00e1t, legal\u00e1bb 30 d\u00e1tumot ismer\u00fcnk, amelyen a vil\u00e1g orsz\u00e1gai megtartj\u00e1k ezt az \u00fcnnepet. Magyarorsz\u00e1g nyolc orsz\u00e1ggal egy\u00fctt m\u00e1jus els\u0151 vas\u00e1rnapj\u00e1n eml\u00e9kszik az any\u00e1kra. A Szent Imrei hagyom\u00e1nyhoz h\u00edven, Magyarorsz\u00e1gi Any\u00e1k napj\u00e1n, m\u00e1jus 2-\u00e1n, eml\u00e9kez\u00fcnk meg \u00e9s adunk tiszteletet a Mennyei Any\u00e1nknak a szobra megkoron\u00e1z\u00e1s\u00e1val. [&hellip;]\" \/>\n<meta property=\"og:url\" content=\"https:\/\/stemeric.com\/hu\/maria-koronazas\/\" \/>\n<meta property=\"og:site_name\" content=\"St. Emeric Church\" \/>\n<meta property=\"article:publisher\" content=\"https:\/\/www.facebook.com\/saintemeric\" \/>\n<meta property=\"article:published_time\" content=\"2021-04-28T02:05:41+00:00\" \/>\n<meta property=\"article:modified_time\" content=\"2021-04-28T02:08:37+00:00\" \/>\n<meta property=\"og:image\" content=\"https:\/\/stemeric.com\/wp-content\/uploads\/2021\/04\/may-crowning.jpg\" \/>\n\t<meta property=\"og:image:width\" content=\"291\" \/>\n\t<meta property=\"og:image:height\" content=\"200\" \/>\n\t<meta property=\"og:image:type\" content=\"image\/jpeg\" \/>\n<meta name=\"author\" content=\"M. Horvath\" \/>\n<meta name=\"twitter:card\" content=\"summary_large_image\" \/>\n<meta name=\"twitter:label1\" content=\"Szerz\u0151:\" \/>\n\t<meta name=\"twitter:data1\" content=\"M. Horvath\" \/>\n\t<meta name=\"twitter:label2\" content=\"Becs\u00fclt olvas\u00e1si id\u0151\" \/>\n\t<meta name=\"twitter:data2\" content=\"1 perc\" \/>\n<script type=\"application\/ld+json\" class=\"yoast-schema-graph\">{\"@context\":\"https:\\\/\\\/schema.org\",\"@graph\":[{\"@type\":\"Article\",\"@id\":\"https:\\\/\\\/stemeric.com\\\/hu\\\/maria-koronazas\\\/#article\",\"isPartOf\":{\"@id\":\"https:\\\/\\\/stemeric.com\\\/hu\\\/maria-koronazas\\\/\"},\"author\":{\"name\":\"M. Horvath\",\"@id\":\"https:\\\/\\\/stemeric.com\\\/#\\\/schema\\\/person\\\/c6ccff1f1f8477703a0195194fc86829\"},\"headline\":\"M\u00e1ria koron\u00e1z\u00e1s &#8211; m\u00e1j. 2.\",\"datePublished\":\"2021-04-28T02:05:41+00:00\",\"dateModified\":\"2021-04-28T02:08:37+00:00\",\"mainEntityOfPage\":{\"@id\":\"https:\\\/\\\/stemeric.com\\\/hu\\\/maria-koronazas\\\/\"},\"wordCount\":161,\"commentCount\":0,\"publisher\":{\"@id\":\"https:\\\/\\\/stemeric.com\\\/#organization\"},\"image\":{\"@id\":\"https:\\\/\\\/stemeric.com\\\/hu\\\/maria-koronazas\\\/#primaryimage\"},\"thumbnailUrl\":\"https:\\\/\\\/i0.wp.com\\\/stemeric.com\\\/wp-content\\\/uploads\\\/2021\\\/04\\\/may-crowning.jpg?fit=291%2C200&ssl=1\",\"articleSection\":[\"H\u00edrek\"],\"inLanguage\":\"hu\",\"potentialAction\":[{\"@type\":\"CommentAction\",\"name\":\"Comment\",\"target\":[\"https:\\\/\\\/stemeric.com\\\/hu\\\/maria-koronazas\\\/#respond\"]}]},{\"@type\":\"WebPage\",\"@id\":\"https:\\\/\\\/stemeric.com\\\/hu\\\/maria-koronazas\\\/\",\"url\":\"https:\\\/\\\/stemeric.com\\\/hu\\\/maria-koronazas\\\/\",\"name\":\"M\u00e1ria koron\u00e1z\u00e1s - m\u00e1j. 2. - St. Emeric Church\",\"isPartOf\":{\"@id\":\"https:\\\/\\\/stemeric.com\\\/#website\"},\"primaryImageOfPage\":{\"@id\":\"https:\\\/\\\/stemeric.com\\\/hu\\\/maria-koronazas\\\/#primaryimage\"},\"image\":{\"@id\":\"https:\\\/\\\/stemeric.com\\\/hu\\\/maria-koronazas\\\/#primaryimage\"},\"thumbnailUrl\":\"https:\\\/\\\/i0.wp.com\\\/stemeric.com\\\/wp-content\\\/uploads\\\/2021\\\/04\\\/may-crowning.jpg?fit=291%2C200&ssl=1\",\"datePublished\":\"2021-04-28T02:05:41+00:00\",\"dateModified\":\"2021-04-28T02:08:37+00:00\",\"breadcrumb\":{\"@id\":\"https:\\\/\\\/stemeric.com\\\/hu\\\/maria-koronazas\\\/#breadcrumb\"},\"inLanguage\":\"hu\",\"potentialAction\":[{\"@type\":\"ReadAction\",\"target\":[\"https:\\\/\\\/stemeric.com\\\/hu\\\/maria-koronazas\\\/\"]}]},{\"@type\":\"ImageObject\",\"inLanguage\":\"hu\",\"@id\":\"https:\\\/\\\/stemeric.com\\\/hu\\\/maria-koronazas\\\/#primaryimage\",\"url\":\"https:\\\/\\\/i0.wp.com\\\/stemeric.com\\\/wp-content\\\/uploads\\\/2021\\\/04\\\/may-crowning.jpg?fit=291%2C200&ssl=1\",\"contentUrl\":\"https:\\\/\\\/i0.wp.com\\\/stemeric.com\\\/wp-content\\\/uploads\\\/2021\\\/04\\\/may-crowning.jpg?fit=291%2C200&ssl=1\",\"width\":291,\"height\":200},{\"@type\":\"BreadcrumbList\",\"@id\":\"https:\\\/\\\/stemeric.com\\\/hu\\\/maria-koronazas\\\/#breadcrumb\",\"itemListElement\":[{\"@type\":\"ListItem\",\"position\":1,\"name\":\"Home\",\"item\":\"https:\\\/\\\/stemeric.com\\\/hu\\\/\"},{\"@type\":\"ListItem\",\"position\":2,\"name\":\"M\u00e1ria koron\u00e1z\u00e1s &#8211; m\u00e1j. 2.\"}]},{\"@type\":\"WebSite\",\"@id\":\"https:\\\/\\\/stemeric.com\\\/#website\",\"url\":\"https:\\\/\\\/stemeric.com\\\/\",\"name\":\"St. Emeric Church\",\"description\":\"Szent Imre R\u00f3mai Katolikus Magyar Egyh\u00e1zk\u00f6zs\u00e9g\",\"publisher\":{\"@id\":\"https:\\\/\\\/stemeric.com\\\/#organization\"},\"potentialAction\":[{\"@type\":\"SearchAction\",\"target\":{\"@type\":\"EntryPoint\",\"urlTemplate\":\"https:\\\/\\\/stemeric.com\\\/?s={search_term_string}\"},\"query-input\":{\"@type\":\"PropertyValueSpecification\",\"valueRequired\":true,\"valueName\":\"search_term_string\"}}],\"inLanguage\":\"hu\"},{\"@type\":\"Organization\",\"@id\":\"https:\\\/\\\/stemeric.com\\\/#organization\",\"name\":\"St. Emeric Church\",\"url\":\"https:\\\/\\\/stemeric.com\\\/\",\"logo\":{\"@type\":\"ImageObject\",\"inLanguage\":\"hu\",\"@id\":\"https:\\\/\\\/stemeric.com\\\/#\\\/schema\\\/logo\\\/image\\\/\",\"url\":\"https:\\\/\\\/stemeric.com\\\/wp-content\\\/uploads\\\/2015\\\/11\\\/SzentImre4.png\",\"contentUrl\":\"https:\\\/\\\/stemeric.com\\\/wp-content\\\/uploads\\\/2015\\\/11\\\/SzentImre4.png\",\"width\":800,\"height\":167,\"caption\":\"St. Emeric Church\"},\"image\":{\"@id\":\"https:\\\/\\\/stemeric.com\\\/#\\\/schema\\\/logo\\\/image\\\/\"},\"sameAs\":[\"https:\\\/\\\/www.facebook.com\\\/saintemeric\"]},{\"@type\":\"Person\",\"@id\":\"https:\\\/\\\/stemeric.com\\\/#\\\/schema\\\/person\\\/c6ccff1f1f8477703a0195194fc86829\",\"name\":\"M. Horvath\",\"image\":{\"@type\":\"ImageObject\",\"inLanguage\":\"hu\",\"@id\":\"https:\\\/\\\/secure.gravatar.com\\\/avatar\\\/f0ce4cfde70293d5af3924480f87d164e1f29eb49367abc69db3a9a6a95e7ad5?s=96&d=mm&r=g\",\"url\":\"https:\\\/\\\/secure.gravatar.com\\\/avatar\\\/f0ce4cfde70293d5af3924480f87d164e1f29eb49367abc69db3a9a6a95e7ad5?s=96&d=mm&r=g\",\"contentUrl\":\"https:\\\/\\\/secure.gravatar.com\\\/avatar\\\/f0ce4cfde70293d5af3924480f87d164e1f29eb49367abc69db3a9a6a95e7ad5?s=96&d=mm&r=g\",\"caption\":\"M. Horvath\"},\"url\":\"https:\\\/\\\/stemeric.com\\\/hu\\\/author\\\/mrhorvath\\\/\"}]}<\/script>\n<!-- \/ Yoast SEO plugin. -->","yoast_head_json":{"title":"M\u00e1ria koron\u00e1z\u00e1s - m\u00e1j. 2. - St. Emeric Church","robots":{"index":"index","follow":"follow","max-snippet":"max-snippet:-1","max-image-preview":"max-image-preview:large","max-video-preview":"max-video-preview:-1"},"canonical":"https:\/\/stemeric.com\/hu\/maria-koronazas\/","og_locale":"hu_HU","og_type":"article","og_title":"M\u00e1ria koron\u00e1z\u00e1s - m\u00e1j. 2. - St. Emeric Church","og_description":"M\u00c1RIA-KORON\u00c1Z\u00c1S: M\u00c1JUS 2.\u00a0M\u00edg sok orsz\u00e1g m\u00e1jus m\u00e1sodik vas\u00e1rnapj\u00e1n \u00fcnnepli az any\u00e1k napj\u00e1t, legal\u00e1bb 30 d\u00e1tumot ismer\u00fcnk, amelyen a vil\u00e1g orsz\u00e1gai megtartj\u00e1k ezt az \u00fcnnepet. Magyarorsz\u00e1g nyolc orsz\u00e1ggal egy\u00fctt m\u00e1jus els\u0151 vas\u00e1rnapj\u00e1n eml\u00e9kszik az any\u00e1kra. A Szent Imrei hagyom\u00e1nyhoz h\u00edven, Magyarorsz\u00e1gi Any\u00e1k napj\u00e1n, m\u00e1jus 2-\u00e1n, eml\u00e9kez\u00fcnk meg \u00e9s adunk tiszteletet a Mennyei Any\u00e1nknak a szobra megkoron\u00e1z\u00e1s\u00e1val. [&hellip;]","og_url":"https:\/\/stemeric.com\/hu\/maria-koronazas\/","og_site_name":"St. Emeric Church","article_publisher":"https:\/\/www.facebook.com\/saintemeric","article_published_time":"2021-04-28T02:05:41+00:00","article_modified_time":"2021-04-28T02:08:37+00:00","og_image":[{"width":291,"height":200,"url":"https:\/\/stemeric.com\/wp-content\/uploads\/2021\/04\/may-crowning.jpg","type":"image\/jpeg"}],"author":"M. Horvath","twitter_card":"summary_large_image","twitter_misc":{"Szerz\u0151:":"M. Horvath","Becs\u00fclt olvas\u00e1si id\u0151":"1 perc"},"schema":{"@context":"https:\/\/schema.org","@graph":[{"@type":"Article","@id":"https:\/\/stemeric.com\/hu\/maria-koronazas\/#article","isPartOf":{"@id":"https:\/\/stemeric.com\/hu\/maria-koronazas\/"},"author":{"name":"M. Horvath","@id":"https:\/\/stemeric.com\/#\/schema\/person\/c6ccff1f1f8477703a0195194fc86829"},"headline":"M\u00e1ria koron\u00e1z\u00e1s &#8211; m\u00e1j. 2.","datePublished":"2021-04-28T02:05:41+00:00","dateModified":"2021-04-28T02:08:37+00:00","mainEntityOfPage":{"@id":"https:\/\/stemeric.com\/hu\/maria-koronazas\/"},"wordCount":161,"commentCount":0,"publisher":{"@id":"https:\/\/stemeric.com\/#organization"},"image":{"@id":"https:\/\/stemeric.com\/hu\/maria-koronazas\/#primaryimage"},"thumbnailUrl":"https:\/\/i0.wp.com\/stemeric.com\/wp-content\/uploads\/2021\/04\/may-crowning.jpg?fit=291%2C200&ssl=1","articleSection":["H\u00edrek"],"inLanguage":"hu","potentialAction":[{"@type":"CommentAction","name":"Comment","target":["https:\/\/stemeric.com\/hu\/maria-koronazas\/#respond"]}]},{"@type":"WebPage","@id":"https:\/\/stemeric.com\/hu\/maria-koronazas\/","url":"https:\/\/stemeric.com\/hu\/maria-koronazas\/","name":"M\u00e1ria koron\u00e1z\u00e1s - m\u00e1j. 2. - St. Emeric Church","isPartOf":{"@id":"https:\/\/stemeric.com\/#website"},"primaryImageOfPage":{"@id":"https:\/\/stemeric.com\/hu\/maria-koronazas\/#primaryimage"},"image":{"@id":"https:\/\/stemeric.com\/hu\/maria-koronazas\/#primaryimage"},"thumbnailUrl":"https:\/\/i0.wp.com\/stemeric.com\/wp-content\/uploads\/2021\/04\/may-crowning.jpg?fit=291%2C200&ssl=1","datePublished":"2021-04-28T02:05:41+00:00","dateModified":"2021-04-28T02:08:37+00:00","breadcrumb":{"@id":"https:\/\/stemeric.com\/hu\/maria-koronazas\/#breadcrumb"},"inLanguage":"hu","potentialAction":[{"@type":"ReadAction","target":["https:\/\/stemeric.com\/hu\/maria-koronazas\/"]}]},{"@type":"ImageObject","inLanguage":"hu","@id":"https:\/\/stemeric.com\/hu\/maria-koronazas\/#primaryimage","url":"https:\/\/i0.wp.com\/stemeric.com\/wp-content\/uploads\/2021\/04\/may-crowning.jpg?fit=291%2C200&ssl=1","contentUrl":"https:\/\/i0.wp.com\/stemeric.com\/wp-content\/uploads\/2021\/04\/may-crowning.jpg?fit=291%2C200&ssl=1","width":291,"height":200},{"@type":"BreadcrumbList","@id":"https:\/\/stemeric.com\/hu\/maria-koronazas\/#breadcrumb","itemListElement":[{"@type":"ListItem","position":1,"name":"Home","item":"https:\/\/stemeric.com\/hu\/"},{"@type":"ListItem","position":2,"name":"M\u00e1ria koron\u00e1z\u00e1s &#8211; m\u00e1j. 2."}]},{"@type":"WebSite","@id":"https:\/\/stemeric.com\/#website","url":"https:\/\/stemeric.com\/","name":"St. Emeric Church","description":"Szent Imre R\u00f3mai Katolikus Magyar Egyh\u00e1zk\u00f6zs\u00e9g","publisher":{"@id":"https:\/\/stemeric.com\/#organization"},"potentialAction":[{"@type":"SearchAction","target":{"@type":"EntryPoint","urlTemplate":"https:\/\/stemeric.com\/?s={search_term_string}"},"query-input":{"@type":"PropertyValueSpecification","valueRequired":true,"valueName":"search_term_string"}}],"inLanguage":"hu"},{"@type":"Organization","@id":"https:\/\/stemeric.com\/#organization","name":"St. Emeric Church","url":"https:\/\/stemeric.com\/","logo":{"@type":"ImageObject","inLanguage":"hu","@id":"https:\/\/stemeric.com\/#\/schema\/logo\/image\/","url":"https:\/\/stemeric.com\/wp-content\/uploads\/2015\/11\/SzentImre4.png","contentUrl":"https:\/\/stemeric.com\/wp-content\/uploads\/2015\/11\/SzentImre4.png","width":800,"height":167,"caption":"St. Emeric Church"},"image":{"@id":"https:\/\/stemeric.com\/#\/schema\/logo\/image\/"},"sameAs":["https:\/\/www.facebook.com\/saintemeric"]},{"@type":"Person","@id":"https:\/\/stemeric.com\/#\/schema\/person\/c6ccff1f1f8477703a0195194fc86829","name":"M. Horvath","image":{"@type":"ImageObject","inLanguage":"hu","@id":"https:\/\/secure.gravatar.com\/avatar\/f0ce4cfde70293d5af3924480f87d164e1f29eb49367abc69db3a9a6a95e7ad5?s=96&d=mm&r=g","url":"https:\/\/secure.gravatar.com\/avatar\/f0ce4cfde70293d5af3924480f87d164e1f29eb49367abc69db3a9a6a95e7ad5?s=96&d=mm&r=g","contentUrl":"https:\/\/secure.gravatar.com\/avatar\/f0ce4cfde70293d5af3924480f87d164e1f29eb49367abc69db3a9a6a95e7ad5?s=96&d=mm&r=g","caption":"M. Horvath"},"url":"https:\/\/stemeric.com\/hu\/author\/mrhorvath\/"}]}},"jetpack_publicize_connections":[],"jetpack_featured_media_url":"https:\/\/i0.wp.com\/stemeric.com\/wp-content\/uploads\/2021\/04\/may-crowning.jpg?fit=291%2C200&ssl=1","jetpack_sharing_enabled":true,"jetpack_shortlink":"https:\/\/wp.me\/pffxLh-2cH","_links":{"self":[{"href":"https:\/\/stemeric.com\/hu\/wp-json\/wp\/v2\/posts\/8475","targetHints":{"allow":["GET"]}}],"collection":[{"href":"https:\/\/stemeric.com\/hu\/wp-json\/wp\/v2\/posts"}],"about":[{"href":"https:\/\/stemeric.com\/hu\/wp-json\/wp\/v2\/types\/post"}],"author":[{"embeddable":true,"href":"https:\/\/stemeric.com\/hu\/wp-json\/wp\/v2\/users\/7"}],"replies":[{"embeddable":true,"href":"https:\/\/stemeric.com\/hu\/wp-json\/wp\/v2\/comments?post=8475"}],"version-history":[{"count":2,"href":"https:\/\/stemeric.com\/hu\/wp-json\/wp\/v2\/posts\/8475\/revisions"}],"predecessor-version":[{"id":8477,"href":"https:\/\/stemeric.com\/hu\/wp-json\/wp\/v2\/posts\/8475\/revisions\/8477"}],"wp:featuredmedia":[{"embeddable":true,"href":"https:\/\/stemeric.com\/hu\/wp-json\/wp\/v2\/media\/8471"}],"wp:attachment":[{"href":"https:\/\/stemeric.com\/hu\/wp-json\/wp\/v2\/media?parent=8475"}],"wp:term":[{"taxonomy":"category","embeddable":true,"href":"https:\/\/stemeric.com\/hu\/wp-json\/wp\/v2\/categories?post=8475"},{"taxonomy":"post_tag","embeddable":true,"href":"https:\/\/stemeric.com\/hu\/wp-json\/wp\/v2\/tags?post=8475"}],"curies":[{"name":"wp","href":"https:\/\/api.w.org\/{rel}","templated":true}]}}