{"id":915,"date":"2016-03-21T18:31:52","date_gmt":"2016-03-21T22:31:52","guid":{"rendered":"https:\/\/stemeric.com\/hu\/?p=915"},"modified":"2016-03-21T18:35:00","modified_gmt":"2016-03-21T22:35:00","slug":"nagyheti-szertartasok","status":"publish","type":"post","link":"https:\/\/stemeric.com\/hu\/nagyheti-szertartasok\/","title":{"rendered":"Nagyheti Szertart\u00e1sok"},"content":{"rendered":"<p><strong><u>NAGYHETI SZERTART\u00c1SOK A SZENT IMRE TEMPLOMBAN<\/u><\/strong><\/p>\n<p><a href=\"https:\/\/stemeric.com\/908\/krizma\/\" rel=\"attachment wp-att-909\"><img data-recalc-dims=\"1\" decoding=\"async\" class=\"alignnone size-full wp-image-909 lazyload\" data-src=\"https:\/\/i0.wp.com\/stemeric.com\/wp-content\/uploads\/2016\/03\/Krizma.jpg?resize=660%2C350&#038;ssl=1\" alt=\"Krizma\" width=\"660\" height=\"350\" data-srcset=\"https:\/\/i0.wp.com\/stemeric.com\/wp-content\/uploads\/2016\/03\/Krizma.jpg?w=660&amp;ssl=1 660w, https:\/\/i0.wp.com\/stemeric.com\/wp-content\/uploads\/2016\/03\/Krizma.jpg?resize=300%2C159&amp;ssl=1 300w\" data-sizes=\"(max-width: 660px) 100vw, 660px\" src=\"data:image\/svg+xml;base64,PHN2ZyB3aWR0aD0iMSIgaGVpZ2h0PSIxIiB4bWxucz0iaHR0cDovL3d3dy53My5vcmcvMjAwMC9zdmciPjwvc3ZnPg==\" style=\"--smush-placeholder-width: 660px; --smush-placeholder-aspect-ratio: 660\/350;\" \/><\/a><\/p>\n<p><strong><em><u>Kedd<\/u>:<\/em><\/strong><strong><em> 7PM Krizma mise a <span style=\"text-decoration: underline;\">Szent J\u00e1nos Sz\u00e9kesegyh\u00e1zban<\/span><\/em><\/strong><strong><em> \u2013 F\u0151celebr\u00e1ns: Ft. Richard G. Lennon p\u00fcsp\u00f6k, jelen lesznek a Clevelandi Egyh\u00e1zmegye papjai <\/em><\/strong><\/p>\n<p><a href=\"https:\/\/stemeric.com\/908\/utolso-vacsora\/\" rel=\"attachment wp-att-910\"><img data-recalc-dims=\"1\" decoding=\"async\" class=\"alignnone size-large wp-image-910 lazyload\" data-src=\"https:\/\/i0.wp.com\/stemeric.com\/wp-content\/uploads\/2016\/03\/Utols%C3%B3-vacsora.jpg?resize=800%2C504&#038;ssl=1\" alt=\"Utols\u00f3 vacsora\" width=\"800\" height=\"504\" data-srcset=\"https:\/\/i0.wp.com\/stemeric.com\/wp-content\/uploads\/2016\/03\/Utols%C3%B3-vacsora.jpg?w=800&amp;ssl=1 800w, https:\/\/i0.wp.com\/stemeric.com\/wp-content\/uploads\/2016\/03\/Utols%C3%B3-vacsora.jpg?resize=300%2C189&amp;ssl=1 300w, https:\/\/i0.wp.com\/stemeric.com\/wp-content\/uploads\/2016\/03\/Utols%C3%B3-vacsora.jpg?resize=768%2C484&amp;ssl=1 768w\" data-sizes=\"(max-width: 800px) 100vw, 800px\" src=\"data:image\/svg+xml;base64,PHN2ZyB3aWR0aD0iMSIgaGVpZ2h0PSIxIiB4bWxucz0iaHR0cDovL3d3dy53My5vcmcvMjAwMC9zdmciPjwvc3ZnPg==\" style=\"--smush-placeholder-width: 800px; --smush-placeholder-aspect-ratio: 800\/504;\" \/><\/a><\/p>\n<p>&nbsp;<\/p>\n<p><strong><em><u>Nagycs\u00fct\u00f6rt\u00f6k<\/u><\/em><\/strong><strong><em>:<\/em><\/strong><strong><em> 7PM Utols\u00f3 Vacsora eml\u00e9kmise, L\u00e1bmos\u00e1s szertart\u00e1sa, Olt\u00e1rfoszt\u00e1s, Virraszt\u00e1s<\/em><\/strong><\/p>\n<p><a href=\"https:\/\/stemeric.com\/908\/munkacsy_golgota\/\" rel=\"attachment wp-att-911\"><img data-recalc-dims=\"1\" decoding=\"async\" class=\"alignnone size-large wp-image-911 lazyload\" data-src=\"https:\/\/i0.wp.com\/stemeric.com\/wp-content\/uploads\/2016\/03\/Munk%C3%A1csy_Golgota.jpg?resize=800%2C492&#038;ssl=1\" alt=\"Munk\u00e1csy_Golgota\" width=\"800\" height=\"492\" data-srcset=\"https:\/\/i0.wp.com\/stemeric.com\/wp-content\/uploads\/2016\/03\/Munk%C3%A1csy_Golgota.jpg?w=800&amp;ssl=1 800w, https:\/\/i0.wp.com\/stemeric.com\/wp-content\/uploads\/2016\/03\/Munk%C3%A1csy_Golgota.jpg?resize=300%2C184&amp;ssl=1 300w, https:\/\/i0.wp.com\/stemeric.com\/wp-content\/uploads\/2016\/03\/Munk%C3%A1csy_Golgota.jpg?resize=768%2C472&amp;ssl=1 768w\" data-sizes=\"(max-width: 800px) 100vw, 800px\" src=\"data:image\/svg+xml;base64,PHN2ZyB3aWR0aD0iMSIgaGVpZ2h0PSIxIiB4bWxucz0iaHR0cDovL3d3dy53My5vcmcvMjAwMC9zdmciPjwvc3ZnPg==\" style=\"--smush-placeholder-width: 800px; --smush-placeholder-aspect-ratio: 800\/492;\" \/><\/a><\/p>\n<p><strong><u>Nagyp\u00e9ntek:<\/u><\/strong><strong> 3PM Kereszt\u00fat, Nagyp\u00e9nteki szertart\u00e1s \u2013 \u2018Csonka mise\u2019 7PM Igeliturgia, Urunk szenved\u00e9st\u00f6rt\u00e9nete, Keresztel\u0151tti h\u00f3dolat, Szent\u00e1ldoz\u00e1s, Virraszt\u00e1s <\/strong><\/p>\n<p><a href=\"https:\/\/stemeric.com\/908\/tuzszenteles\/\" rel=\"attachment wp-att-912\"><img data-recalc-dims=\"1\" decoding=\"async\" class=\"alignnone size-large wp-image-912 lazyload\" data-src=\"https:\/\/i0.wp.com\/stemeric.com\/wp-content\/uploads\/2016\/03\/T%C5%B1zszentel%C3%A9s.jpg?resize=800%2C483&#038;ssl=1\" alt=\"T\u0171zszentel\u00e9s\" width=\"800\" height=\"483\" data-srcset=\"https:\/\/i0.wp.com\/stemeric.com\/wp-content\/uploads\/2016\/03\/T%C5%B1zszentel%C3%A9s.jpg?w=800&amp;ssl=1 800w, https:\/\/i0.wp.com\/stemeric.com\/wp-content\/uploads\/2016\/03\/T%C5%B1zszentel%C3%A9s.jpg?resize=300%2C181&amp;ssl=1 300w, https:\/\/i0.wp.com\/stemeric.com\/wp-content\/uploads\/2016\/03\/T%C5%B1zszentel%C3%A9s.jpg?resize=768%2C464&amp;ssl=1 768w\" data-sizes=\"(max-width: 800px) 100vw, 800px\" src=\"data:image\/svg+xml;base64,PHN2ZyB3aWR0aD0iMSIgaGVpZ2h0PSIxIiB4bWxucz0iaHR0cDovL3d3dy53My5vcmcvMjAwMC9zdmciPjwvc3ZnPg==\" style=\"--smush-placeholder-width: 800px; --smush-placeholder-aspect-ratio: 800\/483;\" \/><\/a><\/p>\n<p><a href=\"https:\/\/stemeric.com\/908\/husveti-gyertya\/\" rel=\"attachment wp-att-913\"><img data-recalc-dims=\"1\" decoding=\"async\" class=\"alignnone size-large wp-image-913 lazyload\" data-src=\"https:\/\/i0.wp.com\/stemeric.com\/wp-content\/uploads\/2016\/03\/H%C3%BAsv%C3%A9ti-gyertya.jpg?resize=574%2C800&#038;ssl=1\" alt=\"H\u00fasv\u00e9ti gyertya\" width=\"574\" height=\"800\" data-srcset=\"https:\/\/i0.wp.com\/stemeric.com\/wp-content\/uploads\/2016\/03\/H%C3%BAsv%C3%A9ti-gyertya.jpg?w=574&amp;ssl=1 574w, https:\/\/i0.wp.com\/stemeric.com\/wp-content\/uploads\/2016\/03\/H%C3%BAsv%C3%A9ti-gyertya.jpg?resize=215%2C300&amp;ssl=1 215w\" data-sizes=\"(max-width: 574px) 100vw, 574px\" src=\"data:image\/svg+xml;base64,PHN2ZyB3aWR0aD0iMSIgaGVpZ2h0PSIxIiB4bWxucz0iaHR0cDovL3d3dy53My5vcmcvMjAwMC9zdmciPjwvc3ZnPg==\" style=\"--smush-placeholder-width: 574px; --smush-placeholder-aspect-ratio: 574\/800;\" \/><\/a><\/p>\n<p>&nbsp;<\/p>\n<p><strong><em><u>Nagyszombat<\/u>:<\/em><\/strong><strong><em> 7PM T\u0171zszentel\u00e9s, H\u00fasv\u00e9ti \u00f6r\u00f6m\u00e9nek, Igeliturgia, Kereszts\u00e9g liturgi\u00e1ja, V\u00edzszentel\u00e9s, Kereszts\u00e9gi fogad\u00e1s meg\u00faj\u00edt\u00e1sa, Eucharisztia, Felt\u00e1mad\u00e1s<\/em><\/strong><\/p>\n<p><a href=\"https:\/\/stemeric.com\/908\/feltamadas\/\" rel=\"attachment wp-att-914\"><img data-recalc-dims=\"1\" decoding=\"async\" class=\"alignnone size-large wp-image-914 lazyload\" data-src=\"https:\/\/i0.wp.com\/stemeric.com\/wp-content\/uploads\/2016\/03\/Felt%C3%A1mad%C3%A1s.jpg?resize=800%2C430&#038;ssl=1\" alt=\"Felt\u00e1mad\u00e1s\" width=\"800\" height=\"430\" data-srcset=\"https:\/\/i0.wp.com\/stemeric.com\/wp-content\/uploads\/2016\/03\/Felt%C3%A1mad%C3%A1s.jpg?w=800&amp;ssl=1 800w, https:\/\/i0.wp.com\/stemeric.com\/wp-content\/uploads\/2016\/03\/Felt%C3%A1mad%C3%A1s.jpg?resize=300%2C161&amp;ssl=1 300w, https:\/\/i0.wp.com\/stemeric.com\/wp-content\/uploads\/2016\/03\/Felt%C3%A1mad%C3%A1s.jpg?resize=768%2C413&amp;ssl=1 768w\" data-sizes=\"(max-width: 800px) 100vw, 800px\" src=\"data:image\/svg+xml;base64,PHN2ZyB3aWR0aD0iMSIgaGVpZ2h0PSIxIiB4bWxucz0iaHR0cDovL3d3dy53My5vcmcvMjAwMC9zdmciPjwvc3ZnPg==\" style=\"--smush-placeholder-width: 800px; --smush-placeholder-aspect-ratio: 800\/430;\" \/><\/a><\/p>\n<p><strong><u>H\u00fasv\u00e9t vas\u00e1rnap<\/u><\/strong><strong>:<\/strong><strong> 11AM \u00dcnnepi szentmise<\/strong><\/p>\n<p><strong><u>H\u00fasv\u00e9ti \u00e9telszentel\u00e9s<\/u><\/strong><strong>:<\/strong><strong> Szombaton a felt\u00e1mad\u00e1si szertart\u00e1s ut\u00e1n vagy vas\u00e1rnap az\u00a0\u00a0 <\/strong><\/p>\n<p><strong>\u00fcnnepi szentmise ut\u00e1n.<\/strong><\/p>\n","protected":false},"excerpt":{"rendered":"<p>NAGYHETI SZERTART\u00c1SOK A SZENT IMRE TEMPLOMBAN Kedd: 7PM Krizma mise a Szent J\u00e1nos Sz\u00e9kesegyh\u00e1zban \u2013 F\u0151celebr\u00e1ns: Ft. Richard G. Lennon p\u00fcsp\u00f6k, jelen lesznek a Clevelandi Egyh\u00e1zmegye papjai &nbsp; Nagycs\u00fct\u00f6rt\u00f6k: 7PM Utols\u00f3 Vacsora eml\u00e9kmise, L\u00e1bmos\u00e1s szertart\u00e1sa, Olt\u00e1rfoszt\u00e1s, Virraszt\u00e1s Nagyp\u00e9ntek: 3PM Kereszt\u00fat, Nagyp\u00e9nteki szertart\u00e1s \u2013 \u2018Csonka mise\u2019 7PM Igeliturgia, Urunk szenved\u00e9st\u00f6rt\u00e9nete, Keresztel\u0151tti h\u00f3dolat, Szent\u00e1ldoz\u00e1s, Virraszt\u00e1s &nbsp; Nagyszombat: [&hellip;]<\/p>\n","protected":false},"author":3,"featured_media":911,"comment_status":"open","ping_status":"open","sticky":false,"template":"","format":"standard","meta":{"jetpack_post_was_ever_published":false,"_jetpack_newsletter_access":"","_jetpack_dont_email_post_to_subs":false,"_jetpack_newsletter_tier_id":0,"_jetpack_memberships_contains_paywalled_content":false,"_jetpack_memberships_contains_paid_content":false,"footnotes":"","jetpack_publicize_message":"","jetpack_publicize_feature_enabled":true,"jetpack_social_post_already_shared":true,"jetpack_social_options":{"image_generator_settings":{"template":"highway","default_image_id":0,"font":"","enabled":false},"version":2}},"categories":[13],"tags":[],"class_list":["post-915","post","type-post","status-publish","format-standard","has-post-thumbnail","hentry","category-hirek"],"yoast_head":"<!-- This site is optimized with the Yoast SEO plugin v27.5 - https:\/\/yoast.com\/product\/yoast-seo-wordpress\/ -->\n<title>Nagyheti Szertart\u00e1sok - St. Emeric Church<\/title>\n<meta name=\"robots\" content=\"index, follow, max-snippet:-1, max-image-preview:large, max-video-preview:-1\" \/>\n<link rel=\"canonical\" href=\"https:\/\/stemeric.com\/908\/\" \/>\n<meta property=\"og:locale\" content=\"hu_HU\" \/>\n<meta property=\"og:type\" content=\"article\" \/>\n<meta property=\"og:title\" content=\"Nagyheti Szertart\u00e1sok - St. Emeric Church\" \/>\n<meta property=\"og:description\" content=\"NAGYHETI SZERTART\u00c1SOK A SZENT IMRE TEMPLOMBAN Kedd: 7PM Krizma mise a Szent J\u00e1nos Sz\u00e9kesegyh\u00e1zban \u2013 F\u0151celebr\u00e1ns: Ft. Richard G. Lennon p\u00fcsp\u00f6k, jelen lesznek a Clevelandi Egyh\u00e1zmegye papjai &nbsp; Nagycs\u00fct\u00f6rt\u00f6k: 7PM Utols\u00f3 Vacsora eml\u00e9kmise, L\u00e1bmos\u00e1s szertart\u00e1sa, Olt\u00e1rfoszt\u00e1s, Virraszt\u00e1s Nagyp\u00e9ntek: 3PM Kereszt\u00fat, Nagyp\u00e9nteki szertart\u00e1s \u2013 \u2018Csonka mise\u2019 7PM Igeliturgia, Urunk szenved\u00e9st\u00f6rt\u00e9nete, Keresztel\u0151tti h\u00f3dolat, Szent\u00e1ldoz\u00e1s, Virraszt\u00e1s &nbsp; Nagyszombat: [&hellip;]\" \/>\n<meta property=\"og:url\" content=\"https:\/\/stemeric.com\/908\/\" \/>\n<meta property=\"og:site_name\" content=\"St. Emeric Church\" \/>\n<meta property=\"article:publisher\" content=\"https:\/\/www.facebook.com\/saintemeric\" \/>\n<meta property=\"article:published_time\" content=\"2016-03-21T22:31:52+00:00\" \/>\n<meta property=\"article:modified_time\" content=\"2016-03-21T22:35:00+00:00\" \/>\n<meta property=\"og:image\" content=\"https:\/\/stemeric.com\/wp-content\/uploads\/2016\/03\/Munk\u00e1csy_Golgota.jpg\" \/>\n\t<meta property=\"og:image:width\" content=\"800\" \/>\n\t<meta property=\"og:image:height\" content=\"492\" \/>\n\t<meta property=\"og:image:type\" content=\"image\/jpeg\" \/>\n<meta name=\"author\" content=\"Fr. Andras Mezei\" \/>\n<meta name=\"twitter:card\" content=\"summary_large_image\" \/>\n<meta name=\"twitter:label1\" content=\"Szerz\u0151:\" \/>\n\t<meta name=\"twitter:data1\" content=\"Fr. Andras Mezei\" \/>\n\t<meta name=\"twitter:label2\" content=\"Becs\u00fclt olvas\u00e1si id\u0151\" \/>\n\t<meta name=\"twitter:data2\" content=\"1 perc\" \/>\n<script type=\"application\/ld+json\" class=\"yoast-schema-graph\">{\"@context\":\"https:\\\/\\\/schema.org\",\"@graph\":[{\"@type\":\"Article\",\"@id\":\"https:\\\/\\\/stemeric.com\\\/908\\\/#article\",\"isPartOf\":{\"@id\":\"https:\\\/\\\/stemeric.com\\\/908\\\/\"},\"author\":{\"name\":\"Fr. Andras Mezei\",\"@id\":\"https:\\\/\\\/stemeric.com\\\/#\\\/schema\\\/person\\\/a9129aeb3a3d72fc6b7a387c4252eeb7\"},\"headline\":\"Nagyheti Szertart\u00e1sok\",\"datePublished\":\"2016-03-21T22:31:52+00:00\",\"dateModified\":\"2016-03-21T22:35:00+00:00\",\"mainEntityOfPage\":{\"@id\":\"https:\\\/\\\/stemeric.com\\\/908\\\/\"},\"wordCount\":147,\"commentCount\":0,\"publisher\":{\"@id\":\"https:\\\/\\\/stemeric.com\\\/#organization\"},\"image\":{\"@id\":\"https:\\\/\\\/stemeric.com\\\/908\\\/#primaryimage\"},\"thumbnailUrl\":\"https:\\\/\\\/i0.wp.com\\\/stemeric.com\\\/wp-content\\\/uploads\\\/2016\\\/03\\\/Munk%C3%A1csy_Golgota.jpg?fit=800%2C492&ssl=1\",\"articleSection\":[\"H\u00edrek\"],\"inLanguage\":\"hu\",\"potentialAction\":[{\"@type\":\"CommentAction\",\"name\":\"Comment\",\"target\":[\"https:\\\/\\\/stemeric.com\\\/908\\\/#respond\"]}]},{\"@type\":\"WebPage\",\"@id\":\"https:\\\/\\\/stemeric.com\\\/908\\\/\",\"url\":\"https:\\\/\\\/stemeric.com\\\/908\\\/\",\"name\":\"Nagyheti Szertart\u00e1sok - St. Emeric Church\",\"isPartOf\":{\"@id\":\"https:\\\/\\\/stemeric.com\\\/#website\"},\"primaryImageOfPage\":{\"@id\":\"https:\\\/\\\/stemeric.com\\\/908\\\/#primaryimage\"},\"image\":{\"@id\":\"https:\\\/\\\/stemeric.com\\\/908\\\/#primaryimage\"},\"thumbnailUrl\":\"https:\\\/\\\/i0.wp.com\\\/stemeric.com\\\/wp-content\\\/uploads\\\/2016\\\/03\\\/Munk%C3%A1csy_Golgota.jpg?fit=800%2C492&ssl=1\",\"datePublished\":\"2016-03-21T22:31:52+00:00\",\"dateModified\":\"2016-03-21T22:35:00+00:00\",\"breadcrumb\":{\"@id\":\"https:\\\/\\\/stemeric.com\\\/908\\\/#breadcrumb\"},\"inLanguage\":\"hu\",\"potentialAction\":[{\"@type\":\"ReadAction\",\"target\":[\"https:\\\/\\\/stemeric.com\\\/908\\\/\"]}]},{\"@type\":\"ImageObject\",\"inLanguage\":\"hu\",\"@id\":\"https:\\\/\\\/stemeric.com\\\/908\\\/#primaryimage\",\"url\":\"https:\\\/\\\/i0.wp.com\\\/stemeric.com\\\/wp-content\\\/uploads\\\/2016\\\/03\\\/Munk%C3%A1csy_Golgota.jpg?fit=800%2C492&ssl=1\",\"contentUrl\":\"https:\\\/\\\/i0.wp.com\\\/stemeric.com\\\/wp-content\\\/uploads\\\/2016\\\/03\\\/Munk%C3%A1csy_Golgota.jpg?fit=800%2C492&ssl=1\",\"width\":800,\"height\":492},{\"@type\":\"BreadcrumbList\",\"@id\":\"https:\\\/\\\/stemeric.com\\\/908\\\/#breadcrumb\",\"itemListElement\":[{\"@type\":\"ListItem\",\"position\":1,\"name\":\"Home\",\"item\":\"https:\\\/\\\/stemeric.com\\\/hu\\\/\"},{\"@type\":\"ListItem\",\"position\":2,\"name\":\"Nagyheti Szertart\u00e1sok\"}]},{\"@type\":\"WebSite\",\"@id\":\"https:\\\/\\\/stemeric.com\\\/#website\",\"url\":\"https:\\\/\\\/stemeric.com\\\/\",\"name\":\"St. Emeric Church\",\"description\":\"Szent Imre R\u00f3mai Katolikus Magyar Egyh\u00e1zk\u00f6zs\u00e9g\",\"publisher\":{\"@id\":\"https:\\\/\\\/stemeric.com\\\/#organization\"},\"potentialAction\":[{\"@type\":\"SearchAction\",\"target\":{\"@type\":\"EntryPoint\",\"urlTemplate\":\"https:\\\/\\\/stemeric.com\\\/?s={search_term_string}\"},\"query-input\":{\"@type\":\"PropertyValueSpecification\",\"valueRequired\":true,\"valueName\":\"search_term_string\"}}],\"inLanguage\":\"hu\"},{\"@type\":\"Organization\",\"@id\":\"https:\\\/\\\/stemeric.com\\\/#organization\",\"name\":\"St. Emeric Church\",\"url\":\"https:\\\/\\\/stemeric.com\\\/\",\"logo\":{\"@type\":\"ImageObject\",\"inLanguage\":\"hu\",\"@id\":\"https:\\\/\\\/stemeric.com\\\/#\\\/schema\\\/logo\\\/image\\\/\",\"url\":\"https:\\\/\\\/stemeric.com\\\/wp-content\\\/uploads\\\/2015\\\/11\\\/SzentImre4.png\",\"contentUrl\":\"https:\\\/\\\/stemeric.com\\\/wp-content\\\/uploads\\\/2015\\\/11\\\/SzentImre4.png\",\"width\":800,\"height\":167,\"caption\":\"St. Emeric Church\"},\"image\":{\"@id\":\"https:\\\/\\\/stemeric.com\\\/#\\\/schema\\\/logo\\\/image\\\/\"},\"sameAs\":[\"https:\\\/\\\/www.facebook.com\\\/saintemeric\"]},{\"@type\":\"Person\",\"@id\":\"https:\\\/\\\/stemeric.com\\\/#\\\/schema\\\/person\\\/a9129aeb3a3d72fc6b7a387c4252eeb7\",\"name\":\"Fr. Andras Mezei\",\"image\":{\"@type\":\"ImageObject\",\"inLanguage\":\"hu\",\"@id\":\"https:\\\/\\\/secure.gravatar.com\\\/avatar\\\/f2d48dce47b76c650bfce345a02e13ea58588c82f63ca35fd6d53776005ab90a?s=96&d=mm&r=g\",\"url\":\"https:\\\/\\\/secure.gravatar.com\\\/avatar\\\/f2d48dce47b76c650bfce345a02e13ea58588c82f63ca35fd6d53776005ab90a?s=96&d=mm&r=g\",\"contentUrl\":\"https:\\\/\\\/secure.gravatar.com\\\/avatar\\\/f2d48dce47b76c650bfce345a02e13ea58588c82f63ca35fd6d53776005ab90a?s=96&d=mm&r=g\",\"caption\":\"Fr. Andras Mezei\"},\"url\":\"https:\\\/\\\/stemeric.com\\\/hu\\\/author\\\/mezeiandras\\\/\"}]}<\/script>\n<!-- \/ Yoast SEO plugin. -->","yoast_head_json":{"title":"Nagyheti Szertart\u00e1sok - St. Emeric Church","robots":{"index":"index","follow":"follow","max-snippet":"max-snippet:-1","max-image-preview":"max-image-preview:large","max-video-preview":"max-video-preview:-1"},"canonical":"https:\/\/stemeric.com\/908\/","og_locale":"hu_HU","og_type":"article","og_title":"Nagyheti Szertart\u00e1sok - St. Emeric Church","og_description":"NAGYHETI SZERTART\u00c1SOK A SZENT IMRE TEMPLOMBAN Kedd: 7PM Krizma mise a Szent J\u00e1nos Sz\u00e9kesegyh\u00e1zban \u2013 F\u0151celebr\u00e1ns: Ft. Richard G. Lennon p\u00fcsp\u00f6k, jelen lesznek a Clevelandi Egyh\u00e1zmegye papjai &nbsp; Nagycs\u00fct\u00f6rt\u00f6k: 7PM Utols\u00f3 Vacsora eml\u00e9kmise, L\u00e1bmos\u00e1s szertart\u00e1sa, Olt\u00e1rfoszt\u00e1s, Virraszt\u00e1s Nagyp\u00e9ntek: 3PM Kereszt\u00fat, Nagyp\u00e9nteki szertart\u00e1s \u2013 \u2018Csonka mise\u2019 7PM Igeliturgia, Urunk szenved\u00e9st\u00f6rt\u00e9nete, Keresztel\u0151tti h\u00f3dolat, Szent\u00e1ldoz\u00e1s, Virraszt\u00e1s &nbsp; Nagyszombat: [&hellip;]","og_url":"https:\/\/stemeric.com\/908\/","og_site_name":"St. Emeric Church","article_publisher":"https:\/\/www.facebook.com\/saintemeric","article_published_time":"2016-03-21T22:31:52+00:00","article_modified_time":"2016-03-21T22:35:00+00:00","og_image":[{"width":800,"height":492,"url":"https:\/\/stemeric.com\/wp-content\/uploads\/2016\/03\/Munk\u00e1csy_Golgota.jpg","type":"image\/jpeg"}],"author":"Fr. Andras Mezei","twitter_card":"summary_large_image","twitter_misc":{"Szerz\u0151:":"Fr. Andras Mezei","Becs\u00fclt olvas\u00e1si id\u0151":"1 perc"},"schema":{"@context":"https:\/\/schema.org","@graph":[{"@type":"Article","@id":"https:\/\/stemeric.com\/908\/#article","isPartOf":{"@id":"https:\/\/stemeric.com\/908\/"},"author":{"name":"Fr. Andras Mezei","@id":"https:\/\/stemeric.com\/#\/schema\/person\/a9129aeb3a3d72fc6b7a387c4252eeb7"},"headline":"Nagyheti Szertart\u00e1sok","datePublished":"2016-03-21T22:31:52+00:00","dateModified":"2016-03-21T22:35:00+00:00","mainEntityOfPage":{"@id":"https:\/\/stemeric.com\/908\/"},"wordCount":147,"commentCount":0,"publisher":{"@id":"https:\/\/stemeric.com\/#organization"},"image":{"@id":"https:\/\/stemeric.com\/908\/#primaryimage"},"thumbnailUrl":"https:\/\/i0.wp.com\/stemeric.com\/wp-content\/uploads\/2016\/03\/Munk%C3%A1csy_Golgota.jpg?fit=800%2C492&ssl=1","articleSection":["H\u00edrek"],"inLanguage":"hu","potentialAction":[{"@type":"CommentAction","name":"Comment","target":["https:\/\/stemeric.com\/908\/#respond"]}]},{"@type":"WebPage","@id":"https:\/\/stemeric.com\/908\/","url":"https:\/\/stemeric.com\/908\/","name":"Nagyheti Szertart\u00e1sok - St. Emeric Church","isPartOf":{"@id":"https:\/\/stemeric.com\/#website"},"primaryImageOfPage":{"@id":"https:\/\/stemeric.com\/908\/#primaryimage"},"image":{"@id":"https:\/\/stemeric.com\/908\/#primaryimage"},"thumbnailUrl":"https:\/\/i0.wp.com\/stemeric.com\/wp-content\/uploads\/2016\/03\/Munk%C3%A1csy_Golgota.jpg?fit=800%2C492&ssl=1","datePublished":"2016-03-21T22:31:52+00:00","dateModified":"2016-03-21T22:35:00+00:00","breadcrumb":{"@id":"https:\/\/stemeric.com\/908\/#breadcrumb"},"inLanguage":"hu","potentialAction":[{"@type":"ReadAction","target":["https:\/\/stemeric.com\/908\/"]}]},{"@type":"ImageObject","inLanguage":"hu","@id":"https:\/\/stemeric.com\/908\/#primaryimage","url":"https:\/\/i0.wp.com\/stemeric.com\/wp-content\/uploads\/2016\/03\/Munk%C3%A1csy_Golgota.jpg?fit=800%2C492&ssl=1","contentUrl":"https:\/\/i0.wp.com\/stemeric.com\/wp-content\/uploads\/2016\/03\/Munk%C3%A1csy_Golgota.jpg?fit=800%2C492&ssl=1","width":800,"height":492},{"@type":"BreadcrumbList","@id":"https:\/\/stemeric.com\/908\/#breadcrumb","itemListElement":[{"@type":"ListItem","position":1,"name":"Home","item":"https:\/\/stemeric.com\/hu\/"},{"@type":"ListItem","position":2,"name":"Nagyheti Szertart\u00e1sok"}]},{"@type":"WebSite","@id":"https:\/\/stemeric.com\/#website","url":"https:\/\/stemeric.com\/","name":"St. Emeric Church","description":"Szent Imre R\u00f3mai Katolikus Magyar Egyh\u00e1zk\u00f6zs\u00e9g","publisher":{"@id":"https:\/\/stemeric.com\/#organization"},"potentialAction":[{"@type":"SearchAction","target":{"@type":"EntryPoint","urlTemplate":"https:\/\/stemeric.com\/?s={search_term_string}"},"query-input":{"@type":"PropertyValueSpecification","valueRequired":true,"valueName":"search_term_string"}}],"inLanguage":"hu"},{"@type":"Organization","@id":"https:\/\/stemeric.com\/#organization","name":"St. Emeric Church","url":"https:\/\/stemeric.com\/","logo":{"@type":"ImageObject","inLanguage":"hu","@id":"https:\/\/stemeric.com\/#\/schema\/logo\/image\/","url":"https:\/\/stemeric.com\/wp-content\/uploads\/2015\/11\/SzentImre4.png","contentUrl":"https:\/\/stemeric.com\/wp-content\/uploads\/2015\/11\/SzentImre4.png","width":800,"height":167,"caption":"St. Emeric Church"},"image":{"@id":"https:\/\/stemeric.com\/#\/schema\/logo\/image\/"},"sameAs":["https:\/\/www.facebook.com\/saintemeric"]},{"@type":"Person","@id":"https:\/\/stemeric.com\/#\/schema\/person\/a9129aeb3a3d72fc6b7a387c4252eeb7","name":"Fr. Andras Mezei","image":{"@type":"ImageObject","inLanguage":"hu","@id":"https:\/\/secure.gravatar.com\/avatar\/f2d48dce47b76c650bfce345a02e13ea58588c82f63ca35fd6d53776005ab90a?s=96&d=mm&r=g","url":"https:\/\/secure.gravatar.com\/avatar\/f2d48dce47b76c650bfce345a02e13ea58588c82f63ca35fd6d53776005ab90a?s=96&d=mm&r=g","contentUrl":"https:\/\/secure.gravatar.com\/avatar\/f2d48dce47b76c650bfce345a02e13ea58588c82f63ca35fd6d53776005ab90a?s=96&d=mm&r=g","caption":"Fr. Andras Mezei"},"url":"https:\/\/stemeric.com\/hu\/author\/mezeiandras\/"}]}},"jetpack_publicize_connections":[],"jetpack_featured_media_url":"https:\/\/i0.wp.com\/stemeric.com\/wp-content\/uploads\/2016\/03\/Munk%C3%A1csy_Golgota.jpg?fit=800%2C492&ssl=1","jetpack_sharing_enabled":true,"jetpack_shortlink":"https:\/\/wp.me\/pffxLh-eL","_links":{"self":[{"href":"https:\/\/stemeric.com\/hu\/wp-json\/wp\/v2\/posts\/915","targetHints":{"allow":["GET"]}}],"collection":[{"href":"https:\/\/stemeric.com\/hu\/wp-json\/wp\/v2\/posts"}],"about":[{"href":"https:\/\/stemeric.com\/hu\/wp-json\/wp\/v2\/types\/post"}],"author":[{"embeddable":true,"href":"https:\/\/stemeric.com\/hu\/wp-json\/wp\/v2\/users\/3"}],"replies":[{"embeddable":true,"href":"https:\/\/stemeric.com\/hu\/wp-json\/wp\/v2\/comments?post=915"}],"version-history":[{"count":0,"href":"https:\/\/stemeric.com\/hu\/wp-json\/wp\/v2\/posts\/915\/revisions"}],"wp:featuredmedia":[{"embeddable":true,"href":"https:\/\/stemeric.com\/hu\/wp-json\/wp\/v2\/media\/911"}],"wp:attachment":[{"href":"https:\/\/stemeric.com\/hu\/wp-json\/wp\/v2\/media?parent=915"}],"wp:term":[{"taxonomy":"category","embeddable":true,"href":"https:\/\/stemeric.com\/hu\/wp-json\/wp\/v2\/categories?post=915"},{"taxonomy":"post_tag","embeddable":true,"href":"https:\/\/stemeric.com\/hu\/wp-json\/wp\/v2\/tags?post=915"}],"curies":[{"name":"wp","href":"https:\/\/api.w.org\/{rel}","templated":true}]}}